{"id":11381,"date":"2025-11-23T17:14:54","date_gmt":"2025-11-23T16:14:54","guid":{"rendered":"https:\/\/krkavolley.si\/site\/?p=11381"},"modified":"2025-11-23T17:19:28","modified_gmt":"2025-11-23T16:19:28","slug":"krka-ii-v-crnucah-do-bolecega-poraza","status":"publish","type":"post","link":"https:\/\/krkavolley.si\/site\/2025\/11\/23\/krka-ii-v-crnucah-do-bolecega-poraza\/","title":{"rendered":"Krka II v \u010crnu\u010dah do\u017eivela bole\u010d poraz"},"content":{"rendered":"\n<p>V\u010deraj je na\u0161a druga \u010dlanska ekipa Krka II v \u010crnu\u010dah odigrala tekmo 6. kroga 2. dr\u017eavne odbojkarske lige. Pomerili so se z ekipo \u010crnu\u010de mladi, katera sicer zaseda zadnje mesto na lestvici. Doma\u010dini so pokazali precej ve\u010d \u017eelje in, presenetljivo, v treh nizih slavili svojo drugo zmago v leto\u0161nji sezoni. Krka II tako ostaja pri treh zmagah in osmih osvojenih to\u010dkah, s \u010dimer trenutno zaseda \u010detrto mesto. Krka bo prihodnjo soboto v dvorani O\u0160 Br\u0161ljin gostila Korvolley Mislinjo.<\/p>\n\n\n\n<p class=\"has-text-align-center\">2. DOL, 6. krog<br><strong>\u010crnu\u010de mladi &#8211; Krka II <\/strong><br>3:0 (26, 15, 16)<\/p>\n\n\n\n<p>Varovanci Kre\u0161imirja Peri\u0107a so imeli dobro prilo\u017enost le v prvem nizu, ki so ga naposled izgubili na 26. to\u010dki. Pozneje se je igra Novome\u0161\u010danov razpadla, tako da so v drugem in tretjem nizu zmogli 15 oziroma 16 to\u010dk. Zmaga je tako ve\u010d kot zaslu\u017eeno pripadla mladim \u010crnu\u010danom.<\/p>\n\n\n\n<figure class=\"wp-block-image size-large\"><img loading=\"lazy\" decoding=\"async\" width=\"1024\" height=\"610\" src=\"https:\/\/krkavolley.si\/site\/wp-content\/uploads\/2025\/11\/krkaii_crnuce-1024x610.jpeg\" alt=\"\" class=\"wp-image-11382\" srcset=\"https:\/\/krkavolley.si\/site\/wp-content\/uploads\/2025\/11\/krkaii_crnuce-1024x610.jpeg 1024w, https:\/\/krkavolley.si\/site\/wp-content\/uploads\/2025\/11\/krkaii_crnuce-300x179.jpeg 300w, https:\/\/krkavolley.si\/site\/wp-content\/uploads\/2025\/11\/krkaii_crnuce-768x458.jpeg 768w, https:\/\/krkavolley.si\/site\/wp-content\/uploads\/2025\/11\/krkaii_crnuce-1536x916.jpeg 1536w, https:\/\/krkavolley.si\/site\/wp-content\/uploads\/2025\/11\/krkaii_crnuce-1200x715.jpeg 1200w, https:\/\/krkavolley.si\/site\/wp-content\/uploads\/2025\/11\/krkaii_crnuce.jpeg 2040w\" sizes=\"auto, (max-width: 1024px) 100vw, 1024px\" \/><\/figure>\n","protected":false},"excerpt":{"rendered":"<p>V\u010deraj je na\u0161a druga \u010dlanska ekipa Krka II v \u010crnu\u010dah odigrala tekmo 6. kroga 2. dr\u017eavne odbojkarske lige. Pomerili so se z ekipo \u010crnu\u010de mladi, katera sicer zaseda zadnje mesto&hellip; <\/p>\n<p class=\"chuchadon-read-more\"><a href=\"https:\/\/krkavolley.si\/site\/2025\/11\/23\/krka-ii-v-crnucah-do-bolecega-poraza\/\" class=\"more-link\">Beri dalje&#8230;<\/a><\/p>\n","protected":false},"author":1,"featured_media":11382,"comment_status":"closed","ping_status":"closed","sticky":false,"template":"","format":"standard","meta":{"footnotes":""},"categories":[380,377],"tags":[102],"class_list":["post-11381","post","type-post","status-publish","format-standard","has-post-thumbnail","category-2-dol","category-2025-2026","tag-crnuce","entry"],"yoast_head":"<!-- This site is optimized with the Yoast SEO plugin v26.6 - https:\/\/yoast.com\/wordpress\/plugins\/seo\/ -->\n<title>Krka II v \u010crnu\u010dah do\u017eivela bole\u010d poraz - MOK Krka<\/title>\n<meta name=\"robots\" content=\"index, follow, max-snippet:-1, max-image-preview:large, max-video-preview:-1\" \/>\n<link rel=\"canonical\" href=\"https:\/\/krkavolley.si\/site\/2025\/11\/23\/krka-ii-v-crnucah-do-bolecega-poraza\/\" \/>\n<meta property=\"og:locale\" content=\"sl_SI\" \/>\n<meta property=\"og:type\" content=\"article\" \/>\n<meta property=\"og:title\" content=\"Krka II v \u010crnu\u010dah do\u017eivela bole\u010d poraz - MOK Krka\" \/>\n<meta property=\"og:description\" content=\"V\u010deraj je na\u0161a druga \u010dlanska ekipa Krka II v \u010crnu\u010dah odigrala tekmo 6. kroga 2. dr\u017eavne odbojkarske lige. Pomerili so se z ekipo \u010crnu\u010de mladi, katera sicer zaseda zadnje mesto&hellip; Beri dalje...\" \/>\n<meta property=\"og:url\" content=\"https:\/\/krkavolley.si\/site\/2025\/11\/23\/krka-ii-v-crnucah-do-bolecega-poraza\/\" \/>\n<meta property=\"og:site_name\" content=\"Mo\u0161ki odbojkarski klub Krka\" \/>\n<meta property=\"article:publisher\" content=\"https:\/\/www.facebook.com\/krkavolley\/\" \/>\n<meta property=\"article:published_time\" content=\"2025-11-23T16:14:54+00:00\" \/>\n<meta property=\"article:modified_time\" content=\"2025-11-23T16:19:28+00:00\" \/>\n<meta property=\"og:image\" content=\"https:\/\/krkavolley.si\/site\/wp-content\/uploads\/2025\/11\/krkaii_crnuce.jpeg\" \/>\n\t<meta property=\"og:image:width\" content=\"2040\" \/>\n\t<meta property=\"og:image:height\" content=\"1216\" \/>\n\t<meta property=\"og:image:type\" content=\"image\/jpeg\" \/>\n<meta name=\"author\" content=\"mokkrka\" \/>\n<meta name=\"twitter:card\" content=\"summary_large_image\" \/>\n<meta name=\"twitter:label1\" content=\"Written by\" \/>\n\t<meta name=\"twitter:data1\" content=\"mokkrka\" \/>\n\t<meta name=\"twitter:label2\" content=\"Est. reading time\" \/>\n\t<meta name=\"twitter:data2\" content=\"1 minuta\" \/>\n<script type=\"application\/ld+json\" class=\"yoast-schema-graph\">{\"@context\":\"https:\/\/schema.org\",\"@graph\":[{\"@type\":\"Article\",\"@id\":\"https:\/\/krkavolley.si\/site\/2025\/11\/23\/krka-ii-v-crnucah-do-bolecega-poraza\/#article\",\"isPartOf\":{\"@id\":\"https:\/\/krkavolley.si\/site\/2025\/11\/23\/krka-ii-v-crnucah-do-bolecega-poraza\/\"},\"author\":{\"name\":\"mokkrka\",\"@id\":\"https:\/\/krkavolley.si\/site\/#\/schema\/person\/534ee01c931f76708377719fa8dba01a\"},\"headline\":\"Krka II v \u010crnu\u010dah do\u017eivela bole\u010d poraz\",\"datePublished\":\"2025-11-23T16:14:54+00:00\",\"dateModified\":\"2025-11-23T16:19:28+00:00\",\"mainEntityOfPage\":{\"@id\":\"https:\/\/krkavolley.si\/site\/2025\/11\/23\/krka-ii-v-crnucah-do-bolecega-poraza\/\"},\"wordCount\":154,\"publisher\":{\"@id\":\"https:\/\/krkavolley.si\/site\/#organization\"},\"image\":{\"@id\":\"https:\/\/krkavolley.si\/site\/2025\/11\/23\/krka-ii-v-crnucah-do-bolecega-poraza\/#primaryimage\"},\"thumbnailUrl\":\"https:\/\/krkavolley.si\/site\/wp-content\/uploads\/2025\/11\/krkaii_crnuce.jpeg\",\"keywords\":[\"\u010drnu\u010de\"],\"articleSection\":[\"2. DOL\",\"2025\/2026\"],\"inLanguage\":\"sl-SI\"},{\"@type\":\"WebPage\",\"@id\":\"https:\/\/krkavolley.si\/site\/2025\/11\/23\/krka-ii-v-crnucah-do-bolecega-poraza\/\",\"url\":\"https:\/\/krkavolley.si\/site\/2025\/11\/23\/krka-ii-v-crnucah-do-bolecega-poraza\/\",\"name\":\"Krka II v \u010crnu\u010dah do\u017eivela bole\u010d poraz - MOK Krka\",\"isPartOf\":{\"@id\":\"https:\/\/krkavolley.si\/site\/#website\"},\"primaryImageOfPage\":{\"@id\":\"https:\/\/krkavolley.si\/site\/2025\/11\/23\/krka-ii-v-crnucah-do-bolecega-poraza\/#primaryimage\"},\"image\":{\"@id\":\"https:\/\/krkavolley.si\/site\/2025\/11\/23\/krka-ii-v-crnucah-do-bolecega-poraza\/#primaryimage\"},\"thumbnailUrl\":\"https:\/\/krkavolley.si\/site\/wp-content\/uploads\/2025\/11\/krkaii_crnuce.jpeg\",\"datePublished\":\"2025-11-23T16:14:54+00:00\",\"dateModified\":\"2025-11-23T16:19:28+00:00\",\"breadcrumb\":{\"@id\":\"https:\/\/krkavolley.si\/site\/2025\/11\/23\/krka-ii-v-crnucah-do-bolecega-poraza\/#breadcrumb\"},\"inLanguage\":\"sl-SI\",\"potentialAction\":[{\"@type\":\"ReadAction\",\"target\":[\"https:\/\/krkavolley.si\/site\/2025\/11\/23\/krka-ii-v-crnucah-do-bolecega-poraza\/\"]}]},{\"@type\":\"ImageObject\",\"inLanguage\":\"sl-SI\",\"@id\":\"https:\/\/krkavolley.si\/site\/2025\/11\/23\/krka-ii-v-crnucah-do-bolecega-poraza\/#primaryimage\",\"url\":\"https:\/\/krkavolley.si\/site\/wp-content\/uploads\/2025\/11\/krkaii_crnuce.jpeg\",\"contentUrl\":\"https:\/\/krkavolley.si\/site\/wp-content\/uploads\/2025\/11\/krkaii_crnuce.jpeg\",\"width\":2040,\"height\":1216},{\"@type\":\"BreadcrumbList\",\"@id\":\"https:\/\/krkavolley.si\/site\/2025\/11\/23\/krka-ii-v-crnucah-do-bolecega-poraza\/#breadcrumb\",\"itemListElement\":[{\"@type\":\"ListItem\",\"position\":1,\"name\":\"Home\",\"item\":\"https:\/\/krkavolley.si\/site\/\"},{\"@type\":\"ListItem\",\"position\":2,\"name\":\"Krka II v \u010crnu\u010dah do\u017eivela bole\u010d poraz\"}]},{\"@type\":\"WebSite\",\"@id\":\"https:\/\/krkavolley.si\/site\/#website\",\"url\":\"https:\/\/krkavolley.si\/site\/\",\"name\":\"Mo\u0161ki odbojkarski klub Krka\",\"description\":\"Novo mesto\",\"publisher\":{\"@id\":\"https:\/\/krkavolley.si\/site\/#organization\"},\"potentialAction\":[{\"@type\":\"SearchAction\",\"target\":{\"@type\":\"EntryPoint\",\"urlTemplate\":\"https:\/\/krkavolley.si\/site\/?s={search_term_string}\"},\"query-input\":{\"@type\":\"PropertyValueSpecification\",\"valueRequired\":true,\"valueName\":\"search_term_string\"}}],\"inLanguage\":\"sl-SI\"},{\"@type\":\"Organization\",\"@id\":\"https:\/\/krkavolley.si\/site\/#organization\",\"name\":\"Mo\u0161ki odbojkarski klub Krka\",\"url\":\"https:\/\/krkavolley.si\/site\/\",\"logo\":{\"@type\":\"ImageObject\",\"inLanguage\":\"sl-SI\",\"@id\":\"https:\/\/krkavolley.si\/site\/#\/schema\/logo\/image\/\",\"url\":\"https:\/\/krkavolley.si\/site\/wp-content\/uploads\/2017\/03\/mok_krka_squared.jpg\",\"contentUrl\":\"https:\/\/krkavolley.si\/site\/wp-content\/uploads\/2017\/03\/mok_krka_squared.jpg\",\"width\":500,\"height\":500,\"caption\":\"Mo\u0161ki odbojkarski klub Krka\"},\"image\":{\"@id\":\"https:\/\/krkavolley.si\/site\/#\/schema\/logo\/image\/\"},\"sameAs\":[\"https:\/\/www.facebook.com\/krkavolley\/\",\"https:\/\/www.youtube.com\/channel\/UC-9mw6XzAdOheQVW-nJxBDg\"]},{\"@type\":\"Person\",\"@id\":\"https:\/\/krkavolley.si\/site\/#\/schema\/person\/534ee01c931f76708377719fa8dba01a\",\"name\":\"mokkrka\",\"image\":{\"@type\":\"ImageObject\",\"inLanguage\":\"sl-SI\",\"@id\":\"https:\/\/krkavolley.si\/site\/#\/schema\/person\/image\/\",\"url\":\"https:\/\/secure.gravatar.com\/avatar\/47a045e234f1661f7ec6f2ebf50b4de78c561f36cd8df312c2474dc659604592?s=96&d=mm&r=g\",\"contentUrl\":\"https:\/\/secure.gravatar.com\/avatar\/47a045e234f1661f7ec6f2ebf50b4de78c561f36cd8df312c2474dc659604592?s=96&d=mm&r=g\",\"caption\":\"mokkrka\"},\"url\":\"https:\/\/krkavolley.si\/site\/author\/mokkrka\/\"}]}<\/script>\n<!-- \/ Yoast SEO plugin. -->","yoast_head_json":{"title":"Krka II v \u010crnu\u010dah do\u017eivela bole\u010d poraz - MOK Krka","robots":{"index":"index","follow":"follow","max-snippet":"max-snippet:-1","max-image-preview":"max-image-preview:large","max-video-preview":"max-video-preview:-1"},"canonical":"https:\/\/krkavolley.si\/site\/2025\/11\/23\/krka-ii-v-crnucah-do-bolecega-poraza\/","og_locale":"sl_SI","og_type":"article","og_title":"Krka II v \u010crnu\u010dah do\u017eivela bole\u010d poraz - MOK Krka","og_description":"V\u010deraj je na\u0161a druga \u010dlanska ekipa Krka II v \u010crnu\u010dah odigrala tekmo 6. kroga 2. dr\u017eavne odbojkarske lige. Pomerili so se z ekipo \u010crnu\u010de mladi, katera sicer zaseda zadnje mesto&hellip; Beri dalje...","og_url":"https:\/\/krkavolley.si\/site\/2025\/11\/23\/krka-ii-v-crnucah-do-bolecega-poraza\/","og_site_name":"Mo\u0161ki odbojkarski klub Krka","article_publisher":"https:\/\/www.facebook.com\/krkavolley\/","article_published_time":"2025-11-23T16:14:54+00:00","article_modified_time":"2025-11-23T16:19:28+00:00","og_image":[{"width":2040,"height":1216,"url":"https:\/\/krkavolley.si\/site\/wp-content\/uploads\/2025\/11\/krkaii_crnuce.jpeg","type":"image\/jpeg"}],"author":"mokkrka","twitter_card":"summary_large_image","twitter_misc":{"Written by":"mokkrka","Est. reading time":"1 minuta"},"schema":{"@context":"https:\/\/schema.org","@graph":[{"@type":"Article","@id":"https:\/\/krkavolley.si\/site\/2025\/11\/23\/krka-ii-v-crnucah-do-bolecega-poraza\/#article","isPartOf":{"@id":"https:\/\/krkavolley.si\/site\/2025\/11\/23\/krka-ii-v-crnucah-do-bolecega-poraza\/"},"author":{"name":"mokkrka","@id":"https:\/\/krkavolley.si\/site\/#\/schema\/person\/534ee01c931f76708377719fa8dba01a"},"headline":"Krka II v \u010crnu\u010dah do\u017eivela bole\u010d poraz","datePublished":"2025-11-23T16:14:54+00:00","dateModified":"2025-11-23T16:19:28+00:00","mainEntityOfPage":{"@id":"https:\/\/krkavolley.si\/site\/2025\/11\/23\/krka-ii-v-crnucah-do-bolecega-poraza\/"},"wordCount":154,"publisher":{"@id":"https:\/\/krkavolley.si\/site\/#organization"},"image":{"@id":"https:\/\/krkavolley.si\/site\/2025\/11\/23\/krka-ii-v-crnucah-do-bolecega-poraza\/#primaryimage"},"thumbnailUrl":"https:\/\/krkavolley.si\/site\/wp-content\/uploads\/2025\/11\/krkaii_crnuce.jpeg","keywords":["\u010drnu\u010de"],"articleSection":["2. DOL","2025\/2026"],"inLanguage":"sl-SI"},{"@type":"WebPage","@id":"https:\/\/krkavolley.si\/site\/2025\/11\/23\/krka-ii-v-crnucah-do-bolecega-poraza\/","url":"https:\/\/krkavolley.si\/site\/2025\/11\/23\/krka-ii-v-crnucah-do-bolecega-poraza\/","name":"Krka II v \u010crnu\u010dah do\u017eivela bole\u010d poraz - MOK Krka","isPartOf":{"@id":"https:\/\/krkavolley.si\/site\/#website"},"primaryImageOfPage":{"@id":"https:\/\/krkavolley.si\/site\/2025\/11\/23\/krka-ii-v-crnucah-do-bolecega-poraza\/#primaryimage"},"image":{"@id":"https:\/\/krkavolley.si\/site\/2025\/11\/23\/krka-ii-v-crnucah-do-bolecega-poraza\/#primaryimage"},"thumbnailUrl":"https:\/\/krkavolley.si\/site\/wp-content\/uploads\/2025\/11\/krkaii_crnuce.jpeg","datePublished":"2025-11-23T16:14:54+00:00","dateModified":"2025-11-23T16:19:28+00:00","breadcrumb":{"@id":"https:\/\/krkavolley.si\/site\/2025\/11\/23\/krka-ii-v-crnucah-do-bolecega-poraza\/#breadcrumb"},"inLanguage":"sl-SI","potentialAction":[{"@type":"ReadAction","target":["https:\/\/krkavolley.si\/site\/2025\/11\/23\/krka-ii-v-crnucah-do-bolecega-poraza\/"]}]},{"@type":"ImageObject","inLanguage":"sl-SI","@id":"https:\/\/krkavolley.si\/site\/2025\/11\/23\/krka-ii-v-crnucah-do-bolecega-poraza\/#primaryimage","url":"https:\/\/krkavolley.si\/site\/wp-content\/uploads\/2025\/11\/krkaii_crnuce.jpeg","contentUrl":"https:\/\/krkavolley.si\/site\/wp-content\/uploads\/2025\/11\/krkaii_crnuce.jpeg","width":2040,"height":1216},{"@type":"BreadcrumbList","@id":"https:\/\/krkavolley.si\/site\/2025\/11\/23\/krka-ii-v-crnucah-do-bolecega-poraza\/#breadcrumb","itemListElement":[{"@type":"ListItem","position":1,"name":"Home","item":"https:\/\/krkavolley.si\/site\/"},{"@type":"ListItem","position":2,"name":"Krka II v \u010crnu\u010dah do\u017eivela bole\u010d poraz"}]},{"@type":"WebSite","@id":"https:\/\/krkavolley.si\/site\/#website","url":"https:\/\/krkavolley.si\/site\/","name":"Mo\u0161ki odbojkarski klub Krka","description":"Novo mesto","publisher":{"@id":"https:\/\/krkavolley.si\/site\/#organization"},"potentialAction":[{"@type":"SearchAction","target":{"@type":"EntryPoint","urlTemplate":"https:\/\/krkavolley.si\/site\/?s={search_term_string}"},"query-input":{"@type":"PropertyValueSpecification","valueRequired":true,"valueName":"search_term_string"}}],"inLanguage":"sl-SI"},{"@type":"Organization","@id":"https:\/\/krkavolley.si\/site\/#organization","name":"Mo\u0161ki odbojkarski klub Krka","url":"https:\/\/krkavolley.si\/site\/","logo":{"@type":"ImageObject","inLanguage":"sl-SI","@id":"https:\/\/krkavolley.si\/site\/#\/schema\/logo\/image\/","url":"https:\/\/krkavolley.si\/site\/wp-content\/uploads\/2017\/03\/mok_krka_squared.jpg","contentUrl":"https:\/\/krkavolley.si\/site\/wp-content\/uploads\/2017\/03\/mok_krka_squared.jpg","width":500,"height":500,"caption":"Mo\u0161ki odbojkarski klub Krka"},"image":{"@id":"https:\/\/krkavolley.si\/site\/#\/schema\/logo\/image\/"},"sameAs":["https:\/\/www.facebook.com\/krkavolley\/","https:\/\/www.youtube.com\/channel\/UC-9mw6XzAdOheQVW-nJxBDg"]},{"@type":"Person","@id":"https:\/\/krkavolley.si\/site\/#\/schema\/person\/534ee01c931f76708377719fa8dba01a","name":"mokkrka","image":{"@type":"ImageObject","inLanguage":"sl-SI","@id":"https:\/\/krkavolley.si\/site\/#\/schema\/person\/image\/","url":"https:\/\/secure.gravatar.com\/avatar\/47a045e234f1661f7ec6f2ebf50b4de78c561f36cd8df312c2474dc659604592?s=96&d=mm&r=g","contentUrl":"https:\/\/secure.gravatar.com\/avatar\/47a045e234f1661f7ec6f2ebf50b4de78c561f36cd8df312c2474dc659604592?s=96&d=mm&r=g","caption":"mokkrka"},"url":"https:\/\/krkavolley.si\/site\/author\/mokkrka\/"}]}},"_links":{"self":[{"href":"https:\/\/krkavolley.si\/site\/wp-json\/wp\/v2\/posts\/11381","targetHints":{"allow":["GET"]}}],"collection":[{"href":"https:\/\/krkavolley.si\/site\/wp-json\/wp\/v2\/posts"}],"about":[{"href":"https:\/\/krkavolley.si\/site\/wp-json\/wp\/v2\/types\/post"}],"author":[{"embeddable":true,"href":"https:\/\/krkavolley.si\/site\/wp-json\/wp\/v2\/users\/1"}],"replies":[{"embeddable":true,"href":"https:\/\/krkavolley.si\/site\/wp-json\/wp\/v2\/comments?post=11381"}],"version-history":[{"count":2,"href":"https:\/\/krkavolley.si\/site\/wp-json\/wp\/v2\/posts\/11381\/revisions"}],"predecessor-version":[{"id":11384,"href":"https:\/\/krkavolley.si\/site\/wp-json\/wp\/v2\/posts\/11381\/revisions\/11384"}],"wp:featuredmedia":[{"embeddable":true,"href":"https:\/\/krkavolley.si\/site\/wp-json\/wp\/v2\/media\/11382"}],"wp:attachment":[{"href":"https:\/\/krkavolley.si\/site\/wp-json\/wp\/v2\/media?parent=11381"}],"wp:term":[{"taxonomy":"category","embeddable":true,"href":"https:\/\/krkavolley.si\/site\/wp-json\/wp\/v2\/categories?post=11381"},{"taxonomy":"post_tag","embeddable":true,"href":"https:\/\/krkavolley.si\/site\/wp-json\/wp\/v2\/tags?post=11381"}],"curies":[{"name":"wp","href":"https:\/\/api.w.org\/{rel}","templated":true}]}}