{"id":11950,"date":"2026-09-04T09:49:27","date_gmt":"2026-09-04T07:49:27","guid":{"rendered":"https:\/\/krkavolley.si\/site\/?p=11950"},"modified":"2026-09-04T09:50:13","modified_gmt":"2026-09-04T07:50:13","slug":"sezona-25-26-pod-crto","status":"publish","type":"post","link":"https:\/\/krkavolley.si\/site\/2026\/09\/04\/sezona-25-26-pod-crto\/","title":{"rendered":"Sezona 25\/26 pod \u010drto"},"content":{"rendered":"\n<p>Ob koncu sezone 2025\/2026 so se \u017ee 22. naslova dr\u017eavnih prvakov vnovi\u010d, razveselili odbojkarji ACH Volleya iz Ljubljane, ki so v finalni seriji premagali Calcit Volley iz Kamnika. Odbojkarji novome\u0161ke Krke so sezono po ogor\u010denem boju s Panvito Pomgrad kon\u010dali na \u010detrtem mestu. Krka\u0161i so podoben uspeh spisali tudi v pokalnem tekmovanju, ki so ga zaklju\u010dili le korak pred velikim finalom, saj so v polfinalu morali priznati premo\u010d Panviti Pomgrad. Pokalnega naslova so se pozneje razveselili Ljubljan\u010dani. Vrha pa niso krojili le odbojkarji \u010dlanske selekcije temve\u010d tudi mladi &#8211; mladinska selekcija je prav tako osvojila \u010detrto mesto, kadeti pa so segli po bronasti medalji!<\/p>\n\n\n\n<h3 class=\"wp-block-heading\">\u010clani &#8211; Sportklub prva odbojkarska liga<\/h3>\n\n\n\n<ol class=\"wp-block-list\">\n<li>ACH Volley Ljubljana<\/li>\n\n\n\n<li>Calcit Volley<\/li>\n\n\n\n<li>Panvita Pomgrad<\/li>\n\n\n\n<li><strong>Krka<\/strong><\/li>\n\n\n\n<li>Alpacem Kanal<\/li>\n\n\n\n<li>OK i-Vent Maribor<\/li>\n\n\n\n<li>Merkur Triglav Kranj<\/li>\n\n\n\n<li>OK Fu\u017einar Ravne<\/li>\n\n\n\n<li>&#8211; 16. &#8230;<\/li>\n<\/ol>\n\n\n\n<figure class=\"wp-block-image size-large\"><img loading=\"lazy\" decoding=\"async\" width=\"1024\" height=\"683\" src=\"https:\/\/krkavolley.si\/site\/wp-content\/uploads\/2026\/04\/team_krka-1024x683.jpg\" alt=\"\" class=\"wp-image-11860\" srcset=\"https:\/\/krkavolley.si\/site\/wp-content\/uploads\/2026\/04\/team_krka-1024x683.jpg 1024w, https:\/\/krkavolley.si\/site\/wp-content\/uploads\/2026\/04\/team_krka-300x200.jpg 300w, https:\/\/krkavolley.si\/site\/wp-content\/uploads\/2026\/04\/team_krka-768x512.jpg 768w, https:\/\/krkavolley.si\/site\/wp-content\/uploads\/2026\/04\/team_krka-1200x800.jpg 1200w, https:\/\/krkavolley.si\/site\/wp-content\/uploads\/2026\/04\/team_krka.jpg 1300w\" sizes=\"auto, (max-width: 1024px) 100vw, 1024px\" \/><\/figure>\n\n\n\n<h3 class=\"wp-block-heading\">Pokal Slovenije<\/h3>\n\n\n\n<ol class=\"wp-block-list\">\n<li>ACH Volley Ljubljana<\/li>\n\n\n\n<li>Panvita Pomgrad<\/li>\n\n\n\n<li><strong>Krka<\/strong><br>Alpacem Kanal<br>&#8230;<\/li>\n<\/ol>\n\n\n\n<h3 class=\"wp-block-heading\">Druga \u010dlanska ekipa &#8211; <strong>Krka II<\/strong> &#8211; Druga dr\u017eavna odbojkarska liga<\/h3>\n\n\n\n<ol class=\"wp-block-list\">\n<li>Calcit Volley II<\/li>\n\n\n\n<li>Lubnik<\/li>\n\n\n\n<li><strong>Krka II<\/strong><\/li>\n\n\n\n<li>ATHOS Kostanjevica<\/li>\n\n\n\n<li>OK i-Vent Maribor II<\/li>\n\n\n\n<li>Korvolley Mislinja<\/li>\n\n\n\n<li>\u010crnu\u010de mladi<\/li>\n\n\n\n<li>MOK Ko\u010devje<\/li>\n<\/ol>\n\n\n\n<figure class=\"wp-block-image size-large\"><img loading=\"lazy\" decoding=\"async\" width=\"1024\" height=\"683\" src=\"https:\/\/krkavolley.si\/site\/wp-content\/uploads\/2026\/04\/7Q5A6244-1024x683.jpg\" alt=\"\" class=\"wp-image-11847\" srcset=\"https:\/\/krkavolley.si\/site\/wp-content\/uploads\/2026\/04\/7Q5A6244-1024x683.jpg 1024w, https:\/\/krkavolley.si\/site\/wp-content\/uploads\/2026\/04\/7Q5A6244-300x200.jpg 300w, https:\/\/krkavolley.si\/site\/wp-content\/uploads\/2026\/04\/7Q5A6244-768x512.jpg 768w, https:\/\/krkavolley.si\/site\/wp-content\/uploads\/2026\/04\/7Q5A6244-1536x1024.jpg 1536w, https:\/\/krkavolley.si\/site\/wp-content\/uploads\/2026\/04\/7Q5A6244-1200x800.jpg 1200w, https:\/\/krkavolley.si\/site\/wp-content\/uploads\/2026\/04\/7Q5A6244.jpg 1800w\" sizes=\"auto, (max-width: 1024px) 100vw, 1024px\" \/><\/figure>\n\n\n\n<h3 class=\"wp-block-heading\">Mladinci (26 ekip)<\/h3>\n\n\n\n<ol class=\"wp-block-list\">\n<li>OK Fu\u017einar Ravne<\/li>\n\n\n\n<li>OK i-Vent Maribor<\/li>\n\n\n\n<li>\u010crnu\u010de<\/li>\n\n\n\n<li><strong>MOK Krka<\/strong><\/li>\n\n\n\n<li>&#8230;<\/li>\n<\/ol>\n\n\n\n<h3 class=\"wp-block-heading\">Kadeti (32 ekip)<\/h3>\n\n\n\n<ol class=\"wp-block-list\">\n<li>OK i-Vent Maribor<\/li>\n\n\n\n<li>OK Fu\u017einar Ravne<\/li>\n\n\n\n<li><strong>MOK Krka<\/strong><\/li>\n\n\n\n<li>Korvolley Mislinja<\/li>\n\n\n\n<li>&#8230;<\/li>\n<\/ol>\n\n\n\n<figure class=\"wp-block-image size-large\"><img loading=\"lazy\" decoding=\"async\" width=\"1024\" height=\"683\" src=\"https:\/\/krkavolley.si\/site\/wp-content\/uploads\/2026\/04\/7Q5A5120-1024x683.jpg\" alt=\"\" class=\"wp-image-11840\" srcset=\"https:\/\/krkavolley.si\/site\/wp-content\/uploads\/2026\/04\/7Q5A5120-1024x683.jpg 1024w, https:\/\/krkavolley.si\/site\/wp-content\/uploads\/2026\/04\/7Q5A5120-300x200.jpg 300w, https:\/\/krkavolley.si\/site\/wp-content\/uploads\/2026\/04\/7Q5A5120-768x512.jpg 768w, https:\/\/krkavolley.si\/site\/wp-content\/uploads\/2026\/04\/7Q5A5120-1536x1024.jpg 1536w, https:\/\/krkavolley.si\/site\/wp-content\/uploads\/2026\/04\/7Q5A5120-1200x800.jpg 1200w, https:\/\/krkavolley.si\/site\/wp-content\/uploads\/2026\/04\/7Q5A5120.jpg 1800w\" sizes=\"auto, (max-width: 1024px) 100vw, 1024px\" \/><\/figure>\n\n\n\n<h3 class=\"wp-block-heading\">Starej\u0161i de\u010dki<\/h3>\n\n\n\n<p>V konkurenci 30 ekip so starej\u0161i de\u010dki MOK Krka zasedli 17. mesto, naslova prvakov pa so se razveselili odbojkarji \u0160D Brezovica.<\/p>\n\n\n\n<h3 class=\"wp-block-heading\">Mala odbojka &#8211; de\u010dki<\/h3>\n\n\n\n<p>V konkurenci 27 ekip so de\u010dki MOK Krka zasedli 27. mesto, sicer pa je prvo mesto v prvenstvu pripadlo de\u010dkom Panvite Pomgrad.<\/p>\n\n\n\n<figure class=\"wp-block-image size-large\"><img loading=\"lazy\" decoding=\"async\" width=\"1024\" height=\"683\" src=\"https:\/\/krkavolley.si\/site\/wp-content\/uploads\/2026\/04\/7Q5A6876-1024x683.jpg\" alt=\"\" class=\"wp-image-11909\" srcset=\"https:\/\/krkavolley.si\/site\/wp-content\/uploads\/2026\/04\/7Q5A6876-1024x683.jpg 1024w, https:\/\/krkavolley.si\/site\/wp-content\/uploads\/2026\/04\/7Q5A6876-300x200.jpg 300w, https:\/\/krkavolley.si\/site\/wp-content\/uploads\/2026\/04\/7Q5A6876-768x512.jpg 768w, https:\/\/krkavolley.si\/site\/wp-content\/uploads\/2026\/04\/7Q5A6876-1536x1024.jpg 1536w, https:\/\/krkavolley.si\/site\/wp-content\/uploads\/2026\/04\/7Q5A6876-1200x800.jpg 1200w, https:\/\/krkavolley.si\/site\/wp-content\/uploads\/2026\/04\/7Q5A6876.jpg 1800w\" sizes=\"auto, (max-width: 1024px) 100vw, 1024px\" \/><\/figure>\n\n\n\n<p>Hvala vsem navija\u010dem za podporo!<\/p>\n","protected":false},"excerpt":{"rendered":"<p>Ob koncu sezone 2025\/2026 so se \u017ee 22. naslova dr\u017eavnih prvakov vnovi\u010d, razveselili odbojkarji ACH Volleya iz Ljubljane, ki so v finalni seriji premagali Calcit Volley iz Kamnika. Odbojkarji novome\u0161ke&hellip; <\/p>\n<p class=\"chuchadon-read-more\"><a href=\"https:\/\/krkavolley.si\/site\/2026\/09\/04\/sezona-25-26-pod-crto\/\" class=\"more-link\">Beri dalje&#8230;<\/a><\/p>\n","protected":false},"author":1,"featured_media":11871,"comment_status":"closed","ping_status":"closed","sticky":false,"template":"","format":"standard","meta":{"footnotes":""},"categories":[377],"tags":[],"class_list":["post-11950","post","type-post","status-publish","format-standard","has-post-thumbnail","category-2025-2026","entry"],"yoast_head":"<!-- This site is optimized with the Yoast SEO plugin v26.6 - https:\/\/yoast.com\/wordpress\/plugins\/seo\/ -->\n<title>Sezona 25\/26 pod \u010drto - Mo\u0161ki odbojkarski klub Krka<\/title>\n<meta name=\"robots\" content=\"index, follow, max-snippet:-1, max-image-preview:large, max-video-preview:-1\" \/>\n<link rel=\"canonical\" href=\"https:\/\/krkavolley.si\/site\/2026\/09\/04\/sezona-25-26-pod-crto\/\" \/>\n<meta property=\"og:locale\" content=\"sl_SI\" \/>\n<meta property=\"og:type\" content=\"article\" \/>\n<meta property=\"og:title\" content=\"Sezona 25\/26 pod \u010drto - Mo\u0161ki odbojkarski klub Krka\" \/>\n<meta property=\"og:description\" content=\"Ob koncu sezone 2025\/2026 so se \u017ee 22. naslova dr\u017eavnih prvakov vnovi\u010d, razveselili odbojkarji ACH Volleya iz Ljubljane, ki so v finalni seriji premagali Calcit Volley iz Kamnika. Odbojkarji novome\u0161ke&hellip; Beri dalje...\" \/>\n<meta property=\"og:url\" content=\"https:\/\/krkavolley.si\/site\/2026\/09\/04\/sezona-25-26-pod-crto\/\" \/>\n<meta property=\"og:site_name\" content=\"Mo\u0161ki odbojkarski klub Krka\" \/>\n<meta property=\"article:publisher\" content=\"https:\/\/www.facebook.com\/krkavolley\/\" \/>\n<meta property=\"article:published_time\" content=\"2026-09-04T07:49:27+00:00\" \/>\n<meta property=\"article:modified_time\" content=\"2026-09-04T07:50:13+00:00\" \/>\n<meta property=\"og:image\" content=\"https:\/\/krkavolley.si\/site\/wp-content\/uploads\/2026\/04\/panvita6.jpg\" \/>\n\t<meta property=\"og:image:width\" content=\"1500\" \/>\n\t<meta property=\"og:image:height\" content=\"1000\" \/>\n\t<meta property=\"og:image:type\" content=\"image\/jpeg\" \/>\n<meta name=\"author\" content=\"mokkrka\" \/>\n<meta name=\"twitter:card\" content=\"summary_large_image\" \/>\n<meta name=\"twitter:label1\" content=\"Written by\" \/>\n\t<meta name=\"twitter:data1\" content=\"mokkrka\" \/>\n\t<meta name=\"twitter:label2\" content=\"Est. reading time\" \/>\n\t<meta name=\"twitter:data2\" content=\"1 minuta\" \/>\n<script type=\"application\/ld+json\" class=\"yoast-schema-graph\">{\"@context\":\"https:\/\/schema.org\",\"@graph\":[{\"@type\":\"Article\",\"@id\":\"https:\/\/krkavolley.si\/site\/2026\/09\/04\/sezona-25-26-pod-crto\/#article\",\"isPartOf\":{\"@id\":\"https:\/\/krkavolley.si\/site\/2026\/09\/04\/sezona-25-26-pod-crto\/\"},\"author\":{\"name\":\"mokkrka\",\"@id\":\"https:\/\/krkavolley.si\/site\/#\/schema\/person\/534ee01c931f76708377719fa8dba01a\"},\"headline\":\"Sezona 25\/26 pod \u010drto\",\"datePublished\":\"2026-09-04T07:49:27+00:00\",\"dateModified\":\"2026-09-04T07:50:13+00:00\",\"mainEntityOfPage\":{\"@id\":\"https:\/\/krkavolley.si\/site\/2026\/09\/04\/sezona-25-26-pod-crto\/\"},\"wordCount\":265,\"publisher\":{\"@id\":\"https:\/\/krkavolley.si\/site\/#organization\"},\"image\":{\"@id\":\"https:\/\/krkavolley.si\/site\/2026\/09\/04\/sezona-25-26-pod-crto\/#primaryimage\"},\"thumbnailUrl\":\"https:\/\/krkavolley.si\/site\/wp-content\/uploads\/2026\/04\/panvita6.jpg\",\"articleSection\":[\"2025\/2026\"],\"inLanguage\":\"sl-SI\"},{\"@type\":\"WebPage\",\"@id\":\"https:\/\/krkavolley.si\/site\/2026\/09\/04\/sezona-25-26-pod-crto\/\",\"url\":\"https:\/\/krkavolley.si\/site\/2026\/09\/04\/sezona-25-26-pod-crto\/\",\"name\":\"Sezona 25\/26 pod \u010drto - Mo\u0161ki odbojkarski klub Krka\",\"isPartOf\":{\"@id\":\"https:\/\/krkavolley.si\/site\/#website\"},\"primaryImageOfPage\":{\"@id\":\"https:\/\/krkavolley.si\/site\/2026\/09\/04\/sezona-25-26-pod-crto\/#primaryimage\"},\"image\":{\"@id\":\"https:\/\/krkavolley.si\/site\/2026\/09\/04\/sezona-25-26-pod-crto\/#primaryimage\"},\"thumbnailUrl\":\"https:\/\/krkavolley.si\/site\/wp-content\/uploads\/2026\/04\/panvita6.jpg\",\"datePublished\":\"2026-09-04T07:49:27+00:00\",\"dateModified\":\"2026-09-04T07:50:13+00:00\",\"breadcrumb\":{\"@id\":\"https:\/\/krkavolley.si\/site\/2026\/09\/04\/sezona-25-26-pod-crto\/#breadcrumb\"},\"inLanguage\":\"sl-SI\",\"potentialAction\":[{\"@type\":\"ReadAction\",\"target\":[\"https:\/\/krkavolley.si\/site\/2026\/09\/04\/sezona-25-26-pod-crto\/\"]}]},{\"@type\":\"ImageObject\",\"inLanguage\":\"sl-SI\",\"@id\":\"https:\/\/krkavolley.si\/site\/2026\/09\/04\/sezona-25-26-pod-crto\/#primaryimage\",\"url\":\"https:\/\/krkavolley.si\/site\/wp-content\/uploads\/2026\/04\/panvita6.jpg\",\"contentUrl\":\"https:\/\/krkavolley.si\/site\/wp-content\/uploads\/2026\/04\/panvita6.jpg\",\"width\":1500,\"height\":1000},{\"@type\":\"BreadcrumbList\",\"@id\":\"https:\/\/krkavolley.si\/site\/2026\/09\/04\/sezona-25-26-pod-crto\/#breadcrumb\",\"itemListElement\":[{\"@type\":\"ListItem\",\"position\":1,\"name\":\"Home\",\"item\":\"https:\/\/krkavolley.si\/site\/\"},{\"@type\":\"ListItem\",\"position\":2,\"name\":\"Sezona 25\/26 pod \u010drto\"}]},{\"@type\":\"WebSite\",\"@id\":\"https:\/\/krkavolley.si\/site\/#website\",\"url\":\"https:\/\/krkavolley.si\/site\/\",\"name\":\"Mo\u0161ki odbojkarski klub Krka\",\"description\":\"Novo mesto\",\"publisher\":{\"@id\":\"https:\/\/krkavolley.si\/site\/#organization\"},\"potentialAction\":[{\"@type\":\"SearchAction\",\"target\":{\"@type\":\"EntryPoint\",\"urlTemplate\":\"https:\/\/krkavolley.si\/site\/?s={search_term_string}\"},\"query-input\":{\"@type\":\"PropertyValueSpecification\",\"valueRequired\":true,\"valueName\":\"search_term_string\"}}],\"inLanguage\":\"sl-SI\"},{\"@type\":\"Organization\",\"@id\":\"https:\/\/krkavolley.si\/site\/#organization\",\"name\":\"Mo\u0161ki odbojkarski klub Krka\",\"url\":\"https:\/\/krkavolley.si\/site\/\",\"logo\":{\"@type\":\"ImageObject\",\"inLanguage\":\"sl-SI\",\"@id\":\"https:\/\/krkavolley.si\/site\/#\/schema\/logo\/image\/\",\"url\":\"https:\/\/krkavolley.si\/site\/wp-content\/uploads\/2017\/03\/mok_krka_squared.jpg\",\"contentUrl\":\"https:\/\/krkavolley.si\/site\/wp-content\/uploads\/2017\/03\/mok_krka_squared.jpg\",\"width\":500,\"height\":500,\"caption\":\"Mo\u0161ki odbojkarski klub Krka\"},\"image\":{\"@id\":\"https:\/\/krkavolley.si\/site\/#\/schema\/logo\/image\/\"},\"sameAs\":[\"https:\/\/www.facebook.com\/krkavolley\/\",\"https:\/\/www.youtube.com\/channel\/UC-9mw6XzAdOheQVW-nJxBDg\"]},{\"@type\":\"Person\",\"@id\":\"https:\/\/krkavolley.si\/site\/#\/schema\/person\/534ee01c931f76708377719fa8dba01a\",\"name\":\"mokkrka\",\"image\":{\"@type\":\"ImageObject\",\"inLanguage\":\"sl-SI\",\"@id\":\"https:\/\/krkavolley.si\/site\/#\/schema\/person\/image\/\",\"url\":\"https:\/\/secure.gravatar.com\/avatar\/47a045e234f1661f7ec6f2ebf50b4de78c561f36cd8df312c2474dc659604592?s=96&d=mm&r=g\",\"contentUrl\":\"https:\/\/secure.gravatar.com\/avatar\/47a045e234f1661f7ec6f2ebf50b4de78c561f36cd8df312c2474dc659604592?s=96&d=mm&r=g\",\"caption\":\"mokkrka\"},\"url\":\"https:\/\/krkavolley.si\/site\/author\/mokkrka\/\"}]}<\/script>\n<!-- \/ Yoast SEO plugin. -->","yoast_head_json":{"title":"Sezona 25\/26 pod \u010drto - Mo\u0161ki odbojkarski klub Krka","robots":{"index":"index","follow":"follow","max-snippet":"max-snippet:-1","max-image-preview":"max-image-preview:large","max-video-preview":"max-video-preview:-1"},"canonical":"https:\/\/krkavolley.si\/site\/2026\/09\/04\/sezona-25-26-pod-crto\/","og_locale":"sl_SI","og_type":"article","og_title":"Sezona 25\/26 pod \u010drto - Mo\u0161ki odbojkarski klub Krka","og_description":"Ob koncu sezone 2025\/2026 so se \u017ee 22. naslova dr\u017eavnih prvakov vnovi\u010d, razveselili odbojkarji ACH Volleya iz Ljubljane, ki so v finalni seriji premagali Calcit Volley iz Kamnika. Odbojkarji novome\u0161ke&hellip; Beri dalje...","og_url":"https:\/\/krkavolley.si\/site\/2026\/09\/04\/sezona-25-26-pod-crto\/","og_site_name":"Mo\u0161ki odbojkarski klub Krka","article_publisher":"https:\/\/www.facebook.com\/krkavolley\/","article_published_time":"2026-09-04T07:49:27+00:00","article_modified_time":"2026-09-04T07:50:13+00:00","og_image":[{"width":1500,"height":1000,"url":"https:\/\/krkavolley.si\/site\/wp-content\/uploads\/2026\/04\/panvita6.jpg","type":"image\/jpeg"}],"author":"mokkrka","twitter_card":"summary_large_image","twitter_misc":{"Written by":"mokkrka","Est. reading time":"1 minuta"},"schema":{"@context":"https:\/\/schema.org","@graph":[{"@type":"Article","@id":"https:\/\/krkavolley.si\/site\/2026\/09\/04\/sezona-25-26-pod-crto\/#article","isPartOf":{"@id":"https:\/\/krkavolley.si\/site\/2026\/09\/04\/sezona-25-26-pod-crto\/"},"author":{"name":"mokkrka","@id":"https:\/\/krkavolley.si\/site\/#\/schema\/person\/534ee01c931f76708377719fa8dba01a"},"headline":"Sezona 25\/26 pod \u010drto","datePublished":"2026-09-04T07:49:27+00:00","dateModified":"2026-09-04T07:50:13+00:00","mainEntityOfPage":{"@id":"https:\/\/krkavolley.si\/site\/2026\/09\/04\/sezona-25-26-pod-crto\/"},"wordCount":265,"publisher":{"@id":"https:\/\/krkavolley.si\/site\/#organization"},"image":{"@id":"https:\/\/krkavolley.si\/site\/2026\/09\/04\/sezona-25-26-pod-crto\/#primaryimage"},"thumbnailUrl":"https:\/\/krkavolley.si\/site\/wp-content\/uploads\/2026\/04\/panvita6.jpg","articleSection":["2025\/2026"],"inLanguage":"sl-SI"},{"@type":"WebPage","@id":"https:\/\/krkavolley.si\/site\/2026\/09\/04\/sezona-25-26-pod-crto\/","url":"https:\/\/krkavolley.si\/site\/2026\/09\/04\/sezona-25-26-pod-crto\/","name":"Sezona 25\/26 pod \u010drto - Mo\u0161ki odbojkarski klub Krka","isPartOf":{"@id":"https:\/\/krkavolley.si\/site\/#website"},"primaryImageOfPage":{"@id":"https:\/\/krkavolley.si\/site\/2026\/09\/04\/sezona-25-26-pod-crto\/#primaryimage"},"image":{"@id":"https:\/\/krkavolley.si\/site\/2026\/09\/04\/sezona-25-26-pod-crto\/#primaryimage"},"thumbnailUrl":"https:\/\/krkavolley.si\/site\/wp-content\/uploads\/2026\/04\/panvita6.jpg","datePublished":"2026-09-04T07:49:27+00:00","dateModified":"2026-09-04T07:50:13+00:00","breadcrumb":{"@id":"https:\/\/krkavolley.si\/site\/2026\/09\/04\/sezona-25-26-pod-crto\/#breadcrumb"},"inLanguage":"sl-SI","potentialAction":[{"@type":"ReadAction","target":["https:\/\/krkavolley.si\/site\/2026\/09\/04\/sezona-25-26-pod-crto\/"]}]},{"@type":"ImageObject","inLanguage":"sl-SI","@id":"https:\/\/krkavolley.si\/site\/2026\/09\/04\/sezona-25-26-pod-crto\/#primaryimage","url":"https:\/\/krkavolley.si\/site\/wp-content\/uploads\/2026\/04\/panvita6.jpg","contentUrl":"https:\/\/krkavolley.si\/site\/wp-content\/uploads\/2026\/04\/panvita6.jpg","width":1500,"height":1000},{"@type":"BreadcrumbList","@id":"https:\/\/krkavolley.si\/site\/2026\/09\/04\/sezona-25-26-pod-crto\/#breadcrumb","itemListElement":[{"@type":"ListItem","position":1,"name":"Home","item":"https:\/\/krkavolley.si\/site\/"},{"@type":"ListItem","position":2,"name":"Sezona 25\/26 pod \u010drto"}]},{"@type":"WebSite","@id":"https:\/\/krkavolley.si\/site\/#website","url":"https:\/\/krkavolley.si\/site\/","name":"Mo\u0161ki odbojkarski klub Krka","description":"Novo mesto","publisher":{"@id":"https:\/\/krkavolley.si\/site\/#organization"},"potentialAction":[{"@type":"SearchAction","target":{"@type":"EntryPoint","urlTemplate":"https:\/\/krkavolley.si\/site\/?s={search_term_string}"},"query-input":{"@type":"PropertyValueSpecification","valueRequired":true,"valueName":"search_term_string"}}],"inLanguage":"sl-SI"},{"@type":"Organization","@id":"https:\/\/krkavolley.si\/site\/#organization","name":"Mo\u0161ki odbojkarski klub Krka","url":"https:\/\/krkavolley.si\/site\/","logo":{"@type":"ImageObject","inLanguage":"sl-SI","@id":"https:\/\/krkavolley.si\/site\/#\/schema\/logo\/image\/","url":"https:\/\/krkavolley.si\/site\/wp-content\/uploads\/2017\/03\/mok_krka_squared.jpg","contentUrl":"https:\/\/krkavolley.si\/site\/wp-content\/uploads\/2017\/03\/mok_krka_squared.jpg","width":500,"height":500,"caption":"Mo\u0161ki odbojkarski klub Krka"},"image":{"@id":"https:\/\/krkavolley.si\/site\/#\/schema\/logo\/image\/"},"sameAs":["https:\/\/www.facebook.com\/krkavolley\/","https:\/\/www.youtube.com\/channel\/UC-9mw6XzAdOheQVW-nJxBDg"]},{"@type":"Person","@id":"https:\/\/krkavolley.si\/site\/#\/schema\/person\/534ee01c931f76708377719fa8dba01a","name":"mokkrka","image":{"@type":"ImageObject","inLanguage":"sl-SI","@id":"https:\/\/krkavolley.si\/site\/#\/schema\/person\/image\/","url":"https:\/\/secure.gravatar.com\/avatar\/47a045e234f1661f7ec6f2ebf50b4de78c561f36cd8df312c2474dc659604592?s=96&d=mm&r=g","contentUrl":"https:\/\/secure.gravatar.com\/avatar\/47a045e234f1661f7ec6f2ebf50b4de78c561f36cd8df312c2474dc659604592?s=96&d=mm&r=g","caption":"mokkrka"},"url":"https:\/\/krkavolley.si\/site\/author\/mokkrka\/"}]}},"_links":{"self":[{"href":"https:\/\/krkavolley.si\/site\/wp-json\/wp\/v2\/posts\/11950","targetHints":{"allow":["GET"]}}],"collection":[{"href":"https:\/\/krkavolley.si\/site\/wp-json\/wp\/v2\/posts"}],"about":[{"href":"https:\/\/krkavolley.si\/site\/wp-json\/wp\/v2\/types\/post"}],"author":[{"embeddable":true,"href":"https:\/\/krkavolley.si\/site\/wp-json\/wp\/v2\/users\/1"}],"replies":[{"embeddable":true,"href":"https:\/\/krkavolley.si\/site\/wp-json\/wp\/v2\/comments?post=11950"}],"version-history":[{"count":4,"href":"https:\/\/krkavolley.si\/site\/wp-json\/wp\/v2\/posts\/11950\/revisions"}],"predecessor-version":[{"id":11954,"href":"https:\/\/krkavolley.si\/site\/wp-json\/wp\/v2\/posts\/11950\/revisions\/11954"}],"wp:featuredmedia":[{"embeddable":true,"href":"https:\/\/krkavolley.si\/site\/wp-json\/wp\/v2\/media\/11871"}],"wp:attachment":[{"href":"https:\/\/krkavolley.si\/site\/wp-json\/wp\/v2\/media?parent=11950"}],"wp:term":[{"taxonomy":"category","embeddable":true,"href":"https:\/\/krkavolley.si\/site\/wp-json\/wp\/v2\/categories?post=11950"},{"taxonomy":"post_tag","embeddable":true,"href":"https:\/\/krkavolley.si\/site\/wp-json\/wp\/v2\/tags?post=11950"}],"curies":[{"name":"wp","href":"https:\/\/api.w.org\/{rel}","templated":true}]}}