{"id":1276,"date":"2015-02-03T13:19:10","date_gmt":"2015-02-03T12:19:10","guid":{"rendered":"https:\/\/krkavolley.si\/page\/?p=1276"},"modified":"2015-02-03T13:19:10","modified_gmt":"2015-02-03T12:19:10","slug":"ob-taksnem-podmladku-se-krki-ni-bati-za-prihodnost","status":"publish","type":"post","link":"https:\/\/krkavolley.si\/site\/2015\/02\/03\/ob-taksnem-podmladku-se-krki-ni-bati-za-prihodnost\/","title":{"rendered":"Ob tak\u0161nem podmladku se Krki ni bati za prihodnost"},"content":{"rendered":"<p>Mo\u0161ki odbojkarski klub Krka slovi po svojem mo\u010dnem podmladku in trdni viziji gradnje prihodnosti na doma vzgojenih igralcih. Da je delo z mladimi izjemno uspe\u0161no, ka\u017eejo tudi rezultati \u2013 navsezadnje so bili v lanski sezoni starej\u0161i de\u010dki omenjenega kluba tudi dr\u017eavni prvaki, velja pa omeniti vrhunske rezultate v mali odbojki (3. mesto pred dvema letoma, 2. mesto pred tremi leti). Na mladih je treba graditi prihodnost, zato si tudi mlaj\u0161e selekcije nedvomno zaslu\u017eijo pozornost pri na\u0161em poro\u010danju.<!--more--><\/p>\n<p>V mali odbojki so de\u010dki MOK Krka, pod taktirko Andreja Praha, 25. januarja z veliko premo\u010djo zmagali na 1. repasa\u017enem turnirju (premagali so ekipi ACH Zmaj\u010dki in Ko\u010devje) in se uvrstili v naslednji krog. Tam jih \u010dakajo de\u010dki iz Prva\u010dine (GO Volley), \u017dirovnice in ponovno ACH Zmaj\u010dki. Sicer pa Prah poudarja, da so rezultati kot taki zanj \u00bbv drugem planu\u00ab in ga pri njegovem delu \u00bbmotivirajo prav otroci, ki pridejo redno na trening in so na treningu zavzeti in \u017eeljni novih znanj\u00ab. O\u010ditno prav tak\u0161no delo polaga potrebne temelje, na katerih lahko fantje uspe\u0161no gradijo svojo igro tudi v prihodnosti.<\/p>\n<figure id=\"attachment_1277\" aria-describedby=\"caption-attachment-1277\" style=\"width: 700px\" class=\"wp-caption aligncenter\"><img loading=\"lazy\" decoding=\"async\" class=\"wp-image-1277\" src=\"https:\/\/krkavolley.si\/page\/wp-content\/uploads\/2015\/02\/ekipa-st-decki-s-trenerjem-Andrejem-Prahom-foto-ARHIV-MOK-Krka.jpg\" alt=\"Ekipa starej\u0161ih de\u010dkov s trenerjem Andrejem Prahom (foto: arhiv MOK Krka)\" width=\"700\" height=\"525\" \/><figcaption id=\"caption-attachment-1277\" class=\"wp-caption-text\">Ekipa starej\u0161ih de\u010dkov s trenerjem Andrejem Prahom.<\/figcaption><\/figure>\n<p>Starej\u0161i de\u010dki, aktualni dr\u017eavni prvaki, so prvi del sezone odigrali po pri\u010dakovanjih in se skupaj z ekipo iz \u017du\u017eemberka (oboji so dosegli po 14 to\u010dk), zanesljivo uvrstili v A ligo, kjer so v skupini \u00bbZahod\u00ab po dveh od \u0161estih krogov trenutno na 1. mestu s \u0161tirimi to\u010dkami in enim turnirjem ve\u010d od prvih zasledovalcev, Kekoopreme \u017du\u017eemberk. \u00bbTrenutno imamo v ekipi samo pet dni pred naslednjim krogom A lige v \u017du\u017eemberku proti doma\u010dinom in odli\u010dno ekipo iz Brezovice \u017ee dva klju\u010dna igralca obolela. Ne vem \u0161e, kako in s kak\u0161no postavo bomo nastopili v \u017du\u017eemberku, vem pa, da se bodo fantje borili kot la\u010dni tigri za vsako to\u010dko,\u00ab opozarja trener Prah in dodaja, da je zanj in za ekipo najve\u010dji uspeh, \u010de so vsi \u00bbzvesti pripadniki ekipe skupaj tudi v primeru porazov, odsotnosti igralcev ali slabega dne\u00ab.<\/p>\n<figure id=\"attachment_788\" aria-describedby=\"caption-attachment-788\" style=\"width: 293px\" class=\"wp-caption alignright\"><img loading=\"lazy\" decoding=\"async\" class=\"size-full wp-image-788\" src=\"https:\/\/krkavolley.si\/page\/wp-content\/uploads\/2014\/11\/lino.jpg\" alt=\"Luka Lindi\u010d, eden najobetavnej\u0161ih mladih igralcev Krke, tudi kadetski reprezentant.\" width=\"293\" height=\"190\" \/><figcaption id=\"caption-attachment-788\" class=\"wp-caption-text\">Luka Lindi\u010d, eden najobetavnej\u0161ih mladih igralcev Krke, je tudi kadetski reprezentant.<\/figcaption><\/figure>\n<p>Omeniti je treba tudi uspe\u0161no sodelovanje starej\u0161ih de\u010dkov na mednarodnem Bo\u017ei\u010dnem turnirju v Zagrebu 27. in 28. decembra. Leon Gor\u0161e, \u017diga Ko\u010devar, Aljo\u0161a Kafol, Tibor Kova\u010di\u010d, Sa\u0161o Gotenc, Bla\u017e Omahen, Matic Hren, Arne Resnik, Janez \u017du\u017eek, Jakob \u010cop in Alja\u017e Ogulin so v sedmih tekmah le enkrat izgubili in med desetimi ekipami iz Slovenije in Hrva\u0161ke osvojili 2. mesto, za Zagrebom in pred \u017du\u017eemberkom.<\/p>\n<p>V A ligo so se v prvem delu sezone uvrstili tudi Krkini kadeti. Za njimi sta v zadnjih dveh koncih tedna \u017ee dva turnirja A lige. Prvega so zaklju\u010dili z zmago in porazom (oboje v treh nizih), drugega pa z dvema zmagama, tako da trenutno zasedajo 2. mesto na lestvici in imajo \u0161e vedno velike mo\u017enosti, da se prebijejo v izlo\u010dilne boje. Pri kadetih je treba izpostaviti Luko Lindi\u010da, ki se je lani tudi uvrstil v dr\u017eavno kadetsko reprezentanco.<\/p>\n<p>Trener kadetov Jernej Rojc, ki vodi tudi \u010dlansko ekipo, je nadvse zadovoljen, da so se kar \u0161tirje kadeti letnika 1998, Ga\u0161per Klob\u010dar, Tadej Ogulin, Jaka Bevc in An\u017ee Murko skupaj z letom dni starej\u0161im Tinom Malen\u0161kom uspe\u0161no priklju\u010dili k \u010dlanskim treningom. \u00bbNekateri kadeti, npr. Klob\u010dar in Lindi\u010d, so tudi \u017ee nastopili v \u010dlanski ekipi, Bevc je bil v ekipi proti Panviti, Malen\u0161ek je bil prvi\u010d v ekipi v Kamniku, tudi ostali pa bodo do\u010dakali svojo prilo\u017enost prav kmalu, saj hitro napredujejo in dihajo za ovratnik svojim starej\u0161im kolegom. Na to smo v klubu \u0161e posebej ponosni, saj vidimo da je na\u0161 podmladek na pravi poti in potrjuje vizijo kluba o doseganju odli\u010dnih rezultatov z doma vzgojenimi igralci,\u00ab poudarja Rojc.<\/p>\n<figure id=\"attachment_1253\" aria-describedby=\"caption-attachment-1253\" style=\"width: 700px\" class=\"wp-caption aligncenter\"><img loading=\"lazy\" decoding=\"async\" class=\"size-full wp-image-1253\" src=\"https:\/\/krkavolley.si\/page\/wp-content\/uploads\/2015\/01\/kadeti_kranj_2.jpg\" alt=\"Kadeti MOK Krka in trener Jernej Rojc.\" width=\"700\" height=\"500\" \/><figcaption id=\"caption-attachment-1253\" class=\"wp-caption-text\">Kadeti MOK Krka in trener Jernej Rojc.<\/figcaption><\/figure>\n<p>Ana \u010cefarin<\/p>\n","protected":false},"excerpt":{"rendered":"<p>Mo\u0161ki odbojkarski klub Krka slovi po svojem mo\u010dnem podmladku in trdni viziji gradnje prihodnosti na doma vzgojenih igralcih. Da je delo z mladimi izjemno uspe\u0161no, ka\u017eejo tudi rezultati \u2013 navsezadnje&hellip; <\/p>\n<p class=\"chuchadon-read-more\"><a href=\"https:\/\/krkavolley.si\/site\/2015\/02\/03\/ob-taksnem-podmladku-se-krki-ni-bati-za-prihodnost\/\" class=\"more-link\">Beri dalje&#8230;<\/a><\/p>\n","protected":false},"author":1,"featured_media":1008,"comment_status":"closed","ping_status":"closed","sticky":false,"template":"","format":"standard","meta":{"footnotes":""},"categories":[1],"tags":[46],"class_list":["post-1276","post","type-post","status-publish","format-standard","has-post-thumbnail","category-nekategorizirano","tag-mladi-upi","entry"],"yoast_head":"<!-- This site is optimized with the Yoast SEO plugin v26.6 - https:\/\/yoast.com\/wordpress\/plugins\/seo\/ -->\n<title>Ob tak\u0161nem podmladku se Krki ni bati za prihodnost<\/title>\n<meta name=\"description\" content=\"Mo\u0161ki odbojkarski klub Krka slovi po svojem mo\u010dnem podmladku in trdni viziji gradnje prihodnosti na doma vzgojenih igralcih.\" \/>\n<meta name=\"robots\" content=\"index, follow, max-snippet:-1, max-image-preview:large, max-video-preview:-1\" \/>\n<link rel=\"canonical\" href=\"https:\/\/krkavolley.si\/site\/2015\/02\/03\/ob-taksnem-podmladku-se-krki-ni-bati-za-prihodnost\/\" \/>\n<meta property=\"og:locale\" content=\"sl_SI\" \/>\n<meta property=\"og:type\" content=\"article\" \/>\n<meta property=\"og:title\" content=\"Ob tak\u0161nem podmladku se Krki ni bati za prihodnost\" \/>\n<meta property=\"og:description\" content=\"Mo\u0161ki odbojkarski klub Krka slovi po svojem mo\u010dnem podmladku in trdni viziji gradnje prihodnosti na doma vzgojenih igralcih.\" \/>\n<meta property=\"og:url\" content=\"https:\/\/krkavolley.si\/site\/2015\/02\/03\/ob-taksnem-podmladku-se-krki-ni-bati-za-prihodnost\/\" \/>\n<meta property=\"og:site_name\" content=\"Mo\u0161ki odbojkarski klub Krka\" \/>\n<meta property=\"article:publisher\" content=\"https:\/\/www.facebook.com\/krkavolley\/\" \/>\n<meta property=\"article:published_time\" content=\"2015-02-03T12:19:10+00:00\" \/>\n<meta name=\"author\" content=\"mokkrka\" \/>\n<meta name=\"twitter:card\" content=\"summary_large_image\" \/>\n<meta name=\"twitter:label1\" content=\"Written by\" \/>\n\t<meta name=\"twitter:data1\" content=\"mokkrka\" \/>\n\t<meta name=\"twitter:label2\" content=\"Est. reading time\" \/>\n\t<meta name=\"twitter:data2\" content=\"3 minute\" \/>\n<script type=\"application\/ld+json\" class=\"yoast-schema-graph\">{\"@context\":\"https:\/\/schema.org\",\"@graph\":[{\"@type\":\"Article\",\"@id\":\"https:\/\/krkavolley.si\/site\/2015\/02\/03\/ob-taksnem-podmladku-se-krki-ni-bati-za-prihodnost\/#article\",\"isPartOf\":{\"@id\":\"https:\/\/krkavolley.si\/site\/2015\/02\/03\/ob-taksnem-podmladku-se-krki-ni-bati-za-prihodnost\/\"},\"author\":{\"name\":\"mokkrka\",\"@id\":\"https:\/\/krkavolley.si\/site\/#\/schema\/person\/534ee01c931f76708377719fa8dba01a\"},\"headline\":\"Ob tak\u0161nem podmladku se Krki ni bati za prihodnost\",\"datePublished\":\"2015-02-03T12:19:10+00:00\",\"mainEntityOfPage\":{\"@id\":\"https:\/\/krkavolley.si\/site\/2015\/02\/03\/ob-taksnem-podmladku-se-krki-ni-bati-za-prihodnost\/\"},\"wordCount\":694,\"publisher\":{\"@id\":\"https:\/\/krkavolley.si\/site\/#organization\"},\"image\":{\"@id\":\"https:\/\/krkavolley.si\/site\/2015\/02\/03\/ob-taksnem-podmladku-se-krki-ni-bati-za-prihodnost\/#primaryimage\"},\"thumbnailUrl\":\"\",\"keywords\":[\"mladi upi\"],\"inLanguage\":\"sl-SI\"},{\"@type\":\"WebPage\",\"@id\":\"https:\/\/krkavolley.si\/site\/2015\/02\/03\/ob-taksnem-podmladku-se-krki-ni-bati-za-prihodnost\/\",\"url\":\"https:\/\/krkavolley.si\/site\/2015\/02\/03\/ob-taksnem-podmladku-se-krki-ni-bati-za-prihodnost\/\",\"name\":\"Ob tak\u0161nem podmladku se Krki ni bati za prihodnost\",\"isPartOf\":{\"@id\":\"https:\/\/krkavolley.si\/site\/#website\"},\"primaryImageOfPage\":{\"@id\":\"https:\/\/krkavolley.si\/site\/2015\/02\/03\/ob-taksnem-podmladku-se-krki-ni-bati-za-prihodnost\/#primaryimage\"},\"image\":{\"@id\":\"https:\/\/krkavolley.si\/site\/2015\/02\/03\/ob-taksnem-podmladku-se-krki-ni-bati-za-prihodnost\/#primaryimage\"},\"thumbnailUrl\":\"\",\"datePublished\":\"2015-02-03T12:19:10+00:00\",\"description\":\"Mo\u0161ki odbojkarski klub Krka slovi po svojem mo\u010dnem podmladku in trdni viziji gradnje prihodnosti na doma vzgojenih igralcih.\",\"breadcrumb\":{\"@id\":\"https:\/\/krkavolley.si\/site\/2015\/02\/03\/ob-taksnem-podmladku-se-krki-ni-bati-za-prihodnost\/#breadcrumb\"},\"inLanguage\":\"sl-SI\",\"potentialAction\":[{\"@type\":\"ReadAction\",\"target\":[\"https:\/\/krkavolley.si\/site\/2015\/02\/03\/ob-taksnem-podmladku-se-krki-ni-bati-za-prihodnost\/\"]}]},{\"@type\":\"ImageObject\",\"inLanguage\":\"sl-SI\",\"@id\":\"https:\/\/krkavolley.si\/site\/2015\/02\/03\/ob-taksnem-podmladku-se-krki-ni-bati-za-prihodnost\/#primaryimage\",\"url\":\"\",\"contentUrl\":\"\"},{\"@type\":\"BreadcrumbList\",\"@id\":\"https:\/\/krkavolley.si\/site\/2015\/02\/03\/ob-taksnem-podmladku-se-krki-ni-bati-za-prihodnost\/#breadcrumb\",\"itemListElement\":[{\"@type\":\"ListItem\",\"position\":1,\"name\":\"Home\",\"item\":\"https:\/\/krkavolley.si\/site\/\"},{\"@type\":\"ListItem\",\"position\":2,\"name\":\"Ob tak\u0161nem podmladku se Krki ni bati za prihodnost\"}]},{\"@type\":\"WebSite\",\"@id\":\"https:\/\/krkavolley.si\/site\/#website\",\"url\":\"https:\/\/krkavolley.si\/site\/\",\"name\":\"Mo\u0161ki odbojkarski klub Krka\",\"description\":\"Novo mesto\",\"publisher\":{\"@id\":\"https:\/\/krkavolley.si\/site\/#organization\"},\"potentialAction\":[{\"@type\":\"SearchAction\",\"target\":{\"@type\":\"EntryPoint\",\"urlTemplate\":\"https:\/\/krkavolley.si\/site\/?s={search_term_string}\"},\"query-input\":{\"@type\":\"PropertyValueSpecification\",\"valueRequired\":true,\"valueName\":\"search_term_string\"}}],\"inLanguage\":\"sl-SI\"},{\"@type\":\"Organization\",\"@id\":\"https:\/\/krkavolley.si\/site\/#organization\",\"name\":\"Mo\u0161ki odbojkarski klub Krka\",\"url\":\"https:\/\/krkavolley.si\/site\/\",\"logo\":{\"@type\":\"ImageObject\",\"inLanguage\":\"sl-SI\",\"@id\":\"https:\/\/krkavolley.si\/site\/#\/schema\/logo\/image\/\",\"url\":\"https:\/\/krkavolley.si\/site\/wp-content\/uploads\/2017\/03\/mok_krka_squared.jpg\",\"contentUrl\":\"https:\/\/krkavolley.si\/site\/wp-content\/uploads\/2017\/03\/mok_krka_squared.jpg\",\"width\":500,\"height\":500,\"caption\":\"Mo\u0161ki odbojkarski klub Krka\"},\"image\":{\"@id\":\"https:\/\/krkavolley.si\/site\/#\/schema\/logo\/image\/\"},\"sameAs\":[\"https:\/\/www.facebook.com\/krkavolley\/\",\"https:\/\/www.youtube.com\/channel\/UC-9mw6XzAdOheQVW-nJxBDg\"]},{\"@type\":\"Person\",\"@id\":\"https:\/\/krkavolley.si\/site\/#\/schema\/person\/534ee01c931f76708377719fa8dba01a\",\"name\":\"mokkrka\",\"image\":{\"@type\":\"ImageObject\",\"inLanguage\":\"sl-SI\",\"@id\":\"https:\/\/krkavolley.si\/site\/#\/schema\/person\/image\/\",\"url\":\"https:\/\/secure.gravatar.com\/avatar\/47a045e234f1661f7ec6f2ebf50b4de78c561f36cd8df312c2474dc659604592?s=96&d=mm&r=g\",\"contentUrl\":\"https:\/\/secure.gravatar.com\/avatar\/47a045e234f1661f7ec6f2ebf50b4de78c561f36cd8df312c2474dc659604592?s=96&d=mm&r=g\",\"caption\":\"mokkrka\"},\"url\":\"https:\/\/krkavolley.si\/site\/author\/mokkrka\/\"}]}<\/script>\n<!-- \/ Yoast SEO plugin. -->","yoast_head_json":{"title":"Ob tak\u0161nem podmladku se Krki ni bati za prihodnost","description":"Mo\u0161ki odbojkarski klub Krka slovi po svojem mo\u010dnem podmladku in trdni viziji gradnje prihodnosti na doma vzgojenih igralcih.","robots":{"index":"index","follow":"follow","max-snippet":"max-snippet:-1","max-image-preview":"max-image-preview:large","max-video-preview":"max-video-preview:-1"},"canonical":"https:\/\/krkavolley.si\/site\/2015\/02\/03\/ob-taksnem-podmladku-se-krki-ni-bati-za-prihodnost\/","og_locale":"sl_SI","og_type":"article","og_title":"Ob tak\u0161nem podmladku se Krki ni bati za prihodnost","og_description":"Mo\u0161ki odbojkarski klub Krka slovi po svojem mo\u010dnem podmladku in trdni viziji gradnje prihodnosti na doma vzgojenih igralcih.","og_url":"https:\/\/krkavolley.si\/site\/2015\/02\/03\/ob-taksnem-podmladku-se-krki-ni-bati-za-prihodnost\/","og_site_name":"Mo\u0161ki odbojkarski klub Krka","article_publisher":"https:\/\/www.facebook.com\/krkavolley\/","article_published_time":"2015-02-03T12:19:10+00:00","author":"mokkrka","twitter_card":"summary_large_image","twitter_misc":{"Written by":"mokkrka","Est. reading time":"3 minute"},"schema":{"@context":"https:\/\/schema.org","@graph":[{"@type":"Article","@id":"https:\/\/krkavolley.si\/site\/2015\/02\/03\/ob-taksnem-podmladku-se-krki-ni-bati-za-prihodnost\/#article","isPartOf":{"@id":"https:\/\/krkavolley.si\/site\/2015\/02\/03\/ob-taksnem-podmladku-se-krki-ni-bati-za-prihodnost\/"},"author":{"name":"mokkrka","@id":"https:\/\/krkavolley.si\/site\/#\/schema\/person\/534ee01c931f76708377719fa8dba01a"},"headline":"Ob tak\u0161nem podmladku se Krki ni bati za prihodnost","datePublished":"2015-02-03T12:19:10+00:00","mainEntityOfPage":{"@id":"https:\/\/krkavolley.si\/site\/2015\/02\/03\/ob-taksnem-podmladku-se-krki-ni-bati-za-prihodnost\/"},"wordCount":694,"publisher":{"@id":"https:\/\/krkavolley.si\/site\/#organization"},"image":{"@id":"https:\/\/krkavolley.si\/site\/2015\/02\/03\/ob-taksnem-podmladku-se-krki-ni-bati-za-prihodnost\/#primaryimage"},"thumbnailUrl":"","keywords":["mladi upi"],"inLanguage":"sl-SI"},{"@type":"WebPage","@id":"https:\/\/krkavolley.si\/site\/2015\/02\/03\/ob-taksnem-podmladku-se-krki-ni-bati-za-prihodnost\/","url":"https:\/\/krkavolley.si\/site\/2015\/02\/03\/ob-taksnem-podmladku-se-krki-ni-bati-za-prihodnost\/","name":"Ob tak\u0161nem podmladku se Krki ni bati za prihodnost","isPartOf":{"@id":"https:\/\/krkavolley.si\/site\/#website"},"primaryImageOfPage":{"@id":"https:\/\/krkavolley.si\/site\/2015\/02\/03\/ob-taksnem-podmladku-se-krki-ni-bati-za-prihodnost\/#primaryimage"},"image":{"@id":"https:\/\/krkavolley.si\/site\/2015\/02\/03\/ob-taksnem-podmladku-se-krki-ni-bati-za-prihodnost\/#primaryimage"},"thumbnailUrl":"","datePublished":"2015-02-03T12:19:10+00:00","description":"Mo\u0161ki odbojkarski klub Krka slovi po svojem mo\u010dnem podmladku in trdni viziji gradnje prihodnosti na doma vzgojenih igralcih.","breadcrumb":{"@id":"https:\/\/krkavolley.si\/site\/2015\/02\/03\/ob-taksnem-podmladku-se-krki-ni-bati-za-prihodnost\/#breadcrumb"},"inLanguage":"sl-SI","potentialAction":[{"@type":"ReadAction","target":["https:\/\/krkavolley.si\/site\/2015\/02\/03\/ob-taksnem-podmladku-se-krki-ni-bati-za-prihodnost\/"]}]},{"@type":"ImageObject","inLanguage":"sl-SI","@id":"https:\/\/krkavolley.si\/site\/2015\/02\/03\/ob-taksnem-podmladku-se-krki-ni-bati-za-prihodnost\/#primaryimage","url":"","contentUrl":""},{"@type":"BreadcrumbList","@id":"https:\/\/krkavolley.si\/site\/2015\/02\/03\/ob-taksnem-podmladku-se-krki-ni-bati-za-prihodnost\/#breadcrumb","itemListElement":[{"@type":"ListItem","position":1,"name":"Home","item":"https:\/\/krkavolley.si\/site\/"},{"@type":"ListItem","position":2,"name":"Ob tak\u0161nem podmladku se Krki ni bati za prihodnost"}]},{"@type":"WebSite","@id":"https:\/\/krkavolley.si\/site\/#website","url":"https:\/\/krkavolley.si\/site\/","name":"Mo\u0161ki odbojkarski klub Krka","description":"Novo mesto","publisher":{"@id":"https:\/\/krkavolley.si\/site\/#organization"},"potentialAction":[{"@type":"SearchAction","target":{"@type":"EntryPoint","urlTemplate":"https:\/\/krkavolley.si\/site\/?s={search_term_string}"},"query-input":{"@type":"PropertyValueSpecification","valueRequired":true,"valueName":"search_term_string"}}],"inLanguage":"sl-SI"},{"@type":"Organization","@id":"https:\/\/krkavolley.si\/site\/#organization","name":"Mo\u0161ki odbojkarski klub Krka","url":"https:\/\/krkavolley.si\/site\/","logo":{"@type":"ImageObject","inLanguage":"sl-SI","@id":"https:\/\/krkavolley.si\/site\/#\/schema\/logo\/image\/","url":"https:\/\/krkavolley.si\/site\/wp-content\/uploads\/2017\/03\/mok_krka_squared.jpg","contentUrl":"https:\/\/krkavolley.si\/site\/wp-content\/uploads\/2017\/03\/mok_krka_squared.jpg","width":500,"height":500,"caption":"Mo\u0161ki odbojkarski klub Krka"},"image":{"@id":"https:\/\/krkavolley.si\/site\/#\/schema\/logo\/image\/"},"sameAs":["https:\/\/www.facebook.com\/krkavolley\/","https:\/\/www.youtube.com\/channel\/UC-9mw6XzAdOheQVW-nJxBDg"]},{"@type":"Person","@id":"https:\/\/krkavolley.si\/site\/#\/schema\/person\/534ee01c931f76708377719fa8dba01a","name":"mokkrka","image":{"@type":"ImageObject","inLanguage":"sl-SI","@id":"https:\/\/krkavolley.si\/site\/#\/schema\/person\/image\/","url":"https:\/\/secure.gravatar.com\/avatar\/47a045e234f1661f7ec6f2ebf50b4de78c561f36cd8df312c2474dc659604592?s=96&d=mm&r=g","contentUrl":"https:\/\/secure.gravatar.com\/avatar\/47a045e234f1661f7ec6f2ebf50b4de78c561f36cd8df312c2474dc659604592?s=96&d=mm&r=g","caption":"mokkrka"},"url":"https:\/\/krkavolley.si\/site\/author\/mokkrka\/"}]}},"_links":{"self":[{"href":"https:\/\/krkavolley.si\/site\/wp-json\/wp\/v2\/posts\/1276","targetHints":{"allow":["GET"]}}],"collection":[{"href":"https:\/\/krkavolley.si\/site\/wp-json\/wp\/v2\/posts"}],"about":[{"href":"https:\/\/krkavolley.si\/site\/wp-json\/wp\/v2\/types\/post"}],"author":[{"embeddable":true,"href":"https:\/\/krkavolley.si\/site\/wp-json\/wp\/v2\/users\/1"}],"replies":[{"embeddable":true,"href":"https:\/\/krkavolley.si\/site\/wp-json\/wp\/v2\/comments?post=1276"}],"version-history":[{"count":0,"href":"https:\/\/krkavolley.si\/site\/wp-json\/wp\/v2\/posts\/1276\/revisions"}],"wp:featuredmedia":[{"embeddable":true,"href":"https:\/\/krkavolley.si\/site\/wp-json\/"}],"wp:attachment":[{"href":"https:\/\/krkavolley.si\/site\/wp-json\/wp\/v2\/media?parent=1276"}],"wp:term":[{"taxonomy":"category","embeddable":true,"href":"https:\/\/krkavolley.si\/site\/wp-json\/wp\/v2\/categories?post=1276"},{"taxonomy":"post_tag","embeddable":true,"href":"https:\/\/krkavolley.si\/site\/wp-json\/wp\/v2\/tags?post=1276"}],"curies":[{"name":"wp","href":"https:\/\/api.w.org\/{rel}","templated":true}]}}