{"id":2152,"date":"2015-09-14T21:40:26","date_gmt":"2015-09-14T19:40:26","guid":{"rendered":"https:\/\/krkavolley.si\/?p=2152"},"modified":"2015-09-14T21:40:26","modified_gmt":"2015-09-14T19:40:26","slug":"slovenski-mladinci-na-sp-med-8-najboljsih","status":"publish","type":"post","link":"https:\/\/krkavolley.si\/site\/2015\/09\/14\/slovenski-mladinci-na-sp-med-8-najboljsih\/","title":{"rendered":"Slovenski mladinci na SP med 8 najbolj\u0161ih!"},"content":{"rendered":"<p>Slovenska mladinska reprezentanca v odbojki pi\u0161e novo zgodbo o uspehu. \u017de uvrstitev na svetovno prvenstvo, ki je te dni v Mehiki, je bila uspeh. Nadgradnja, uvrstitev med najbolj\u0161ih osem mladinskih reprezentanc sveta pa je dose\u017eek vreden ob\u010dudovanja.\u00a0Tudi za, \u017eal z odbojko premalo seznanjeno, slovensko \u0161portno javnost.\u00a0<!--more--><\/p>\n<figure id=\"attachment_2153\" aria-describedby=\"caption-attachment-2153\" style=\"width: 350px\" class=\"wp-caption alignright\"><img loading=\"lazy\" decoding=\"async\" class=\"wp-image-2153 size-full\" src=\"https:\/\/krkavolley.si\/page\/wp-content\/uploads\/2015\/09\/Drobnic_reprezentanca.jpg\" alt=\"Zaslu\u017eeno veselje ob uvrstitvi med najbolj\u0161ih 8 mladih reprezentanc na svetu! (foto: FIVB, odbojka.si)\" width=\"350\" height=\"250\" \/><figcaption id=\"caption-attachment-2153\" class=\"wp-caption-text\">Zaslu\u017eeno veselje ob uvrstitvi med najbolj\u0161ih 8 mladih reprezentanc na svetu! (foto: FIVB, odbojka.si)<\/figcaption><\/figure>\n<p>Po porazu v skupini proti Italiji s 3:1, sta sledili <strong>dve zmagi<\/strong>. Prva, <strong>3:1 proti Japonski<\/strong> in druga, po dramati\u010dnem in zmagovitem petem setu &#8211;\u00a0 <strong>3:2 proti Franciji<\/strong>. V slednji so varovanci selektorja Iztoka K\u0161ele pokazali izjemen karakter in nepopustljivost, saj so se izvlekli iz navidez izgubljenega polo\u017eaja. Francozi so bili namre\u010d na pragu zmage ob vodstvu s 11:14, Slovenci pa so se borbeno vrnili v igro in po pravi drami slavili z rezultatom 20:18.<\/p>\n<p>Tekmeci Slovenije v nadaljevanju bodo <strong>Turki<\/strong>, <strong>Brazilci<\/strong>\u00a0in <strong>Argentinci<\/strong>. Med najbolj\u0161ih 8 najdemo \u0161e reprezentance Italije, Kitajske, Rusije in Kanade.\u00a0Gre torej za same\u00a0<strong>odbojkarske velesile<\/strong>. Na\u0161i mladinci pa so zaslu\u017eeno med njimi.<\/p>\n<p>\u010clan reprezentan\u010dne ekipe je tudi <strong>Sergej Drobni\u010d<\/strong> iz Ko\u010devja, od leto\u0161nje sezone <strong>novi igralec Krke<\/strong>. Poleg njega je v izbrani vrsti \u0161e en Dolenjec, \u017du\u017eember\u010dan <strong>Primo\u017e Vidmar<\/strong>, sicer \u010dlan ekipe Calcita iz Kamnika.<\/p>\n<p>Ve\u010d si lahko preberete v <a href=\"http:\/\/www.odbojka.si\/novice\/5342\" target=\"_blank\">prispevku <\/a>na spletni strani odbojkarske zveze ter v <a href=\"http:\/\/www.radiokrka.com\/poglej_clanek.asp?ID_clanka=182760\" target=\"_blank\">prispevku <\/a>na spletni strani Radia Krka.<\/p>\n<p><strong>\u010cestitke!<\/strong><\/p>\n<p>MOK Krka<\/p>\n","protected":false},"excerpt":{"rendered":"<p>Slovenska mladinska reprezentanca v odbojki pi\u0161e novo zgodbo o uspehu. \u017de uvrstitev na svetovno prvenstvo, ki je te dni v Mehiki, je bila uspeh. Nadgradnja, uvrstitev med najbolj\u0161ih osem mladinskih&hellip; <\/p>\n<p class=\"chuchadon-read-more\"><a href=\"https:\/\/krkavolley.si\/site\/2015\/09\/14\/slovenski-mladinci-na-sp-med-8-najboljsih\/\" class=\"more-link\">Beri dalje&#8230;<\/a><\/p>\n","protected":false},"author":1,"featured_media":2154,"comment_status":"closed","ping_status":"closed","sticky":false,"template":"","format":"standard","meta":{"footnotes":""},"categories":[1],"tags":[68,69],"class_list":["post-2152","post","type-post","status-publish","format-standard","has-post-thumbnail","category-nekategorizirano","tag-mladinci","tag-sp-2015","entry"],"yoast_head":"<!-- This site is optimized with the Yoast SEO plugin v26.6 - https:\/\/yoast.com\/wordpress\/plugins\/seo\/ -->\n<title>Slovenski mladinci na SP med 8 najbolj\u0161ih! - Mo\u0161ki odbojkarski klub Krka<\/title>\n<meta name=\"description\" content=\"Slovenski mladinci so se na svetovnem prvenstvu, z enim porazom in dvema zmagama v skupinskem delu, zaslu\u017eeno uvrstili med 8 najbolj\u0161ih!\" \/>\n<meta name=\"robots\" content=\"index, follow, max-snippet:-1, max-image-preview:large, max-video-preview:-1\" \/>\n<link rel=\"canonical\" href=\"https:\/\/krkavolley.si\/site\/2015\/09\/14\/slovenski-mladinci-na-sp-med-8-najboljsih\/\" \/>\n<meta property=\"og:locale\" content=\"sl_SI\" \/>\n<meta property=\"og:type\" content=\"article\" \/>\n<meta property=\"og:title\" content=\"Slovenski mladinci na SP med 8 najbolj\u0161ih! - Mo\u0161ki odbojkarski klub Krka\" \/>\n<meta property=\"og:description\" content=\"Mladinska izbrana vrsta odbojkarjev se je zaslu\u017eeno uvrstila med najbolj\u0161ih 8 ekip na svetu!\" \/>\n<meta property=\"og:url\" content=\"https:\/\/krkavolley.si\/site\/2015\/09\/14\/slovenski-mladinci-na-sp-med-8-najboljsih\/\" \/>\n<meta property=\"og:site_name\" content=\"Mo\u0161ki odbojkarski klub Krka\" \/>\n<meta property=\"article:publisher\" content=\"https:\/\/www.facebook.com\/krkavolley\/\" \/>\n<meta property=\"article:published_time\" content=\"2015-09-14T19:40:26+00:00\" \/>\n<meta name=\"author\" content=\"mokkrka\" \/>\n<meta name=\"twitter:card\" content=\"summary_large_image\" \/>\n<meta name=\"twitter:label1\" content=\"Written by\" \/>\n\t<meta name=\"twitter:data1\" content=\"mokkrka\" \/>\n\t<meta name=\"twitter:label2\" content=\"Est. reading time\" \/>\n\t<meta name=\"twitter:data2\" content=\"1 minuta\" \/>\n<script type=\"application\/ld+json\" class=\"yoast-schema-graph\">{\"@context\":\"https:\/\/schema.org\",\"@graph\":[{\"@type\":\"Article\",\"@id\":\"https:\/\/krkavolley.si\/site\/2015\/09\/14\/slovenski-mladinci-na-sp-med-8-najboljsih\/#article\",\"isPartOf\":{\"@id\":\"https:\/\/krkavolley.si\/site\/2015\/09\/14\/slovenski-mladinci-na-sp-med-8-najboljsih\/\"},\"author\":{\"name\":\"mokkrka\",\"@id\":\"https:\/\/krkavolley.si\/site\/#\/schema\/person\/534ee01c931f76708377719fa8dba01a\"},\"headline\":\"Slovenski mladinci na SP med 8 najbolj\u0161ih!\",\"datePublished\":\"2015-09-14T19:40:26+00:00\",\"mainEntityOfPage\":{\"@id\":\"https:\/\/krkavolley.si\/site\/2015\/09\/14\/slovenski-mladinci-na-sp-med-8-najboljsih\/\"},\"wordCount\":249,\"publisher\":{\"@id\":\"https:\/\/krkavolley.si\/site\/#organization\"},\"image\":{\"@id\":\"https:\/\/krkavolley.si\/site\/2015\/09\/14\/slovenski-mladinci-na-sp-med-8-najboljsih\/#primaryimage\"},\"thumbnailUrl\":\"\",\"keywords\":[\"mladinci\",\"sp 2015\"],\"inLanguage\":\"sl-SI\"},{\"@type\":\"WebPage\",\"@id\":\"https:\/\/krkavolley.si\/site\/2015\/09\/14\/slovenski-mladinci-na-sp-med-8-najboljsih\/\",\"url\":\"https:\/\/krkavolley.si\/site\/2015\/09\/14\/slovenski-mladinci-na-sp-med-8-najboljsih\/\",\"name\":\"Slovenski mladinci na SP med 8 najbolj\u0161ih! - Mo\u0161ki odbojkarski klub Krka\",\"isPartOf\":{\"@id\":\"https:\/\/krkavolley.si\/site\/#website\"},\"primaryImageOfPage\":{\"@id\":\"https:\/\/krkavolley.si\/site\/2015\/09\/14\/slovenski-mladinci-na-sp-med-8-najboljsih\/#primaryimage\"},\"image\":{\"@id\":\"https:\/\/krkavolley.si\/site\/2015\/09\/14\/slovenski-mladinci-na-sp-med-8-najboljsih\/#primaryimage\"},\"thumbnailUrl\":\"\",\"datePublished\":\"2015-09-14T19:40:26+00:00\",\"description\":\"Slovenski mladinci so se na svetovnem prvenstvu, z enim porazom in dvema zmagama v skupinskem delu, zaslu\u017eeno uvrstili med 8 najbolj\u0161ih!\",\"breadcrumb\":{\"@id\":\"https:\/\/krkavolley.si\/site\/2015\/09\/14\/slovenski-mladinci-na-sp-med-8-najboljsih\/#breadcrumb\"},\"inLanguage\":\"sl-SI\",\"potentialAction\":[{\"@type\":\"ReadAction\",\"target\":[\"https:\/\/krkavolley.si\/site\/2015\/09\/14\/slovenski-mladinci-na-sp-med-8-najboljsih\/\"]}]},{\"@type\":\"ImageObject\",\"inLanguage\":\"sl-SI\",\"@id\":\"https:\/\/krkavolley.si\/site\/2015\/09\/14\/slovenski-mladinci-na-sp-med-8-najboljsih\/#primaryimage\",\"url\":\"\",\"contentUrl\":\"\"},{\"@type\":\"BreadcrumbList\",\"@id\":\"https:\/\/krkavolley.si\/site\/2015\/09\/14\/slovenski-mladinci-na-sp-med-8-najboljsih\/#breadcrumb\",\"itemListElement\":[{\"@type\":\"ListItem\",\"position\":1,\"name\":\"Home\",\"item\":\"https:\/\/krkavolley.si\/site\/\"},{\"@type\":\"ListItem\",\"position\":2,\"name\":\"Slovenski mladinci na SP med 8 najbolj\u0161ih!\"}]},{\"@type\":\"WebSite\",\"@id\":\"https:\/\/krkavolley.si\/site\/#website\",\"url\":\"https:\/\/krkavolley.si\/site\/\",\"name\":\"Mo\u0161ki odbojkarski klub Krka\",\"description\":\"Novo mesto\",\"publisher\":{\"@id\":\"https:\/\/krkavolley.si\/site\/#organization\"},\"potentialAction\":[{\"@type\":\"SearchAction\",\"target\":{\"@type\":\"EntryPoint\",\"urlTemplate\":\"https:\/\/krkavolley.si\/site\/?s={search_term_string}\"},\"query-input\":{\"@type\":\"PropertyValueSpecification\",\"valueRequired\":true,\"valueName\":\"search_term_string\"}}],\"inLanguage\":\"sl-SI\"},{\"@type\":\"Organization\",\"@id\":\"https:\/\/krkavolley.si\/site\/#organization\",\"name\":\"Mo\u0161ki odbojkarski klub Krka\",\"url\":\"https:\/\/krkavolley.si\/site\/\",\"logo\":{\"@type\":\"ImageObject\",\"inLanguage\":\"sl-SI\",\"@id\":\"https:\/\/krkavolley.si\/site\/#\/schema\/logo\/image\/\",\"url\":\"https:\/\/krkavolley.si\/site\/wp-content\/uploads\/2017\/03\/mok_krka_squared.jpg\",\"contentUrl\":\"https:\/\/krkavolley.si\/site\/wp-content\/uploads\/2017\/03\/mok_krka_squared.jpg\",\"width\":500,\"height\":500,\"caption\":\"Mo\u0161ki odbojkarski klub Krka\"},\"image\":{\"@id\":\"https:\/\/krkavolley.si\/site\/#\/schema\/logo\/image\/\"},\"sameAs\":[\"https:\/\/www.facebook.com\/krkavolley\/\",\"https:\/\/www.youtube.com\/channel\/UC-9mw6XzAdOheQVW-nJxBDg\"]},{\"@type\":\"Person\",\"@id\":\"https:\/\/krkavolley.si\/site\/#\/schema\/person\/534ee01c931f76708377719fa8dba01a\",\"name\":\"mokkrka\",\"image\":{\"@type\":\"ImageObject\",\"inLanguage\":\"sl-SI\",\"@id\":\"https:\/\/krkavolley.si\/site\/#\/schema\/person\/image\/\",\"url\":\"https:\/\/secure.gravatar.com\/avatar\/47a045e234f1661f7ec6f2ebf50b4de78c561f36cd8df312c2474dc659604592?s=96&d=mm&r=g\",\"contentUrl\":\"https:\/\/secure.gravatar.com\/avatar\/47a045e234f1661f7ec6f2ebf50b4de78c561f36cd8df312c2474dc659604592?s=96&d=mm&r=g\",\"caption\":\"mokkrka\"},\"url\":\"https:\/\/krkavolley.si\/site\/author\/mokkrka\/\"}]}<\/script>\n<!-- \/ Yoast SEO plugin. -->","yoast_head_json":{"title":"Slovenski mladinci na SP med 8 najbolj\u0161ih! - Mo\u0161ki odbojkarski klub Krka","description":"Slovenski mladinci so se na svetovnem prvenstvu, z enim porazom in dvema zmagama v skupinskem delu, zaslu\u017eeno uvrstili med 8 najbolj\u0161ih!","robots":{"index":"index","follow":"follow","max-snippet":"max-snippet:-1","max-image-preview":"max-image-preview:large","max-video-preview":"max-video-preview:-1"},"canonical":"https:\/\/krkavolley.si\/site\/2015\/09\/14\/slovenski-mladinci-na-sp-med-8-najboljsih\/","og_locale":"sl_SI","og_type":"article","og_title":"Slovenski mladinci na SP med 8 najbolj\u0161ih! - Mo\u0161ki odbojkarski klub Krka","og_description":"Mladinska izbrana vrsta odbojkarjev se je zaslu\u017eeno uvrstila med najbolj\u0161ih 8 ekip na svetu!","og_url":"https:\/\/krkavolley.si\/site\/2015\/09\/14\/slovenski-mladinci-na-sp-med-8-najboljsih\/","og_site_name":"Mo\u0161ki odbojkarski klub Krka","article_publisher":"https:\/\/www.facebook.com\/krkavolley\/","article_published_time":"2015-09-14T19:40:26+00:00","author":"mokkrka","twitter_card":"summary_large_image","twitter_misc":{"Written by":"mokkrka","Est. reading time":"1 minuta"},"schema":{"@context":"https:\/\/schema.org","@graph":[{"@type":"Article","@id":"https:\/\/krkavolley.si\/site\/2015\/09\/14\/slovenski-mladinci-na-sp-med-8-najboljsih\/#article","isPartOf":{"@id":"https:\/\/krkavolley.si\/site\/2015\/09\/14\/slovenski-mladinci-na-sp-med-8-najboljsih\/"},"author":{"name":"mokkrka","@id":"https:\/\/krkavolley.si\/site\/#\/schema\/person\/534ee01c931f76708377719fa8dba01a"},"headline":"Slovenski mladinci na SP med 8 najbolj\u0161ih!","datePublished":"2015-09-14T19:40:26+00:00","mainEntityOfPage":{"@id":"https:\/\/krkavolley.si\/site\/2015\/09\/14\/slovenski-mladinci-na-sp-med-8-najboljsih\/"},"wordCount":249,"publisher":{"@id":"https:\/\/krkavolley.si\/site\/#organization"},"image":{"@id":"https:\/\/krkavolley.si\/site\/2015\/09\/14\/slovenski-mladinci-na-sp-med-8-najboljsih\/#primaryimage"},"thumbnailUrl":"","keywords":["mladinci","sp 2015"],"inLanguage":"sl-SI"},{"@type":"WebPage","@id":"https:\/\/krkavolley.si\/site\/2015\/09\/14\/slovenski-mladinci-na-sp-med-8-najboljsih\/","url":"https:\/\/krkavolley.si\/site\/2015\/09\/14\/slovenski-mladinci-na-sp-med-8-najboljsih\/","name":"Slovenski mladinci na SP med 8 najbolj\u0161ih! - Mo\u0161ki odbojkarski klub Krka","isPartOf":{"@id":"https:\/\/krkavolley.si\/site\/#website"},"primaryImageOfPage":{"@id":"https:\/\/krkavolley.si\/site\/2015\/09\/14\/slovenski-mladinci-na-sp-med-8-najboljsih\/#primaryimage"},"image":{"@id":"https:\/\/krkavolley.si\/site\/2015\/09\/14\/slovenski-mladinci-na-sp-med-8-najboljsih\/#primaryimage"},"thumbnailUrl":"","datePublished":"2015-09-14T19:40:26+00:00","description":"Slovenski mladinci so se na svetovnem prvenstvu, z enim porazom in dvema zmagama v skupinskem delu, zaslu\u017eeno uvrstili med 8 najbolj\u0161ih!","breadcrumb":{"@id":"https:\/\/krkavolley.si\/site\/2015\/09\/14\/slovenski-mladinci-na-sp-med-8-najboljsih\/#breadcrumb"},"inLanguage":"sl-SI","potentialAction":[{"@type":"ReadAction","target":["https:\/\/krkavolley.si\/site\/2015\/09\/14\/slovenski-mladinci-na-sp-med-8-najboljsih\/"]}]},{"@type":"ImageObject","inLanguage":"sl-SI","@id":"https:\/\/krkavolley.si\/site\/2015\/09\/14\/slovenski-mladinci-na-sp-med-8-najboljsih\/#primaryimage","url":"","contentUrl":""},{"@type":"BreadcrumbList","@id":"https:\/\/krkavolley.si\/site\/2015\/09\/14\/slovenski-mladinci-na-sp-med-8-najboljsih\/#breadcrumb","itemListElement":[{"@type":"ListItem","position":1,"name":"Home","item":"https:\/\/krkavolley.si\/site\/"},{"@type":"ListItem","position":2,"name":"Slovenski mladinci na SP med 8 najbolj\u0161ih!"}]},{"@type":"WebSite","@id":"https:\/\/krkavolley.si\/site\/#website","url":"https:\/\/krkavolley.si\/site\/","name":"Mo\u0161ki odbojkarski klub Krka","description":"Novo mesto","publisher":{"@id":"https:\/\/krkavolley.si\/site\/#organization"},"potentialAction":[{"@type":"SearchAction","target":{"@type":"EntryPoint","urlTemplate":"https:\/\/krkavolley.si\/site\/?s={search_term_string}"},"query-input":{"@type":"PropertyValueSpecification","valueRequired":true,"valueName":"search_term_string"}}],"inLanguage":"sl-SI"},{"@type":"Organization","@id":"https:\/\/krkavolley.si\/site\/#organization","name":"Mo\u0161ki odbojkarski klub Krka","url":"https:\/\/krkavolley.si\/site\/","logo":{"@type":"ImageObject","inLanguage":"sl-SI","@id":"https:\/\/krkavolley.si\/site\/#\/schema\/logo\/image\/","url":"https:\/\/krkavolley.si\/site\/wp-content\/uploads\/2017\/03\/mok_krka_squared.jpg","contentUrl":"https:\/\/krkavolley.si\/site\/wp-content\/uploads\/2017\/03\/mok_krka_squared.jpg","width":500,"height":500,"caption":"Mo\u0161ki odbojkarski klub Krka"},"image":{"@id":"https:\/\/krkavolley.si\/site\/#\/schema\/logo\/image\/"},"sameAs":["https:\/\/www.facebook.com\/krkavolley\/","https:\/\/www.youtube.com\/channel\/UC-9mw6XzAdOheQVW-nJxBDg"]},{"@type":"Person","@id":"https:\/\/krkavolley.si\/site\/#\/schema\/person\/534ee01c931f76708377719fa8dba01a","name":"mokkrka","image":{"@type":"ImageObject","inLanguage":"sl-SI","@id":"https:\/\/krkavolley.si\/site\/#\/schema\/person\/image\/","url":"https:\/\/secure.gravatar.com\/avatar\/47a045e234f1661f7ec6f2ebf50b4de78c561f36cd8df312c2474dc659604592?s=96&d=mm&r=g","contentUrl":"https:\/\/secure.gravatar.com\/avatar\/47a045e234f1661f7ec6f2ebf50b4de78c561f36cd8df312c2474dc659604592?s=96&d=mm&r=g","caption":"mokkrka"},"url":"https:\/\/krkavolley.si\/site\/author\/mokkrka\/"}]}},"_links":{"self":[{"href":"https:\/\/krkavolley.si\/site\/wp-json\/wp\/v2\/posts\/2152","targetHints":{"allow":["GET"]}}],"collection":[{"href":"https:\/\/krkavolley.si\/site\/wp-json\/wp\/v2\/posts"}],"about":[{"href":"https:\/\/krkavolley.si\/site\/wp-json\/wp\/v2\/types\/post"}],"author":[{"embeddable":true,"href":"https:\/\/krkavolley.si\/site\/wp-json\/wp\/v2\/users\/1"}],"replies":[{"embeddable":true,"href":"https:\/\/krkavolley.si\/site\/wp-json\/wp\/v2\/comments?post=2152"}],"version-history":[{"count":0,"href":"https:\/\/krkavolley.si\/site\/wp-json\/wp\/v2\/posts\/2152\/revisions"}],"wp:featuredmedia":[{"embeddable":true,"href":"https:\/\/krkavolley.si\/site\/wp-json\/"}],"wp:attachment":[{"href":"https:\/\/krkavolley.si\/site\/wp-json\/wp\/v2\/media?parent=2152"}],"wp:term":[{"taxonomy":"category","embeddable":true,"href":"https:\/\/krkavolley.si\/site\/wp-json\/wp\/v2\/categories?post=2152"},{"taxonomy":"post_tag","embeddable":true,"href":"https:\/\/krkavolley.si\/site\/wp-json\/wp\/v2\/tags?post=2152"}],"curies":[{"name":"wp","href":"https:\/\/api.w.org\/{rel}","templated":true}]}}