{"id":2782,"date":"2015-12-21T09:28:57","date_gmt":"2015-12-21T08:28:57","guid":{"rendered":"https:\/\/krkavolley.si\/?p=2782"},"modified":"2015-12-21T09:28:57","modified_gmt":"2015-12-21T08:28:57","slug":"starejsi-decki-v-b-ligo","status":"publish","type":"post","link":"https:\/\/krkavolley.si\/site\/2015\/12\/21\/starejsi-decki-v-b-ligo\/","title":{"rendered":"Starej\u0161i de\u010dki v B-ligo"},"content":{"rendered":"<p>V nedeljo, 20. 12. 2015, je\u00a0v \u0160portni dvorani Gaj v Ko\u010devju potekal 5. krog kvalifikacij za starej\u0161e de\u010dke v skupini F. Nastopili so odbojkarji Krke, Calcita, Ko\u010devja in Kostanjevice.<!--more--><\/p>\n<p>Najzvestej\u0161i pripadniki ekipe starej\u0161ih de\u010dkov, Alja\u017e Ogulin, Janez \u017du\u017eek, Valentin Gale\u0161a, Alja\u017e Fink, Tim Peterlin, Jaka Pavlin, Jaka Petkovi\u0107, David Cimerman\u010di\u010d in Domen \u0160etina so v zadnjem krogu kvalifikacij za A ligo poizku\u0161ali z novo takti\u010dno zamislijo trenerja Andreja Praha prelisi\u010diti prve favorite skupine F \u2013 Calcit Kamnik ter se z eventualno zmago zavihteti v A ligo.<\/p>\n<p>V ta namen so mlaj\u0161i odbojkarji brez udele\u017ebe obeh najstarej\u0161ih, \u017du\u017eija in Ogija, v postavi Jaka Pavlin, David Cimerman\u010di\u010d, libero Tim Peterlin, Domen \u0160etina, Valentin Gale\u0161a, Jaka Petkovi\u0107 in Alja\u017e Fink brez ve\u010djih napak v sistemu 6 \u2013 0 v prvi tekmi s 25 : 9 in 25 : 15 premagali doma\u010de odbojkarje pred o\u010dmi trenerja Kamnika Sitarja, ki si je vso tekmo nekaj zapisoval.<\/p>\n<p>Proti Kamni\u010danom je nastopila postava \u017du\u017eek, Ogulin, Gale\u0161a, libero Peterlin, Fink, \u0160etina in Petkovi\u0107 . Takti\u010dna zamisel s sistemom 3- 2- 1 B varianta, kot jo je poimenoval trener Prah, bi morala dati u\u010dinke le v primeru, da bi bil sprejem Krke vsaj 60%.<\/p>\n<p>\u017de na ogrevanju pred tekmo je bilo slutiti, na kaj je opozoril svoje igralce v sla\u010dilnici pred tekmo Sitar. Igralci Kamnika so s pravimi salvami servisov dali vedeti, da sprejemalcem Krke \u0161e zdale\u010d ne bo lahko.<\/p>\n<p>\u017de od samega za\u010detka 1. seta so Mujanovi\u0107, \u0160tebe, Prah, Bla\u017eevi\u010d , Rode in Kutnar s svojimi servisi omogo\u010dili, da so bili Krkini napadi bolj re\u0161evanje \u017eog kot pa zanesljive realizacije. Kljub odmoroma pri 3 : 8 in 3 : 11 so omenjeni igralci nadaljevali z ostrimi servisi, dobro izvedenimi akcijami v obrambi ter izvrstni organizaciji raznovrstnih in u\u010dinkovitih napadov (od mo\u010dnih udarcev do blok outov in varanj v razli\u010dne smeri) ter po 20 minutah tako dobesedno \u201czajezili\u201d Krko na 14. to\u010dki.<\/p>\n<p>V drugem nizu so Krka\u0161i poizku\u0161ali popraviti sprejem. Delno jim je to uspelo ter tako so \u0161e sledili do 9. to\u010dke oziroma do 6. izena\u010denja v drugem nizu. Toda Kamni\u010dani niso popustili. \u0160e ve\u010d. Kapetan \u0160tebe je s svojimi raznovrstnimi in vrhunskimi servisi povsem odvzel voljo do igre sprejemalcem Krke in tudi po odmoru Krke pri 9 : 12 neusmiljeno nadaljeval svoje odli\u010dno delo. Prednost je narasla kar na 15 : 9. Kamni\u0161ki odbojkarji niso popustili ter s servisi Praha in Bla\u017eevi\u010da ter napadi prek Kutnarja, Praha in Mujanovi\u010da re\u0161etali sicer Krkino borbeno obrambo. Po vsega 17 minutah so Kamni\u010dani zaslu\u017eeno slavili uvrstitev v A ligo s 25 : 14. (Delni izid 16 : 5.)<\/p>\n<p>Najbolj u\u010dinkovit igralec pri Krki je bil kapetan Janez \u017du\u017eek. Ostali igralci prve postave so se sicer zelo trudili vendar pa zaradi slab\u0161ega znanja v obrambnih nalogah, sprejemanju in serviranju enostavno niso bili dorasli tekmecem, ki so prikazali lepo demonstracijo tehnike postavljanja rok pri sprejemanju in obrambnih nalogah (Italijanska \u0161ola sprejemanja) ter serviranju (float servisi z delno pokr\u010deno roko, ki jo je \u0161e mogo\u010de hitro zaustaviti oziroma tudi tako servirati v prednje cone nasprotnika). Krkini igralci so bili bolj\u0161i le v elementu blokiranja, kjer sta se najbolj izkazala Jaka Petkovi\u010d in Janez \u017du\u017eek.<\/p>\n<p>Izjava trenerja Calcita Sitarja: \u201cMoja ekipa je igrala svojo najbolj\u0161o tekmo in me prijetno presenetila s prikazanim pristopom in resnostjo.\u201d<\/p>\n<p>Trener Krke Prah: \u201cProti tako razigrani ekipi smo bili brez idej in mo\u010di. Hvala nasprotnikom za demonstracijo odli\u010dne odbojke.\u201d<\/p>\n<p>MOK<\/p>\n","protected":false},"excerpt":{"rendered":"<p>V nedeljo, 20. 12. 2015, je\u00a0v \u0160portni dvorani Gaj v Ko\u010devju potekal 5. krog kvalifikacij za starej\u0161e de\u010dke v skupini F. Nastopili so odbojkarji Krke, Calcita, Ko\u010devja in Kostanjevice.<\/p>\n","protected":false},"author":1,"featured_media":2183,"comment_status":"closed","ping_status":"closed","sticky":false,"template":"","format":"standard","meta":{"footnotes":""},"categories":[1],"tags":[35,7],"class_list":["post-2782","post","type-post","status-publish","format-standard","has-post-thumbnail","category-nekategorizirano","tag-kocevje","tag-starejsi-decki","entry"],"yoast_head":"<!-- This site is optimized with the Yoast SEO plugin v26.6 - https:\/\/yoast.com\/wordpress\/plugins\/seo\/ -->\n<title>Starej\u0161i de\u010dki v B-ligo - Mo\u0161ki odbojkarski klub Krka<\/title>\n<meta name=\"description\" content=\"V nedeljo, 20. 12. 2015, je v \u0160portni dvorani Gaj v Ko\u010devju potekal 5. krog kvalifikacij za starej\u0161e de\u010dke v skupini F.\" \/>\n<meta name=\"robots\" content=\"index, follow, max-snippet:-1, max-image-preview:large, max-video-preview:-1\" \/>\n<link rel=\"canonical\" href=\"https:\/\/krkavolley.si\/site\/2015\/12\/21\/starejsi-decki-v-b-ligo\/\" \/>\n<meta property=\"og:locale\" content=\"sl_SI\" \/>\n<meta property=\"og:type\" content=\"article\" \/>\n<meta property=\"og:title\" content=\"Starej\u0161i de\u010dki v B-ligo - Mo\u0161ki odbojkarski klub Krka\" \/>\n<meta property=\"og:description\" content=\"V nedeljo, 20. 12. 2015, je v \u0160portni dvorani Gaj v Ko\u010devju potekal 5. krog kvalifikacij za starej\u0161e de\u010dke v skupini F.\" \/>\n<meta property=\"og:url\" content=\"https:\/\/krkavolley.si\/site\/2015\/12\/21\/starejsi-decki-v-b-ligo\/\" \/>\n<meta property=\"og:site_name\" content=\"Mo\u0161ki odbojkarski klub Krka\" \/>\n<meta property=\"article:publisher\" content=\"https:\/\/www.facebook.com\/krkavolley\/\" \/>\n<meta property=\"article:published_time\" content=\"2015-12-21T08:28:57+00:00\" \/>\n<meta name=\"author\" content=\"mokkrka\" \/>\n<meta name=\"twitter:card\" content=\"summary_large_image\" \/>\n<meta name=\"twitter:label1\" content=\"Written by\" \/>\n\t<meta name=\"twitter:data1\" content=\"mokkrka\" \/>\n\t<meta name=\"twitter:label2\" content=\"Est. reading time\" \/>\n\t<meta name=\"twitter:data2\" content=\"3 minute\" \/>\n<script type=\"application\/ld+json\" class=\"yoast-schema-graph\">{\"@context\":\"https:\/\/schema.org\",\"@graph\":[{\"@type\":\"Article\",\"@id\":\"https:\/\/krkavolley.si\/site\/2015\/12\/21\/starejsi-decki-v-b-ligo\/#article\",\"isPartOf\":{\"@id\":\"https:\/\/krkavolley.si\/site\/2015\/12\/21\/starejsi-decki-v-b-ligo\/\"},\"author\":{\"name\":\"mokkrka\",\"@id\":\"https:\/\/krkavolley.si\/site\/#\/schema\/person\/534ee01c931f76708377719fa8dba01a\"},\"headline\":\"Starej\u0161i de\u010dki v B-ligo\",\"datePublished\":\"2015-12-21T08:28:57+00:00\",\"mainEntityOfPage\":{\"@id\":\"https:\/\/krkavolley.si\/site\/2015\/12\/21\/starejsi-decki-v-b-ligo\/\"},\"wordCount\":585,\"publisher\":{\"@id\":\"https:\/\/krkavolley.si\/site\/#organization\"},\"image\":{\"@id\":\"https:\/\/krkavolley.si\/site\/2015\/12\/21\/starejsi-decki-v-b-ligo\/#primaryimage\"},\"thumbnailUrl\":\"\",\"keywords\":[\"ko\u010devje\",\"starej\u0161i de\u010dki\"],\"inLanguage\":\"sl-SI\"},{\"@type\":\"WebPage\",\"@id\":\"https:\/\/krkavolley.si\/site\/2015\/12\/21\/starejsi-decki-v-b-ligo\/\",\"url\":\"https:\/\/krkavolley.si\/site\/2015\/12\/21\/starejsi-decki-v-b-ligo\/\",\"name\":\"Starej\u0161i de\u010dki v B-ligo - Mo\u0161ki odbojkarski klub Krka\",\"isPartOf\":{\"@id\":\"https:\/\/krkavolley.si\/site\/#website\"},\"primaryImageOfPage\":{\"@id\":\"https:\/\/krkavolley.si\/site\/2015\/12\/21\/starejsi-decki-v-b-ligo\/#primaryimage\"},\"image\":{\"@id\":\"https:\/\/krkavolley.si\/site\/2015\/12\/21\/starejsi-decki-v-b-ligo\/#primaryimage\"},\"thumbnailUrl\":\"\",\"datePublished\":\"2015-12-21T08:28:57+00:00\",\"description\":\"V nedeljo, 20. 12. 2015, je v \u0160portni dvorani Gaj v Ko\u010devju potekal 5. krog kvalifikacij za starej\u0161e de\u010dke v skupini F.\",\"breadcrumb\":{\"@id\":\"https:\/\/krkavolley.si\/site\/2015\/12\/21\/starejsi-decki-v-b-ligo\/#breadcrumb\"},\"inLanguage\":\"sl-SI\",\"potentialAction\":[{\"@type\":\"ReadAction\",\"target\":[\"https:\/\/krkavolley.si\/site\/2015\/12\/21\/starejsi-decki-v-b-ligo\/\"]}]},{\"@type\":\"ImageObject\",\"inLanguage\":\"sl-SI\",\"@id\":\"https:\/\/krkavolley.si\/site\/2015\/12\/21\/starejsi-decki-v-b-ligo\/#primaryimage\",\"url\":\"\",\"contentUrl\":\"\"},{\"@type\":\"BreadcrumbList\",\"@id\":\"https:\/\/krkavolley.si\/site\/2015\/12\/21\/starejsi-decki-v-b-ligo\/#breadcrumb\",\"itemListElement\":[{\"@type\":\"ListItem\",\"position\":1,\"name\":\"Home\",\"item\":\"https:\/\/krkavolley.si\/site\/\"},{\"@type\":\"ListItem\",\"position\":2,\"name\":\"Starej\u0161i de\u010dki v B-ligo\"}]},{\"@type\":\"WebSite\",\"@id\":\"https:\/\/krkavolley.si\/site\/#website\",\"url\":\"https:\/\/krkavolley.si\/site\/\",\"name\":\"Mo\u0161ki odbojkarski klub Krka\",\"description\":\"Novo mesto\",\"publisher\":{\"@id\":\"https:\/\/krkavolley.si\/site\/#organization\"},\"potentialAction\":[{\"@type\":\"SearchAction\",\"target\":{\"@type\":\"EntryPoint\",\"urlTemplate\":\"https:\/\/krkavolley.si\/site\/?s={search_term_string}\"},\"query-input\":{\"@type\":\"PropertyValueSpecification\",\"valueRequired\":true,\"valueName\":\"search_term_string\"}}],\"inLanguage\":\"sl-SI\"},{\"@type\":\"Organization\",\"@id\":\"https:\/\/krkavolley.si\/site\/#organization\",\"name\":\"Mo\u0161ki odbojkarski klub Krka\",\"url\":\"https:\/\/krkavolley.si\/site\/\",\"logo\":{\"@type\":\"ImageObject\",\"inLanguage\":\"sl-SI\",\"@id\":\"https:\/\/krkavolley.si\/site\/#\/schema\/logo\/image\/\",\"url\":\"https:\/\/krkavolley.si\/site\/wp-content\/uploads\/2017\/03\/mok_krka_squared.jpg\",\"contentUrl\":\"https:\/\/krkavolley.si\/site\/wp-content\/uploads\/2017\/03\/mok_krka_squared.jpg\",\"width\":500,\"height\":500,\"caption\":\"Mo\u0161ki odbojkarski klub Krka\"},\"image\":{\"@id\":\"https:\/\/krkavolley.si\/site\/#\/schema\/logo\/image\/\"},\"sameAs\":[\"https:\/\/www.facebook.com\/krkavolley\/\",\"https:\/\/www.youtube.com\/channel\/UC-9mw6XzAdOheQVW-nJxBDg\"]},{\"@type\":\"Person\",\"@id\":\"https:\/\/krkavolley.si\/site\/#\/schema\/person\/534ee01c931f76708377719fa8dba01a\",\"name\":\"mokkrka\",\"image\":{\"@type\":\"ImageObject\",\"inLanguage\":\"sl-SI\",\"@id\":\"https:\/\/krkavolley.si\/site\/#\/schema\/person\/image\/\",\"url\":\"https:\/\/secure.gravatar.com\/avatar\/47a045e234f1661f7ec6f2ebf50b4de78c561f36cd8df312c2474dc659604592?s=96&d=mm&r=g\",\"contentUrl\":\"https:\/\/secure.gravatar.com\/avatar\/47a045e234f1661f7ec6f2ebf50b4de78c561f36cd8df312c2474dc659604592?s=96&d=mm&r=g\",\"caption\":\"mokkrka\"},\"url\":\"https:\/\/krkavolley.si\/site\/author\/mokkrka\/\"}]}<\/script>\n<!-- \/ Yoast SEO plugin. -->","yoast_head_json":{"title":"Starej\u0161i de\u010dki v B-ligo - Mo\u0161ki odbojkarski klub Krka","description":"V nedeljo, 20. 12. 2015, je v \u0160portni dvorani Gaj v Ko\u010devju potekal 5. krog kvalifikacij za starej\u0161e de\u010dke v skupini F.","robots":{"index":"index","follow":"follow","max-snippet":"max-snippet:-1","max-image-preview":"max-image-preview:large","max-video-preview":"max-video-preview:-1"},"canonical":"https:\/\/krkavolley.si\/site\/2015\/12\/21\/starejsi-decki-v-b-ligo\/","og_locale":"sl_SI","og_type":"article","og_title":"Starej\u0161i de\u010dki v B-ligo - Mo\u0161ki odbojkarski klub Krka","og_description":"V nedeljo, 20. 12. 2015, je v \u0160portni dvorani Gaj v Ko\u010devju potekal 5. krog kvalifikacij za starej\u0161e de\u010dke v skupini F.","og_url":"https:\/\/krkavolley.si\/site\/2015\/12\/21\/starejsi-decki-v-b-ligo\/","og_site_name":"Mo\u0161ki odbojkarski klub Krka","article_publisher":"https:\/\/www.facebook.com\/krkavolley\/","article_published_time":"2015-12-21T08:28:57+00:00","author":"mokkrka","twitter_card":"summary_large_image","twitter_misc":{"Written by":"mokkrka","Est. reading time":"3 minute"},"schema":{"@context":"https:\/\/schema.org","@graph":[{"@type":"Article","@id":"https:\/\/krkavolley.si\/site\/2015\/12\/21\/starejsi-decki-v-b-ligo\/#article","isPartOf":{"@id":"https:\/\/krkavolley.si\/site\/2015\/12\/21\/starejsi-decki-v-b-ligo\/"},"author":{"name":"mokkrka","@id":"https:\/\/krkavolley.si\/site\/#\/schema\/person\/534ee01c931f76708377719fa8dba01a"},"headline":"Starej\u0161i de\u010dki v B-ligo","datePublished":"2015-12-21T08:28:57+00:00","mainEntityOfPage":{"@id":"https:\/\/krkavolley.si\/site\/2015\/12\/21\/starejsi-decki-v-b-ligo\/"},"wordCount":585,"publisher":{"@id":"https:\/\/krkavolley.si\/site\/#organization"},"image":{"@id":"https:\/\/krkavolley.si\/site\/2015\/12\/21\/starejsi-decki-v-b-ligo\/#primaryimage"},"thumbnailUrl":"","keywords":["ko\u010devje","starej\u0161i de\u010dki"],"inLanguage":"sl-SI"},{"@type":"WebPage","@id":"https:\/\/krkavolley.si\/site\/2015\/12\/21\/starejsi-decki-v-b-ligo\/","url":"https:\/\/krkavolley.si\/site\/2015\/12\/21\/starejsi-decki-v-b-ligo\/","name":"Starej\u0161i de\u010dki v B-ligo - Mo\u0161ki odbojkarski klub Krka","isPartOf":{"@id":"https:\/\/krkavolley.si\/site\/#website"},"primaryImageOfPage":{"@id":"https:\/\/krkavolley.si\/site\/2015\/12\/21\/starejsi-decki-v-b-ligo\/#primaryimage"},"image":{"@id":"https:\/\/krkavolley.si\/site\/2015\/12\/21\/starejsi-decki-v-b-ligo\/#primaryimage"},"thumbnailUrl":"","datePublished":"2015-12-21T08:28:57+00:00","description":"V nedeljo, 20. 12. 2015, je v \u0160portni dvorani Gaj v Ko\u010devju potekal 5. krog kvalifikacij za starej\u0161e de\u010dke v skupini F.","breadcrumb":{"@id":"https:\/\/krkavolley.si\/site\/2015\/12\/21\/starejsi-decki-v-b-ligo\/#breadcrumb"},"inLanguage":"sl-SI","potentialAction":[{"@type":"ReadAction","target":["https:\/\/krkavolley.si\/site\/2015\/12\/21\/starejsi-decki-v-b-ligo\/"]}]},{"@type":"ImageObject","inLanguage":"sl-SI","@id":"https:\/\/krkavolley.si\/site\/2015\/12\/21\/starejsi-decki-v-b-ligo\/#primaryimage","url":"","contentUrl":""},{"@type":"BreadcrumbList","@id":"https:\/\/krkavolley.si\/site\/2015\/12\/21\/starejsi-decki-v-b-ligo\/#breadcrumb","itemListElement":[{"@type":"ListItem","position":1,"name":"Home","item":"https:\/\/krkavolley.si\/site\/"},{"@type":"ListItem","position":2,"name":"Starej\u0161i de\u010dki v B-ligo"}]},{"@type":"WebSite","@id":"https:\/\/krkavolley.si\/site\/#website","url":"https:\/\/krkavolley.si\/site\/","name":"Mo\u0161ki odbojkarski klub Krka","description":"Novo mesto","publisher":{"@id":"https:\/\/krkavolley.si\/site\/#organization"},"potentialAction":[{"@type":"SearchAction","target":{"@type":"EntryPoint","urlTemplate":"https:\/\/krkavolley.si\/site\/?s={search_term_string}"},"query-input":{"@type":"PropertyValueSpecification","valueRequired":true,"valueName":"search_term_string"}}],"inLanguage":"sl-SI"},{"@type":"Organization","@id":"https:\/\/krkavolley.si\/site\/#organization","name":"Mo\u0161ki odbojkarski klub Krka","url":"https:\/\/krkavolley.si\/site\/","logo":{"@type":"ImageObject","inLanguage":"sl-SI","@id":"https:\/\/krkavolley.si\/site\/#\/schema\/logo\/image\/","url":"https:\/\/krkavolley.si\/site\/wp-content\/uploads\/2017\/03\/mok_krka_squared.jpg","contentUrl":"https:\/\/krkavolley.si\/site\/wp-content\/uploads\/2017\/03\/mok_krka_squared.jpg","width":500,"height":500,"caption":"Mo\u0161ki odbojkarski klub Krka"},"image":{"@id":"https:\/\/krkavolley.si\/site\/#\/schema\/logo\/image\/"},"sameAs":["https:\/\/www.facebook.com\/krkavolley\/","https:\/\/www.youtube.com\/channel\/UC-9mw6XzAdOheQVW-nJxBDg"]},{"@type":"Person","@id":"https:\/\/krkavolley.si\/site\/#\/schema\/person\/534ee01c931f76708377719fa8dba01a","name":"mokkrka","image":{"@type":"ImageObject","inLanguage":"sl-SI","@id":"https:\/\/krkavolley.si\/site\/#\/schema\/person\/image\/","url":"https:\/\/secure.gravatar.com\/avatar\/47a045e234f1661f7ec6f2ebf50b4de78c561f36cd8df312c2474dc659604592?s=96&d=mm&r=g","contentUrl":"https:\/\/secure.gravatar.com\/avatar\/47a045e234f1661f7ec6f2ebf50b4de78c561f36cd8df312c2474dc659604592?s=96&d=mm&r=g","caption":"mokkrka"},"url":"https:\/\/krkavolley.si\/site\/author\/mokkrka\/"}]}},"_links":{"self":[{"href":"https:\/\/krkavolley.si\/site\/wp-json\/wp\/v2\/posts\/2782","targetHints":{"allow":["GET"]}}],"collection":[{"href":"https:\/\/krkavolley.si\/site\/wp-json\/wp\/v2\/posts"}],"about":[{"href":"https:\/\/krkavolley.si\/site\/wp-json\/wp\/v2\/types\/post"}],"author":[{"embeddable":true,"href":"https:\/\/krkavolley.si\/site\/wp-json\/wp\/v2\/users\/1"}],"replies":[{"embeddable":true,"href":"https:\/\/krkavolley.si\/site\/wp-json\/wp\/v2\/comments?post=2782"}],"version-history":[{"count":0,"href":"https:\/\/krkavolley.si\/site\/wp-json\/wp\/v2\/posts\/2782\/revisions"}],"wp:featuredmedia":[{"embeddable":true,"href":"https:\/\/krkavolley.si\/site\/wp-json\/"}],"wp:attachment":[{"href":"https:\/\/krkavolley.si\/site\/wp-json\/wp\/v2\/media?parent=2782"}],"wp:term":[{"taxonomy":"category","embeddable":true,"href":"https:\/\/krkavolley.si\/site\/wp-json\/wp\/v2\/categories?post=2782"},{"taxonomy":"post_tag","embeddable":true,"href":"https:\/\/krkavolley.si\/site\/wp-json\/wp\/v2\/tags?post=2782"}],"curies":[{"name":"wp","href":"https:\/\/api.w.org\/{rel}","templated":true}]}}