{"id":3073,"date":"2016-01-24T10:43:18","date_gmt":"2016-01-24T09:43:18","guid":{"rendered":"https:\/\/krkavolley.si\/?p=3073"},"modified":"2016-01-24T10:43:18","modified_gmt":"2016-01-24T09:43:18","slug":"korak-s-calcitom-drzali-le-v-drugem-nizu","status":"publish","type":"post","link":"https:\/\/krkavolley.si\/site\/2016\/01\/24\/korak-s-calcitom-drzali-le-v-drugem-nizu\/","title":{"rendered":"Korak s Calcitom dr\u017eali le v drugem nizu"},"content":{"rendered":"<p>Odbojkarji Krke so v tekmi 17. kroga 1. DOL v \u0161portni dvorani Marof gostili Calcit Volleyball, ki je bil na koncu bolj\u0161i z 0:3.<!--more--><\/p>\n<p style=\"text-align: center;\">1. DOL za mo\u0161ke, 17. krog<br \/>\n<strong>MOK Krka &#8211; Calcit Volleyball<\/strong><br \/>\n0:3 (-17, -26, -16)<\/p>\n<p style=\"text-align: left;\">Dvorana Marof, gledalcev 100, sodnika: Pevc (\u0160kofja Loka) in Tomec (Novo mesto).<br \/>\n<strong>Krka:<\/strong> L. Brulec, O\u017ebalt, G. Erpi\u010d 3, Vrhov\u0161ek 4, Kosmina 3, U. Erpi\u010d, Drobni\u010d 8, Pucelj, Bregar 1, Malen\u0161ek, Turk 14, Plot.<br \/>\n<strong>Calcit Volleyball:<\/strong> Hribar 1, Novljan 7, T. \u0160tern 18, \u0160talekar 6, Vidmar 2, \u0160tembergar Zupan 5, J. Brulec 3, Lakner 1, Kotnik 8, \u017d. \u0160tern 2, Vide\u010dnik, Konjedic.<\/p>\n<p style=\"text-align: left;\">Odbojkarji Calcita so upravi\u010deno slavili \u0161e svojo 13. zmago v leto\u0161nji sezoni. Krka\u0161i so najve\u010d pokazali v drugem nizu, ko so si priigrali celo zaklju\u010dno \u017eogo, toda razpolo\u017eeni Ton\u010dek \u0160tern in Domen Kotnik sta prepre\u010dila izena\u010denje in gostom priborila \u0161e drugi niz. V tretjem nizu\u00a0je pobudo zopet povsem prevzela gostujo\u010da\u00a0ekipa in po dobri uri igre so tri to\u010dke od\u0161le v Kamnik.<\/p>\n<p style=\"text-align: left;\">Ve\u010d lahko preberete v <a href=\"http:\/\/www.odbojka.si\/novice\/5687\" target=\"_blank\">prispevku <\/a>na spletni strani odbojkarske zveze ali v <a href=\"http:\/\/www.dolenjskilist.si\/2016\/01\/24\/148538\/sport\/odbojka\/Calcitu_enakovredni_le_v_drugem_nizu\/\" target=\"_blank\">prispevku <\/a>na spletni strani Dolenjskega Lista.<\/p>\n<p style=\"text-align: left;\"><span style=\"text-decoration: underline;\">Ostali rezultati 17. kroga:<\/span><br \/>\nFu\u017einar Metal Ravne &#8211; SIP \u0160empeter 1:3<br \/>\nACH Volley &#8211; Maribor 3:0<br \/>\nPanvita Pomgrad &#8211; Salonit Anhovo 3:2<br \/>\nTriglav Kranj &#8211; National \u017dirovnica 3:1<\/p>\n<p style=\"text-align: center;\"><strong><a href=\"http:\/\/bit.ly\/sportnikleta2015\" target=\"_blank\">\u0160portnik leta 2015<\/a> &#8211; vabljeni k <a href=\"http:\/\/bit.ly\/sportnikleta2015\" target=\"_blank\">glasovanju<\/a>!<\/strong><\/p>\n<p style=\"text-align: left;\">Odbojkarji Krke bodo prihodnjo soboto, 30. januarja, v zadnjem krogu prvega dela gostovali v Ljubljani. V \u0161portni dvorani Tivoli se bodo pomerili z ACH Volleyem. Tekma bo ob 19.30.<\/p>\n<p style=\"text-align: left;\"><img loading=\"lazy\" decoding=\"async\" class=\"aligncenter size-full wp-image-3074\" src=\"https:\/\/krkavolley.si\/page\/wp-content\/uploads\/2016\/01\/infografika-17-krka-calcit.png\" alt=\"infografika 17 krka calcit\" width=\"819\" height=\"819\" \/><\/p>\n","protected":false},"excerpt":{"rendered":"<p>Odbojkarji Krke so v tekmi 17. kroga 1. DOL v \u0161portni dvorani Marof gostili Calcit Volleyball, ki je bil na koncu bolj\u0161i z 0:3.<\/p>\n","protected":false},"author":1,"featured_media":3075,"comment_status":"closed","ping_status":"closed","sticky":false,"template":"","format":"standard","meta":{"footnotes":""},"categories":[71,72],"tags":[6],"class_list":["post-3073","post","type-post","status-publish","format-standard","has-post-thumbnail","category-1-dol","category-72","tag-calcit","entry"],"yoast_head":"<!-- This site is optimized with the Yoast SEO plugin v26.6 - https:\/\/yoast.com\/wordpress\/plugins\/seo\/ -->\n<title>Korak s Calcitom dr\u017eali le v drugem nizu - Mo\u0161ki odbojkarski klub Krka<\/title>\n<meta name=\"description\" content=\"Odbojkarji Krke so v tekmi 17. kroga 1. DOL v \u0161portni dvorani Marof gostili Calcit Volleyball, ki je bil na koncu bolj\u0161i z 0:3.\" \/>\n<meta name=\"robots\" content=\"index, follow, max-snippet:-1, max-image-preview:large, max-video-preview:-1\" \/>\n<link rel=\"canonical\" href=\"https:\/\/krkavolley.si\/site\/2016\/01\/24\/korak-s-calcitom-drzali-le-v-drugem-nizu\/\" \/>\n<meta property=\"og:locale\" content=\"sl_SI\" \/>\n<meta property=\"og:type\" content=\"article\" \/>\n<meta property=\"og:title\" content=\"Korak s Calcitom dr\u017eali le v drugem nizu - Mo\u0161ki odbojkarski klub Krka\" \/>\n<meta property=\"og:description\" content=\"Odbojkarji Krke so v tekmi 17. kroga 1. DOL v \u0161portni dvorani Marof gostili Calcit Volleyball, ki je bil na koncu bolj\u0161i z 0:3.\" \/>\n<meta property=\"og:url\" content=\"https:\/\/krkavolley.si\/site\/2016\/01\/24\/korak-s-calcitom-drzali-le-v-drugem-nizu\/\" \/>\n<meta property=\"og:site_name\" content=\"Mo\u0161ki odbojkarski klub Krka\" \/>\n<meta property=\"article:publisher\" content=\"https:\/\/www.facebook.com\/krkavolley\/\" \/>\n<meta property=\"article:published_time\" content=\"2016-01-24T09:43:18+00:00\" \/>\n<meta name=\"author\" content=\"mokkrka\" \/>\n<meta name=\"twitter:card\" content=\"summary_large_image\" \/>\n<meta name=\"twitter:label1\" content=\"Written by\" \/>\n\t<meta name=\"twitter:data1\" content=\"mokkrka\" \/>\n\t<meta name=\"twitter:label2\" content=\"Est. reading time\" \/>\n\t<meta name=\"twitter:data2\" content=\"1 minuta\" \/>\n<script type=\"application\/ld+json\" class=\"yoast-schema-graph\">{\"@context\":\"https:\/\/schema.org\",\"@graph\":[{\"@type\":\"Article\",\"@id\":\"https:\/\/krkavolley.si\/site\/2016\/01\/24\/korak-s-calcitom-drzali-le-v-drugem-nizu\/#article\",\"isPartOf\":{\"@id\":\"https:\/\/krkavolley.si\/site\/2016\/01\/24\/korak-s-calcitom-drzali-le-v-drugem-nizu\/\"},\"author\":{\"name\":\"mokkrka\",\"@id\":\"https:\/\/krkavolley.si\/site\/#\/schema\/person\/534ee01c931f76708377719fa8dba01a\"},\"headline\":\"Korak s Calcitom dr\u017eali le v drugem nizu\",\"datePublished\":\"2016-01-24T09:43:18+00:00\",\"mainEntityOfPage\":{\"@id\":\"https:\/\/krkavolley.si\/site\/2016\/01\/24\/korak-s-calcitom-drzali-le-v-drugem-nizu\/\"},\"wordCount\":240,\"publisher\":{\"@id\":\"https:\/\/krkavolley.si\/site\/#organization\"},\"image\":{\"@id\":\"https:\/\/krkavolley.si\/site\/2016\/01\/24\/korak-s-calcitom-drzali-le-v-drugem-nizu\/#primaryimage\"},\"thumbnailUrl\":\"\",\"keywords\":[\"calcit\"],\"articleSection\":[\"1. DOL\",\"2015\/2016\"],\"inLanguage\":\"sl-SI\"},{\"@type\":\"WebPage\",\"@id\":\"https:\/\/krkavolley.si\/site\/2016\/01\/24\/korak-s-calcitom-drzali-le-v-drugem-nizu\/\",\"url\":\"https:\/\/krkavolley.si\/site\/2016\/01\/24\/korak-s-calcitom-drzali-le-v-drugem-nizu\/\",\"name\":\"Korak s Calcitom dr\u017eali le v drugem nizu - Mo\u0161ki odbojkarski klub Krka\",\"isPartOf\":{\"@id\":\"https:\/\/krkavolley.si\/site\/#website\"},\"primaryImageOfPage\":{\"@id\":\"https:\/\/krkavolley.si\/site\/2016\/01\/24\/korak-s-calcitom-drzali-le-v-drugem-nizu\/#primaryimage\"},\"image\":{\"@id\":\"https:\/\/krkavolley.si\/site\/2016\/01\/24\/korak-s-calcitom-drzali-le-v-drugem-nizu\/#primaryimage\"},\"thumbnailUrl\":\"\",\"datePublished\":\"2016-01-24T09:43:18+00:00\",\"description\":\"Odbojkarji Krke so v tekmi 17. kroga 1. DOL v \u0161portni dvorani Marof gostili Calcit Volleyball, ki je bil na koncu bolj\u0161i z 0:3.\",\"breadcrumb\":{\"@id\":\"https:\/\/krkavolley.si\/site\/2016\/01\/24\/korak-s-calcitom-drzali-le-v-drugem-nizu\/#breadcrumb\"},\"inLanguage\":\"sl-SI\",\"potentialAction\":[{\"@type\":\"ReadAction\",\"target\":[\"https:\/\/krkavolley.si\/site\/2016\/01\/24\/korak-s-calcitom-drzali-le-v-drugem-nizu\/\"]}]},{\"@type\":\"ImageObject\",\"inLanguage\":\"sl-SI\",\"@id\":\"https:\/\/krkavolley.si\/site\/2016\/01\/24\/korak-s-calcitom-drzali-le-v-drugem-nizu\/#primaryimage\",\"url\":\"\",\"contentUrl\":\"\"},{\"@type\":\"BreadcrumbList\",\"@id\":\"https:\/\/krkavolley.si\/site\/2016\/01\/24\/korak-s-calcitom-drzali-le-v-drugem-nizu\/#breadcrumb\",\"itemListElement\":[{\"@type\":\"ListItem\",\"position\":1,\"name\":\"Home\",\"item\":\"https:\/\/krkavolley.si\/site\/\"},{\"@type\":\"ListItem\",\"position\":2,\"name\":\"Korak s Calcitom dr\u017eali le v drugem nizu\"}]},{\"@type\":\"WebSite\",\"@id\":\"https:\/\/krkavolley.si\/site\/#website\",\"url\":\"https:\/\/krkavolley.si\/site\/\",\"name\":\"Mo\u0161ki odbojkarski klub Krka\",\"description\":\"Novo mesto\",\"publisher\":{\"@id\":\"https:\/\/krkavolley.si\/site\/#organization\"},\"potentialAction\":[{\"@type\":\"SearchAction\",\"target\":{\"@type\":\"EntryPoint\",\"urlTemplate\":\"https:\/\/krkavolley.si\/site\/?s={search_term_string}\"},\"query-input\":{\"@type\":\"PropertyValueSpecification\",\"valueRequired\":true,\"valueName\":\"search_term_string\"}}],\"inLanguage\":\"sl-SI\"},{\"@type\":\"Organization\",\"@id\":\"https:\/\/krkavolley.si\/site\/#organization\",\"name\":\"Mo\u0161ki odbojkarski klub Krka\",\"url\":\"https:\/\/krkavolley.si\/site\/\",\"logo\":{\"@type\":\"ImageObject\",\"inLanguage\":\"sl-SI\",\"@id\":\"https:\/\/krkavolley.si\/site\/#\/schema\/logo\/image\/\",\"url\":\"https:\/\/krkavolley.si\/site\/wp-content\/uploads\/2017\/03\/mok_krka_squared.jpg\",\"contentUrl\":\"https:\/\/krkavolley.si\/site\/wp-content\/uploads\/2017\/03\/mok_krka_squared.jpg\",\"width\":500,\"height\":500,\"caption\":\"Mo\u0161ki odbojkarski klub Krka\"},\"image\":{\"@id\":\"https:\/\/krkavolley.si\/site\/#\/schema\/logo\/image\/\"},\"sameAs\":[\"https:\/\/www.facebook.com\/krkavolley\/\",\"https:\/\/www.youtube.com\/channel\/UC-9mw6XzAdOheQVW-nJxBDg\"]},{\"@type\":\"Person\",\"@id\":\"https:\/\/krkavolley.si\/site\/#\/schema\/person\/534ee01c931f76708377719fa8dba01a\",\"name\":\"mokkrka\",\"image\":{\"@type\":\"ImageObject\",\"inLanguage\":\"sl-SI\",\"@id\":\"https:\/\/krkavolley.si\/site\/#\/schema\/person\/image\/\",\"url\":\"https:\/\/secure.gravatar.com\/avatar\/47a045e234f1661f7ec6f2ebf50b4de78c561f36cd8df312c2474dc659604592?s=96&d=mm&r=g\",\"contentUrl\":\"https:\/\/secure.gravatar.com\/avatar\/47a045e234f1661f7ec6f2ebf50b4de78c561f36cd8df312c2474dc659604592?s=96&d=mm&r=g\",\"caption\":\"mokkrka\"},\"url\":\"https:\/\/krkavolley.si\/site\/author\/mokkrka\/\"}]}<\/script>\n<!-- \/ Yoast SEO plugin. -->","yoast_head_json":{"title":"Korak s Calcitom dr\u017eali le v drugem nizu - Mo\u0161ki odbojkarski klub Krka","description":"Odbojkarji Krke so v tekmi 17. kroga 1. DOL v \u0161portni dvorani Marof gostili Calcit Volleyball, ki je bil na koncu bolj\u0161i z 0:3.","robots":{"index":"index","follow":"follow","max-snippet":"max-snippet:-1","max-image-preview":"max-image-preview:large","max-video-preview":"max-video-preview:-1"},"canonical":"https:\/\/krkavolley.si\/site\/2016\/01\/24\/korak-s-calcitom-drzali-le-v-drugem-nizu\/","og_locale":"sl_SI","og_type":"article","og_title":"Korak s Calcitom dr\u017eali le v drugem nizu - Mo\u0161ki odbojkarski klub Krka","og_description":"Odbojkarji Krke so v tekmi 17. kroga 1. DOL v \u0161portni dvorani Marof gostili Calcit Volleyball, ki je bil na koncu bolj\u0161i z 0:3.","og_url":"https:\/\/krkavolley.si\/site\/2016\/01\/24\/korak-s-calcitom-drzali-le-v-drugem-nizu\/","og_site_name":"Mo\u0161ki odbojkarski klub Krka","article_publisher":"https:\/\/www.facebook.com\/krkavolley\/","article_published_time":"2016-01-24T09:43:18+00:00","author":"mokkrka","twitter_card":"summary_large_image","twitter_misc":{"Written by":"mokkrka","Est. reading time":"1 minuta"},"schema":{"@context":"https:\/\/schema.org","@graph":[{"@type":"Article","@id":"https:\/\/krkavolley.si\/site\/2016\/01\/24\/korak-s-calcitom-drzali-le-v-drugem-nizu\/#article","isPartOf":{"@id":"https:\/\/krkavolley.si\/site\/2016\/01\/24\/korak-s-calcitom-drzali-le-v-drugem-nizu\/"},"author":{"name":"mokkrka","@id":"https:\/\/krkavolley.si\/site\/#\/schema\/person\/534ee01c931f76708377719fa8dba01a"},"headline":"Korak s Calcitom dr\u017eali le v drugem nizu","datePublished":"2016-01-24T09:43:18+00:00","mainEntityOfPage":{"@id":"https:\/\/krkavolley.si\/site\/2016\/01\/24\/korak-s-calcitom-drzali-le-v-drugem-nizu\/"},"wordCount":240,"publisher":{"@id":"https:\/\/krkavolley.si\/site\/#organization"},"image":{"@id":"https:\/\/krkavolley.si\/site\/2016\/01\/24\/korak-s-calcitom-drzali-le-v-drugem-nizu\/#primaryimage"},"thumbnailUrl":"","keywords":["calcit"],"articleSection":["1. DOL","2015\/2016"],"inLanguage":"sl-SI"},{"@type":"WebPage","@id":"https:\/\/krkavolley.si\/site\/2016\/01\/24\/korak-s-calcitom-drzali-le-v-drugem-nizu\/","url":"https:\/\/krkavolley.si\/site\/2016\/01\/24\/korak-s-calcitom-drzali-le-v-drugem-nizu\/","name":"Korak s Calcitom dr\u017eali le v drugem nizu - Mo\u0161ki odbojkarski klub Krka","isPartOf":{"@id":"https:\/\/krkavolley.si\/site\/#website"},"primaryImageOfPage":{"@id":"https:\/\/krkavolley.si\/site\/2016\/01\/24\/korak-s-calcitom-drzali-le-v-drugem-nizu\/#primaryimage"},"image":{"@id":"https:\/\/krkavolley.si\/site\/2016\/01\/24\/korak-s-calcitom-drzali-le-v-drugem-nizu\/#primaryimage"},"thumbnailUrl":"","datePublished":"2016-01-24T09:43:18+00:00","description":"Odbojkarji Krke so v tekmi 17. kroga 1. DOL v \u0161portni dvorani Marof gostili Calcit Volleyball, ki je bil na koncu bolj\u0161i z 0:3.","breadcrumb":{"@id":"https:\/\/krkavolley.si\/site\/2016\/01\/24\/korak-s-calcitom-drzali-le-v-drugem-nizu\/#breadcrumb"},"inLanguage":"sl-SI","potentialAction":[{"@type":"ReadAction","target":["https:\/\/krkavolley.si\/site\/2016\/01\/24\/korak-s-calcitom-drzali-le-v-drugem-nizu\/"]}]},{"@type":"ImageObject","inLanguage":"sl-SI","@id":"https:\/\/krkavolley.si\/site\/2016\/01\/24\/korak-s-calcitom-drzali-le-v-drugem-nizu\/#primaryimage","url":"","contentUrl":""},{"@type":"BreadcrumbList","@id":"https:\/\/krkavolley.si\/site\/2016\/01\/24\/korak-s-calcitom-drzali-le-v-drugem-nizu\/#breadcrumb","itemListElement":[{"@type":"ListItem","position":1,"name":"Home","item":"https:\/\/krkavolley.si\/site\/"},{"@type":"ListItem","position":2,"name":"Korak s Calcitom dr\u017eali le v drugem nizu"}]},{"@type":"WebSite","@id":"https:\/\/krkavolley.si\/site\/#website","url":"https:\/\/krkavolley.si\/site\/","name":"Mo\u0161ki odbojkarski klub Krka","description":"Novo mesto","publisher":{"@id":"https:\/\/krkavolley.si\/site\/#organization"},"potentialAction":[{"@type":"SearchAction","target":{"@type":"EntryPoint","urlTemplate":"https:\/\/krkavolley.si\/site\/?s={search_term_string}"},"query-input":{"@type":"PropertyValueSpecification","valueRequired":true,"valueName":"search_term_string"}}],"inLanguage":"sl-SI"},{"@type":"Organization","@id":"https:\/\/krkavolley.si\/site\/#organization","name":"Mo\u0161ki odbojkarski klub Krka","url":"https:\/\/krkavolley.si\/site\/","logo":{"@type":"ImageObject","inLanguage":"sl-SI","@id":"https:\/\/krkavolley.si\/site\/#\/schema\/logo\/image\/","url":"https:\/\/krkavolley.si\/site\/wp-content\/uploads\/2017\/03\/mok_krka_squared.jpg","contentUrl":"https:\/\/krkavolley.si\/site\/wp-content\/uploads\/2017\/03\/mok_krka_squared.jpg","width":500,"height":500,"caption":"Mo\u0161ki odbojkarski klub Krka"},"image":{"@id":"https:\/\/krkavolley.si\/site\/#\/schema\/logo\/image\/"},"sameAs":["https:\/\/www.facebook.com\/krkavolley\/","https:\/\/www.youtube.com\/channel\/UC-9mw6XzAdOheQVW-nJxBDg"]},{"@type":"Person","@id":"https:\/\/krkavolley.si\/site\/#\/schema\/person\/534ee01c931f76708377719fa8dba01a","name":"mokkrka","image":{"@type":"ImageObject","inLanguage":"sl-SI","@id":"https:\/\/krkavolley.si\/site\/#\/schema\/person\/image\/","url":"https:\/\/secure.gravatar.com\/avatar\/47a045e234f1661f7ec6f2ebf50b4de78c561f36cd8df312c2474dc659604592?s=96&d=mm&r=g","contentUrl":"https:\/\/secure.gravatar.com\/avatar\/47a045e234f1661f7ec6f2ebf50b4de78c561f36cd8df312c2474dc659604592?s=96&d=mm&r=g","caption":"mokkrka"},"url":"https:\/\/krkavolley.si\/site\/author\/mokkrka\/"}]}},"_links":{"self":[{"href":"https:\/\/krkavolley.si\/site\/wp-json\/wp\/v2\/posts\/3073","targetHints":{"allow":["GET"]}}],"collection":[{"href":"https:\/\/krkavolley.si\/site\/wp-json\/wp\/v2\/posts"}],"about":[{"href":"https:\/\/krkavolley.si\/site\/wp-json\/wp\/v2\/types\/post"}],"author":[{"embeddable":true,"href":"https:\/\/krkavolley.si\/site\/wp-json\/wp\/v2\/users\/1"}],"replies":[{"embeddable":true,"href":"https:\/\/krkavolley.si\/site\/wp-json\/wp\/v2\/comments?post=3073"}],"version-history":[{"count":0,"href":"https:\/\/krkavolley.si\/site\/wp-json\/wp\/v2\/posts\/3073\/revisions"}],"wp:featuredmedia":[{"embeddable":true,"href":"https:\/\/krkavolley.si\/site\/wp-json\/"}],"wp:attachment":[{"href":"https:\/\/krkavolley.si\/site\/wp-json\/wp\/v2\/media?parent=3073"}],"wp:term":[{"taxonomy":"category","embeddable":true,"href":"https:\/\/krkavolley.si\/site\/wp-json\/wp\/v2\/categories?post=3073"},{"taxonomy":"post_tag","embeddable":true,"href":"https:\/\/krkavolley.si\/site\/wp-json\/wp\/v2\/tags?post=3073"}],"curies":[{"name":"wp","href":"https:\/\/api.w.org\/{rel}","templated":true}]}}