{"id":3077,"date":"2016-01-28T14:45:47","date_gmt":"2016-01-28T13:45:47","guid":{"rendered":"https:\/\/krkavolley.si\/?p=3077"},"modified":"2016-01-28T14:45:47","modified_gmt":"2016-01-28T13:45:47","slug":"clani-in-mlajsi-clani-v-soboto-v-ljubljano","status":"publish","type":"post","link":"https:\/\/krkavolley.si\/site\/2016\/01\/28\/clani-in-mlajsi-clani-v-soboto-v-ljubljano\/","title":{"rendered":"\u010clani in mlaj\u0161i \u010dlani v soboto v Ljubljano"},"content":{"rendered":"<p>\u010clanska ekipa MOK Krka bo prvi del dr\u017eavnega prvenstva sklenila v soboto na gostovanju pri ACH Volleyu. V Ljubljano se bodo prav tako podali mlaj\u0161i \u010dlani, pomerili se bodo z Ljubljano Volley.<!--more--><\/p>\n<div class=\"alignright\">\n<table style=\"font-size: 10pt; width: 180px; border: 0px solid transparent; margin: 10px auto;\">\n<tbody>\n<tr style=\"font-weight: bold;\">\n<td style=\"text-align: center;\">#<\/td>\n<td>ekipa<\/td>\n<td style=\"text-align: center;\">t<\/td>\n<td style=\"text-align: center;\">to<\/td>\n<\/tr>\n<tr>\n<td style=\"text-align: center;\">1.<\/td>\n<td>ACH<\/td>\n<td style=\"text-align: center;\">17<\/td>\n<td style=\"text-align: center;\">45<\/td>\n<\/tr>\n<tr>\n<td style=\"text-align: center;\">2.<\/td>\n<td>Calcit<\/td>\n<td style=\"text-align: center;\">17<\/td>\n<td style=\"text-align: center;\">40<\/td>\n<\/tr>\n<tr>\n<td style=\"text-align: center;\">3.<\/td>\n<td>Panvita<\/td>\n<td style=\"text-align: center;\">17<\/td>\n<td style=\"text-align: center;\">33<\/td>\n<\/tr>\n<tr>\n<td style=\"text-align: center;\">4.<\/td>\n<td>Maribor<\/td>\n<td style=\"text-align: center;\">17<\/td>\n<td style=\"text-align: center;\">31<\/td>\n<\/tr>\n<tr>\n<td style=\"text-align: center;\">5.<\/td>\n<td>Triglav<\/td>\n<td style=\"text-align: center;\">17<\/td>\n<td style=\"text-align: center;\">28<\/td>\n<\/tr>\n<tr>\n<td style=\"text-align: center;\">6.<\/td>\n<td>Salonit<\/td>\n<td style=\"text-align: center;\">17<\/td>\n<td style=\"text-align: center;\">26<\/td>\n<\/tr>\n<tr>\n<td style=\"text-align: center;\">7.<\/td>\n<td>\u0160empeter<\/td>\n<td style=\"text-align: center;\">17<\/td>\n<td style=\"text-align: center;\">20<\/td>\n<\/tr>\n<tr style=\"font-weight: bold; color: green;\">\n<td style=\"text-align: center;\">8.<\/td>\n<td>Krka<\/td>\n<td style=\"text-align: center;\">17<\/td>\n<td style=\"text-align: center;\">18<\/td>\n<\/tr>\n<tr>\n<td style=\"text-align: center;\">9.<\/td>\n<td>\u017dirovnica<\/td>\n<td style=\"text-align: center;\">17<\/td>\n<td style=\"text-align: center;\">9<\/td>\n<\/tr>\n<tr>\n<td style=\"text-align: center;\">10.<\/td>\n<td>Fu\u017einar<\/td>\n<td style=\"text-align: center;\">17<\/td>\n<td style=\"text-align: center;\">5<\/td>\n<\/tr>\n<\/tbody>\n<\/table>\n<\/div>\n<p>V zadnjem krogu prvega dela dr\u017eavnega prvenstva \u010daka novome\u0161ke odbojkarje zahteven preizkus v Ljubljani. V \u0161portni dvorani Tivoli se bodo v soboto, 30. januarja ob 19.30 pomerili z ACH Volleyem. ACH Volley bo v primerjavi s prvim leto\u0161njim obra\u010dunom nastopil pod vodstvom novega trenerja. Po zaklju\u010dnem turnirju pokalnega tekmovanja je vajeti oran\u017enih zmajev prevzel Zoran Keda\u010di\u010d, ki je bil do tedaj pomo\u010dnik, zdaj \u017ee nekdanjemu, glavnemu trenerju Bogdanu Kotniku.<\/p>\n<p><span style=\"text-decoration: underline;\">Ostali pari 18. kroga 1.DOL:<\/span><br \/>\nSIP \u0160empeter &#8211; Triglav Kranj<br \/>\nNational \u017dirovnica &#8211; Panvita Pomgrad<br \/>\nSalonit Anhovo &#8211; Maribor<br \/>\nCalcit Volleyball &#8211; Fu\u017einar Metal Ravne.<\/p>\n<p>\u017de krog pred koncem prvega dela pa je jasno kdo bo sezono nadaljeval v modri in kdo v zeleni skupini. ACH Volley bo kot vodilno mo\u0161tvo po prvem delu prvenstva sezono nadaljeval v modri skupini, Krka\u0161i pa bodo nadaljevali v zeleni skupini, kjer bodo poleg Krke \u0161e SIP \u0160empeter, National \u017dirovnica in Fu\u017einar Metal Ravne.<\/p>\n<h2>Po premoru bodo zopet aktivni tudi mlaj\u0161i \u010dlani<\/h2>\n<p>Na parket se po dobrem mesecu odmora vra\u010dajo tudi ekipe v 3. DOL. Mlaj\u0161i \u010dlani Krke bodo drugo polovico sezone odprli v Ljubljani.\u00a0V 10. krogu bodo\u00a0gostovali\u00a0v Ljubljani in sicer v dvorani O\u0160 H. Smrekarja, kjer se bodo ob 17. uri pomerili z ekipo Ljubljana Volley. Ljubljan\u010dani s petimi zmagami in 16 to\u010dkami na razpredelnici zasedajo peto mesto, mlaj\u0161i \u010dlani MOK Krka pa so s tremi zmagami in 8 to\u010dkami na osmem mestu.<\/p>\n<h2>\u0160portnik leta 2015<\/h2>\n<p>Tradicionalna prireditev \u0160PORTNIK LETA, je velika \u0161portno \u2013 zabavna prireditev v Mestni ob\u010dini Novo mesto. Gre za &#8220;praznik&#8221; vseh \u0161portnikov, ki tekmujejo v okviru \u0161portnih dru\u0161tev s sede\u017eem v Mestni ob\u010dini Novo mesto. Prireditev \u00bb\u0160portnik leta 2015\u00ab bo\u00a0v \u010detrtek, 4. februarja 2016 ob 18. uri, v Kulturnem centru Janeza Trdine v Novem mestu.<\/p>\n<p>Svoj glas lahko \u0161e vedno oddate do nedelje 31. januarja na naslednji <strong><a href=\"http:\/\/bit.ly\/sportnikleta2015\" target=\"_blank\">povezavi<\/a><\/strong>! Vabljeni k glasovanju!<\/p>\n","protected":false},"excerpt":{"rendered":"<p>\u010clanska ekipa MOK Krka bo prvi del dr\u017eavnega prvenstva sklenila v soboto na gostovanju pri ACH Volleyu. V Ljubljano se bodo prav tako podali mlaj\u0161i \u010dlani, pomerili se bodo z&hellip; <\/p>\n<p class=\"chuchadon-read-more\"><a href=\"https:\/\/krkavolley.si\/site\/2016\/01\/28\/clani-in-mlajsi-clani-v-soboto-v-ljubljano\/\" class=\"more-link\">Beri dalje&#8230;<\/a><\/p>\n","protected":false},"author":1,"featured_media":3078,"comment_status":"closed","ping_status":"closed","sticky":false,"template":"","format":"standard","meta":{"footnotes":""},"categories":[1],"tags":[],"class_list":["post-3077","post","type-post","status-publish","format-standard","has-post-thumbnail","category-nekategorizirano","entry"],"yoast_head":"<!-- This site is optimized with the Yoast SEO plugin v26.6 - https:\/\/yoast.com\/wordpress\/plugins\/seo\/ -->\n<title>\u010clani in mlaj\u0161i \u010dlani v soboto v Ljubljano - Mo\u0161ki odbojkarski klub Krka<\/title>\n<meta name=\"description\" content=\"\u010clanska ekipa MOK Krka bo prvi del dr\u017eavnega prvenstva sklenila v soboto na gostovanju pri ACH Volleyu. V Ljubljano se bodo prav tako podali mlaj\u0161i \u010dlani, pomerili se bodo z Ljubljano Volley.\" \/>\n<meta name=\"robots\" content=\"index, follow, max-snippet:-1, max-image-preview:large, max-video-preview:-1\" \/>\n<link rel=\"canonical\" href=\"https:\/\/krkavolley.si\/site\/2016\/01\/28\/clani-in-mlajsi-clani-v-soboto-v-ljubljano\/\" \/>\n<meta property=\"og:locale\" content=\"sl_SI\" \/>\n<meta property=\"og:type\" content=\"article\" \/>\n<meta property=\"og:title\" content=\"\u010clani in mlaj\u0161i \u010dlani v soboto v Ljubljano - Mo\u0161ki odbojkarski klub Krka\" \/>\n<meta property=\"og:description\" content=\"\u010clanska ekipa MOK Krka bo prvi del dr\u017eavnega prvenstva sklenila v soboto na gostovanju pri ACH Volleyu. V Ljubljano se bodo prav tako podali mlaj\u0161i \u010dlani, pomerili se bodo z Ljubljano Volley.\" \/>\n<meta property=\"og:url\" content=\"https:\/\/krkavolley.si\/site\/2016\/01\/28\/clani-in-mlajsi-clani-v-soboto-v-ljubljano\/\" \/>\n<meta property=\"og:site_name\" content=\"Mo\u0161ki odbojkarski klub Krka\" \/>\n<meta property=\"article:publisher\" content=\"https:\/\/www.facebook.com\/krkavolley\/\" \/>\n<meta property=\"article:published_time\" content=\"2016-01-28T13:45:47+00:00\" \/>\n<meta name=\"author\" content=\"mokkrka\" \/>\n<meta name=\"twitter:card\" content=\"summary_large_image\" \/>\n<meta name=\"twitter:label1\" content=\"Written by\" \/>\n\t<meta name=\"twitter:data1\" content=\"mokkrka\" \/>\n\t<meta name=\"twitter:label2\" content=\"Est. reading time\" \/>\n\t<meta name=\"twitter:data2\" content=\"2 minuti\" \/>\n<script type=\"application\/ld+json\" class=\"yoast-schema-graph\">{\"@context\":\"https:\/\/schema.org\",\"@graph\":[{\"@type\":\"Article\",\"@id\":\"https:\/\/krkavolley.si\/site\/2016\/01\/28\/clani-in-mlajsi-clani-v-soboto-v-ljubljano\/#article\",\"isPartOf\":{\"@id\":\"https:\/\/krkavolley.si\/site\/2016\/01\/28\/clani-in-mlajsi-clani-v-soboto-v-ljubljano\/\"},\"author\":{\"name\":\"mokkrka\",\"@id\":\"https:\/\/krkavolley.si\/site\/#\/schema\/person\/534ee01c931f76708377719fa8dba01a\"},\"headline\":\"\u010clani in mlaj\u0161i \u010dlani v soboto v Ljubljano\",\"datePublished\":\"2016-01-28T13:45:47+00:00\",\"mainEntityOfPage\":{\"@id\":\"https:\/\/krkavolley.si\/site\/2016\/01\/28\/clani-in-mlajsi-clani-v-soboto-v-ljubljano\/\"},\"wordCount\":370,\"publisher\":{\"@id\":\"https:\/\/krkavolley.si\/site\/#organization\"},\"image\":{\"@id\":\"https:\/\/krkavolley.si\/site\/2016\/01\/28\/clani-in-mlajsi-clani-v-soboto-v-ljubljano\/#primaryimage\"},\"thumbnailUrl\":\"\",\"inLanguage\":\"sl-SI\"},{\"@type\":\"WebPage\",\"@id\":\"https:\/\/krkavolley.si\/site\/2016\/01\/28\/clani-in-mlajsi-clani-v-soboto-v-ljubljano\/\",\"url\":\"https:\/\/krkavolley.si\/site\/2016\/01\/28\/clani-in-mlajsi-clani-v-soboto-v-ljubljano\/\",\"name\":\"\u010clani in mlaj\u0161i \u010dlani v soboto v Ljubljano - Mo\u0161ki odbojkarski klub Krka\",\"isPartOf\":{\"@id\":\"https:\/\/krkavolley.si\/site\/#website\"},\"primaryImageOfPage\":{\"@id\":\"https:\/\/krkavolley.si\/site\/2016\/01\/28\/clani-in-mlajsi-clani-v-soboto-v-ljubljano\/#primaryimage\"},\"image\":{\"@id\":\"https:\/\/krkavolley.si\/site\/2016\/01\/28\/clani-in-mlajsi-clani-v-soboto-v-ljubljano\/#primaryimage\"},\"thumbnailUrl\":\"\",\"datePublished\":\"2016-01-28T13:45:47+00:00\",\"description\":\"\u010clanska ekipa MOK Krka bo prvi del dr\u017eavnega prvenstva sklenila v soboto na gostovanju pri ACH Volleyu. V Ljubljano se bodo prav tako podali mlaj\u0161i \u010dlani, pomerili se bodo z Ljubljano Volley.\",\"breadcrumb\":{\"@id\":\"https:\/\/krkavolley.si\/site\/2016\/01\/28\/clani-in-mlajsi-clani-v-soboto-v-ljubljano\/#breadcrumb\"},\"inLanguage\":\"sl-SI\",\"potentialAction\":[{\"@type\":\"ReadAction\",\"target\":[\"https:\/\/krkavolley.si\/site\/2016\/01\/28\/clani-in-mlajsi-clani-v-soboto-v-ljubljano\/\"]}]},{\"@type\":\"ImageObject\",\"inLanguage\":\"sl-SI\",\"@id\":\"https:\/\/krkavolley.si\/site\/2016\/01\/28\/clani-in-mlajsi-clani-v-soboto-v-ljubljano\/#primaryimage\",\"url\":\"\",\"contentUrl\":\"\"},{\"@type\":\"BreadcrumbList\",\"@id\":\"https:\/\/krkavolley.si\/site\/2016\/01\/28\/clani-in-mlajsi-clani-v-soboto-v-ljubljano\/#breadcrumb\",\"itemListElement\":[{\"@type\":\"ListItem\",\"position\":1,\"name\":\"Home\",\"item\":\"https:\/\/krkavolley.si\/site\/\"},{\"@type\":\"ListItem\",\"position\":2,\"name\":\"\u010clani in mlaj\u0161i \u010dlani v soboto v Ljubljano\"}]},{\"@type\":\"WebSite\",\"@id\":\"https:\/\/krkavolley.si\/site\/#website\",\"url\":\"https:\/\/krkavolley.si\/site\/\",\"name\":\"Mo\u0161ki odbojkarski klub Krka\",\"description\":\"Novo mesto\",\"publisher\":{\"@id\":\"https:\/\/krkavolley.si\/site\/#organization\"},\"potentialAction\":[{\"@type\":\"SearchAction\",\"target\":{\"@type\":\"EntryPoint\",\"urlTemplate\":\"https:\/\/krkavolley.si\/site\/?s={search_term_string}\"},\"query-input\":{\"@type\":\"PropertyValueSpecification\",\"valueRequired\":true,\"valueName\":\"search_term_string\"}}],\"inLanguage\":\"sl-SI\"},{\"@type\":\"Organization\",\"@id\":\"https:\/\/krkavolley.si\/site\/#organization\",\"name\":\"Mo\u0161ki odbojkarski klub Krka\",\"url\":\"https:\/\/krkavolley.si\/site\/\",\"logo\":{\"@type\":\"ImageObject\",\"inLanguage\":\"sl-SI\",\"@id\":\"https:\/\/krkavolley.si\/site\/#\/schema\/logo\/image\/\",\"url\":\"https:\/\/krkavolley.si\/site\/wp-content\/uploads\/2017\/03\/mok_krka_squared.jpg\",\"contentUrl\":\"https:\/\/krkavolley.si\/site\/wp-content\/uploads\/2017\/03\/mok_krka_squared.jpg\",\"width\":500,\"height\":500,\"caption\":\"Mo\u0161ki odbojkarski klub Krka\"},\"image\":{\"@id\":\"https:\/\/krkavolley.si\/site\/#\/schema\/logo\/image\/\"},\"sameAs\":[\"https:\/\/www.facebook.com\/krkavolley\/\",\"https:\/\/www.youtube.com\/channel\/UC-9mw6XzAdOheQVW-nJxBDg\"]},{\"@type\":\"Person\",\"@id\":\"https:\/\/krkavolley.si\/site\/#\/schema\/person\/534ee01c931f76708377719fa8dba01a\",\"name\":\"mokkrka\",\"image\":{\"@type\":\"ImageObject\",\"inLanguage\":\"sl-SI\",\"@id\":\"https:\/\/krkavolley.si\/site\/#\/schema\/person\/image\/\",\"url\":\"https:\/\/secure.gravatar.com\/avatar\/47a045e234f1661f7ec6f2ebf50b4de78c561f36cd8df312c2474dc659604592?s=96&d=mm&r=g\",\"contentUrl\":\"https:\/\/secure.gravatar.com\/avatar\/47a045e234f1661f7ec6f2ebf50b4de78c561f36cd8df312c2474dc659604592?s=96&d=mm&r=g\",\"caption\":\"mokkrka\"},\"url\":\"https:\/\/krkavolley.si\/site\/author\/mokkrka\/\"}]}<\/script>\n<!-- \/ Yoast SEO plugin. -->","yoast_head_json":{"title":"\u010clani in mlaj\u0161i \u010dlani v soboto v Ljubljano - Mo\u0161ki odbojkarski klub Krka","description":"\u010clanska ekipa MOK Krka bo prvi del dr\u017eavnega prvenstva sklenila v soboto na gostovanju pri ACH Volleyu. V Ljubljano se bodo prav tako podali mlaj\u0161i \u010dlani, pomerili se bodo z Ljubljano Volley.","robots":{"index":"index","follow":"follow","max-snippet":"max-snippet:-1","max-image-preview":"max-image-preview:large","max-video-preview":"max-video-preview:-1"},"canonical":"https:\/\/krkavolley.si\/site\/2016\/01\/28\/clani-in-mlajsi-clani-v-soboto-v-ljubljano\/","og_locale":"sl_SI","og_type":"article","og_title":"\u010clani in mlaj\u0161i \u010dlani v soboto v Ljubljano - Mo\u0161ki odbojkarski klub Krka","og_description":"\u010clanska ekipa MOK Krka bo prvi del dr\u017eavnega prvenstva sklenila v soboto na gostovanju pri ACH Volleyu. V Ljubljano se bodo prav tako podali mlaj\u0161i \u010dlani, pomerili se bodo z Ljubljano Volley.","og_url":"https:\/\/krkavolley.si\/site\/2016\/01\/28\/clani-in-mlajsi-clani-v-soboto-v-ljubljano\/","og_site_name":"Mo\u0161ki odbojkarski klub Krka","article_publisher":"https:\/\/www.facebook.com\/krkavolley\/","article_published_time":"2016-01-28T13:45:47+00:00","author":"mokkrka","twitter_card":"summary_large_image","twitter_misc":{"Written by":"mokkrka","Est. reading time":"2 minuti"},"schema":{"@context":"https:\/\/schema.org","@graph":[{"@type":"Article","@id":"https:\/\/krkavolley.si\/site\/2016\/01\/28\/clani-in-mlajsi-clani-v-soboto-v-ljubljano\/#article","isPartOf":{"@id":"https:\/\/krkavolley.si\/site\/2016\/01\/28\/clani-in-mlajsi-clani-v-soboto-v-ljubljano\/"},"author":{"name":"mokkrka","@id":"https:\/\/krkavolley.si\/site\/#\/schema\/person\/534ee01c931f76708377719fa8dba01a"},"headline":"\u010clani in mlaj\u0161i \u010dlani v soboto v Ljubljano","datePublished":"2016-01-28T13:45:47+00:00","mainEntityOfPage":{"@id":"https:\/\/krkavolley.si\/site\/2016\/01\/28\/clani-in-mlajsi-clani-v-soboto-v-ljubljano\/"},"wordCount":370,"publisher":{"@id":"https:\/\/krkavolley.si\/site\/#organization"},"image":{"@id":"https:\/\/krkavolley.si\/site\/2016\/01\/28\/clani-in-mlajsi-clani-v-soboto-v-ljubljano\/#primaryimage"},"thumbnailUrl":"","inLanguage":"sl-SI"},{"@type":"WebPage","@id":"https:\/\/krkavolley.si\/site\/2016\/01\/28\/clani-in-mlajsi-clani-v-soboto-v-ljubljano\/","url":"https:\/\/krkavolley.si\/site\/2016\/01\/28\/clani-in-mlajsi-clani-v-soboto-v-ljubljano\/","name":"\u010clani in mlaj\u0161i \u010dlani v soboto v Ljubljano - Mo\u0161ki odbojkarski klub Krka","isPartOf":{"@id":"https:\/\/krkavolley.si\/site\/#website"},"primaryImageOfPage":{"@id":"https:\/\/krkavolley.si\/site\/2016\/01\/28\/clani-in-mlajsi-clani-v-soboto-v-ljubljano\/#primaryimage"},"image":{"@id":"https:\/\/krkavolley.si\/site\/2016\/01\/28\/clani-in-mlajsi-clani-v-soboto-v-ljubljano\/#primaryimage"},"thumbnailUrl":"","datePublished":"2016-01-28T13:45:47+00:00","description":"\u010clanska ekipa MOK Krka bo prvi del dr\u017eavnega prvenstva sklenila v soboto na gostovanju pri ACH Volleyu. V Ljubljano se bodo prav tako podali mlaj\u0161i \u010dlani, pomerili se bodo z Ljubljano Volley.","breadcrumb":{"@id":"https:\/\/krkavolley.si\/site\/2016\/01\/28\/clani-in-mlajsi-clani-v-soboto-v-ljubljano\/#breadcrumb"},"inLanguage":"sl-SI","potentialAction":[{"@type":"ReadAction","target":["https:\/\/krkavolley.si\/site\/2016\/01\/28\/clani-in-mlajsi-clani-v-soboto-v-ljubljano\/"]}]},{"@type":"ImageObject","inLanguage":"sl-SI","@id":"https:\/\/krkavolley.si\/site\/2016\/01\/28\/clani-in-mlajsi-clani-v-soboto-v-ljubljano\/#primaryimage","url":"","contentUrl":""},{"@type":"BreadcrumbList","@id":"https:\/\/krkavolley.si\/site\/2016\/01\/28\/clani-in-mlajsi-clani-v-soboto-v-ljubljano\/#breadcrumb","itemListElement":[{"@type":"ListItem","position":1,"name":"Home","item":"https:\/\/krkavolley.si\/site\/"},{"@type":"ListItem","position":2,"name":"\u010clani in mlaj\u0161i \u010dlani v soboto v Ljubljano"}]},{"@type":"WebSite","@id":"https:\/\/krkavolley.si\/site\/#website","url":"https:\/\/krkavolley.si\/site\/","name":"Mo\u0161ki odbojkarski klub Krka","description":"Novo mesto","publisher":{"@id":"https:\/\/krkavolley.si\/site\/#organization"},"potentialAction":[{"@type":"SearchAction","target":{"@type":"EntryPoint","urlTemplate":"https:\/\/krkavolley.si\/site\/?s={search_term_string}"},"query-input":{"@type":"PropertyValueSpecification","valueRequired":true,"valueName":"search_term_string"}}],"inLanguage":"sl-SI"},{"@type":"Organization","@id":"https:\/\/krkavolley.si\/site\/#organization","name":"Mo\u0161ki odbojkarski klub Krka","url":"https:\/\/krkavolley.si\/site\/","logo":{"@type":"ImageObject","inLanguage":"sl-SI","@id":"https:\/\/krkavolley.si\/site\/#\/schema\/logo\/image\/","url":"https:\/\/krkavolley.si\/site\/wp-content\/uploads\/2017\/03\/mok_krka_squared.jpg","contentUrl":"https:\/\/krkavolley.si\/site\/wp-content\/uploads\/2017\/03\/mok_krka_squared.jpg","width":500,"height":500,"caption":"Mo\u0161ki odbojkarski klub Krka"},"image":{"@id":"https:\/\/krkavolley.si\/site\/#\/schema\/logo\/image\/"},"sameAs":["https:\/\/www.facebook.com\/krkavolley\/","https:\/\/www.youtube.com\/channel\/UC-9mw6XzAdOheQVW-nJxBDg"]},{"@type":"Person","@id":"https:\/\/krkavolley.si\/site\/#\/schema\/person\/534ee01c931f76708377719fa8dba01a","name":"mokkrka","image":{"@type":"ImageObject","inLanguage":"sl-SI","@id":"https:\/\/krkavolley.si\/site\/#\/schema\/person\/image\/","url":"https:\/\/secure.gravatar.com\/avatar\/47a045e234f1661f7ec6f2ebf50b4de78c561f36cd8df312c2474dc659604592?s=96&d=mm&r=g","contentUrl":"https:\/\/secure.gravatar.com\/avatar\/47a045e234f1661f7ec6f2ebf50b4de78c561f36cd8df312c2474dc659604592?s=96&d=mm&r=g","caption":"mokkrka"},"url":"https:\/\/krkavolley.si\/site\/author\/mokkrka\/"}]}},"_links":{"self":[{"href":"https:\/\/krkavolley.si\/site\/wp-json\/wp\/v2\/posts\/3077","targetHints":{"allow":["GET"]}}],"collection":[{"href":"https:\/\/krkavolley.si\/site\/wp-json\/wp\/v2\/posts"}],"about":[{"href":"https:\/\/krkavolley.si\/site\/wp-json\/wp\/v2\/types\/post"}],"author":[{"embeddable":true,"href":"https:\/\/krkavolley.si\/site\/wp-json\/wp\/v2\/users\/1"}],"replies":[{"embeddable":true,"href":"https:\/\/krkavolley.si\/site\/wp-json\/wp\/v2\/comments?post=3077"}],"version-history":[{"count":0,"href":"https:\/\/krkavolley.si\/site\/wp-json\/wp\/v2\/posts\/3077\/revisions"}],"wp:featuredmedia":[{"embeddable":true,"href":"https:\/\/krkavolley.si\/site\/wp-json\/"}],"wp:attachment":[{"href":"https:\/\/krkavolley.si\/site\/wp-json\/wp\/v2\/media?parent=3077"}],"wp:term":[{"taxonomy":"category","embeddable":true,"href":"https:\/\/krkavolley.si\/site\/wp-json\/wp\/v2\/categories?post=3077"},{"taxonomy":"post_tag","embeddable":true,"href":"https:\/\/krkavolley.si\/site\/wp-json\/wp\/v2\/tags?post=3077"}],"curies":[{"name":"wp","href":"https:\/\/api.w.org\/{rel}","templated":true}]}}