{"id":3108,"date":"2016-02-09T08:34:16","date_gmt":"2016-02-09T07:34:16","guid":{"rendered":"https:\/\/krkavolley.si\/?p=3108"},"modified":"2016-02-09T08:34:16","modified_gmt":"2016-02-09T07:34:16","slug":"mlajsi-clani-neuspesni-kadeti-odlicno","status":"publish","type":"post","link":"https:\/\/krkavolley.si\/site\/2016\/02\/09\/mlajsi-clani-neuspesni-kadeti-odlicno\/","title":{"rendered":"Mlaj\u0161i \u010dlani neuspe\u0161ni, kadeti  odli\u010dno"},"content":{"rendered":"<p>V soboto je bila v zgodnjih popoldanskih urah odigrana tekma 3. DOL zahod, 11. kroga, med ekipama Krka II in Calcit Volleyball III, v nedeljo pa so se kadeti odpravili na turnir v \u017du\u017eemberk.<!--more--><\/p>\n<figure id=\"attachment_3110\" aria-describedby=\"caption-attachment-3110\" style=\"width: 250px\" class=\"wp-caption alignright\"><img loading=\"lazy\" decoding=\"async\" class=\"size-full wp-image-3110\" src=\"https:\/\/krkavolley.si\/page\/wp-content\/uploads\/2016\/02\/mok_krka_dimic.jpg\" alt=\"Za nekaj lepih blokov je poskrbel Rok Dimi\u010d. (foto: arhiv, M. Er\u017een)\" width=\"250\" height=\"375\" \/><figcaption id=\"caption-attachment-3110\" class=\"wp-caption-text\">Za nekaj lepih blokov je poskrbel Rok Dimi\u010d. (foto: arhiv, M. Er\u017een)<\/figcaption><\/figure>\n<p>Na sobotni tekmi mlaj\u0161ih \u010dlanov so nastopili: Ogulin Tadej \u00a9, Murko An\u017ee, Lindi\u010d Luka, Dimi\u010d Rok, Kafol Aljo\u0161a, Borin An\u017ee, Ban Virant An\u017ee, Gotenc Sa\u0161o, Pe\u010dnik Mark, Kova\u010di\u010d Tibor in Zorko Matic. Zaradi bolezni je manjkal Malen\u0161ek Tin. Kapetansko vlogo je prevzel Ogulin Tadej.<\/p>\n<p>Tako kot v prvem sre\u010danju obeh ekip, so bili tudi tokrat bolj\u0161i Kamni\u010dani, ki so predvsem odli\u010dno igrali v napadu in obrambi. Povezava obeh elementov pa je bila tista razlika, ki je pomenila, da je bil Kamnik bolj\u0161i. Na obeh straneh so dali igralci vse od sebe, pokazali ogromno \u017eelje in borbenosti, tako da so gledalci lahko videli kar nekaj dolgih izmenjav in atraktivnih to\u010dk. Pri Krki se je najbolj izkazal Rok Dimi\u010d, ki je odli\u010dno zaustavljal napade nasprotnikovih napadalcev, nekajkrat pa tudi uspe\u0161no sam zaklju\u010dil napad preko 1. tempa. Prvi\u010d je v ekipi nastopil An\u017ee Ban Virant, ki se je izkazal predvsem z nekaj odli\u010dnimi skok servisi in bloki, medtem ko je imel tako kot ostali napadalci veliko te\u017eav v napadu, saj tokrat \u017eoge podajalcev niso bile tam kot ponavadi. Kon\u010dni rezultat 3:0 (22, 24, 21) v korist Calcita. Naslednja tekma mlaj\u0161e \u010dlane \u010daka \u017ee v petek, 12.2., pri ekipi \u010crnu\u010de ACH ob 19.45.<\/p>\n<p>Lestvico\u00a0in rezultate si lahko ogledate na <a href=\"http:\/\/www.odbojka.si\/tekmovanja2015\/2015_dol\/2015_3MZZ\/2015_3MZ_rezulati\" target=\"_blank\">povezavi<\/a>.<\/p>\n<h2>Kadeti v nedeljo odli\u010dni<\/h2>\n<p>\u017de naslednji dan so se nekateri mlaj\u0161i \u010dlani pomerili \u0161e v kategoriji kadetov. Kafol, Gor\u0161e, Borin, Gotenc in Kova\u010di\u010d so nastopili tako v soboto kot v nedeljo, medtem ko so se jim na turnirju v \u017du\u017eemberku pridru\u017eili \u0161e Brkopec, Ko\u010devar, Mi\u0161jak in Mohor\u010di\u010d.<\/p>\n<p>V prvi tekmi, prvi\u010d v sezoni, je bil na sporedu \u00bbdolenjski El Classico\u00ab, med \u017du\u017eemberkom in Novim mestom. Tokrat pravega derbija ni bilo, saj so Krka\u0161i svoje suhokranjske vrstnike premagali izredno zanesljivo. Dvomov o zmagovalcu je bilo konec \u017ee do polovice prvega in drugega seta, saj so si na\u0161i fantje priigrali veliko prednost. Tekma se je kon\u010dala z rezultatom 2:0 (16, 12).<\/p>\n<figure id=\"attachment_2407\" aria-describedby=\"caption-attachment-2407\" style=\"width: 250px\" class=\"wp-caption alignright\"><img loading=\"lazy\" decoding=\"async\" class=\"size-full wp-image-2407\" src=\"https:\/\/krkavolley.si\/page\/wp-content\/uploads\/2015\/10\/gorse.jpg\" alt=\"Odbojkarji Krke letos res nimajo sre\u010de s po\u0161kodbami. Tokrat jo je skupil \u0161e Leon Gor\u0161e. (foto: arhiv, M. Er\u017een)\" width=\"250\" height=\"375\" \/><figcaption id=\"caption-attachment-2407\" class=\"wp-caption-text\">Leon Gor\u0161e je z mo\u010dnimi servisi na\u010del triglavsko barko. (foto: arhiv, M. Er\u017een)<\/figcaption><\/figure>\n<p>V drugi tekmi se je Krka pomerila s starimi znanci iz kvalifikacij, kjer je vsaka ekipa zmagala po enkrat, vendar je na zadnji kvalifikacijski tekmi v Kranju, zanesljivo slavila Krka in se prav po zaslugi te tekme tudi uvrstila v A ligo. Tudi tokrat smo za\u010deli izredno spro\u0161\u010deno hitro povedli nekaj to\u010dk, pa vendar nismo nadaljevali v enakem tempu, pa\u010d pa dovolili, da so se Kranj\u010dani pribli\u017eali na to\u010dko do dve zaostanka. Ko je pri\u0161el na servis Gor\u0161e Leon, se je za\u010dela triglavska barka v prvem setu ekspresno potapljati. Gor\u0161e je odprl svojo serijo z asom, potem pa jih je nanizal \u0161e nekaj, gostujo\u010di trener Centa je porabil oba time outa, da bi zaustavil odli\u010dne skok servise Leona, vendar neuspe\u0161no. Odli\u010dno smo v tem obdobju igrali tudi v polju in protinapadih, kjer se je izkazal predvsem Borin. Ob za\u010detku serije je bil rezultat 14:11, po koncu pa kar 24:12. Zmagovalec prvega seta je bil odlo\u010den, kon\u010dni rezultat 25:12 za Krko. V drugem setu smo pri\u010dakovali bolj\u0161o igro Triglavanov, saj imajo dobro ekipo in znajo igrati odli\u010dno odbojko. Rezultat je bil do 13 to\u010dke izena\u010den, tekma napeta, to\u010dke atraktivne tako da so navija\u010di obeh ekip lahko u\u017eivali v napeti odbojki. Potem pa je odli\u010dno serijo \u0161tirih to\u010dk z dobrimi servisi odprl Tibor Kova\u010di\u010d, in uspeli smo pridelati dve to\u010dki prednosti za gorenjski time out pri 15:17. Takoj zatem sta sledili dve menjavi to\u010dk in ko je pri\u0161el na servis \u0161e Ko\u010devar smo zopet uspeli narediti 2 break to\u010dki, kar je pomenilo 20:16, ob drugem gorenjskem time outu. Pri rezultatu 23:19, je kazalo da da je tekmo za Krka\u0161e \u017ee pod streho, vednar ni bilo ravno tako. Prvi time out smo zahtevali pri 23:21, vendar to ni ravno pomagalo saj so uspeli gostje izena\u010diti na 23:23, potem smo le obrnili naslednjo to\u010dko za 24:23. Nismo uspeli zaklju\u010diti prve, ampak \u0161ele drugo zaklju\u010dno \u017eogo za kon\u010dni rezultat 26:24. Ponovno se je izkazal Borin v protinapadih iz cone 4, v coni 2 pa sta odli\u010dno zaustavljala napadalce Ko\u010devar in Kova\u010di\u010d s pasivnimi bloki.<\/p>\n<p>Naslednji turnir \u010daka kadete \u010dez slab mesec dni, ko se bodo pomerili z najmo\u010dnej\u0161ima ekipa v skupini \u010crnu\u010dami ACH in \u017dirovnico na turnirju v Sostrem, 6.3. 2016.<\/p>\n<p>Rezultate in lestvico si lahko ogledate na <a href=\"http:\/\/www.odbojka.si\/tekmovanja2015\/2015_KAD\/2015_kti\/2015_kti_AZ\" target=\"_blank\">povezavi<\/a>.<\/p>\n","protected":false},"excerpt":{"rendered":"<p>V soboto je bila v zgodnjih popoldanskih urah odigrana tekma 3. DOL zahod, 11. kroga, med ekipama Krka II in Calcit Volleyball III, v nedeljo pa so se kadeti odpravili&hellip; <\/p>\n<p class=\"chuchadon-read-more\"><a href=\"https:\/\/krkavolley.si\/site\/2016\/02\/09\/mlajsi-clani-neuspesni-kadeti-odlicno\/\" class=\"more-link\">Beri dalje&#8230;<\/a><\/p>\n","protected":false},"author":1,"featured_media":3068,"comment_status":"closed","ping_status":"closed","sticky":false,"template":"","format":"standard","meta":{"footnotes":""},"categories":[80,1],"tags":[17,8],"class_list":["post-3108","post","type-post","status-publish","format-standard","has-post-thumbnail","category-3-dol","category-nekategorizirano","tag-kadeti","tag-zuzemberk","entry"],"yoast_head":"<!-- This site is optimized with the Yoast SEO plugin v26.6 - https:\/\/yoast.com\/wordpress\/plugins\/seo\/ -->\n<title>Mlaj\u0161i \u010dlani neuspe\u0161ni, kadeti odli\u010dno - Mo\u0161ki odbojkarski klub Krka<\/title>\n<meta name=\"description\" content=\"V soboto je bila odigrana tekma 3. DOL zahod med ekipama Krka II in Calcit Volleyball III, v nedeljo pa so se kadeti odpravili na turnir v \u017du\u017eemberk.\" \/>\n<meta name=\"robots\" content=\"index, follow, max-snippet:-1, max-image-preview:large, max-video-preview:-1\" \/>\n<link rel=\"canonical\" href=\"https:\/\/krkavolley.si\/site\/2016\/02\/09\/mlajsi-clani-neuspesni-kadeti-odlicno\/\" \/>\n<meta property=\"og:locale\" content=\"sl_SI\" \/>\n<meta property=\"og:type\" content=\"article\" \/>\n<meta property=\"og:title\" content=\"Mlaj\u0161i \u010dlani neuspe\u0161ni, kadeti odli\u010dno - Mo\u0161ki odbojkarski klub Krka\" \/>\n<meta property=\"og:description\" content=\"V soboto je bila odigrana tekma 3. DOL zahod med ekipama Krka II in Calcit Volleyball III, v nedeljo pa so se kadeti odpravili na turnir v \u017du\u017eemberk.\" \/>\n<meta property=\"og:url\" content=\"https:\/\/krkavolley.si\/site\/2016\/02\/09\/mlajsi-clani-neuspesni-kadeti-odlicno\/\" \/>\n<meta property=\"og:site_name\" content=\"Mo\u0161ki odbojkarski klub Krka\" \/>\n<meta property=\"article:publisher\" content=\"https:\/\/www.facebook.com\/krkavolley\/\" \/>\n<meta property=\"article:published_time\" content=\"2016-02-09T07:34:16+00:00\" \/>\n<meta name=\"author\" content=\"mokkrka\" \/>\n<meta name=\"twitter:card\" content=\"summary_large_image\" \/>\n<meta name=\"twitter:label1\" content=\"Written by\" \/>\n\t<meta name=\"twitter:data1\" content=\"mokkrka\" \/>\n\t<meta name=\"twitter:label2\" content=\"Est. reading time\" \/>\n\t<meta name=\"twitter:data2\" content=\"4 minute\" \/>\n<script type=\"application\/ld+json\" class=\"yoast-schema-graph\">{\"@context\":\"https:\/\/schema.org\",\"@graph\":[{\"@type\":\"Article\",\"@id\":\"https:\/\/krkavolley.si\/site\/2016\/02\/09\/mlajsi-clani-neuspesni-kadeti-odlicno\/#article\",\"isPartOf\":{\"@id\":\"https:\/\/krkavolley.si\/site\/2016\/02\/09\/mlajsi-clani-neuspesni-kadeti-odlicno\/\"},\"author\":{\"name\":\"mokkrka\",\"@id\":\"https:\/\/krkavolley.si\/site\/#\/schema\/person\/534ee01c931f76708377719fa8dba01a\"},\"headline\":\"Mlaj\u0161i \u010dlani neuspe\u0161ni, kadeti odli\u010dno\",\"datePublished\":\"2016-02-09T07:34:16+00:00\",\"mainEntityOfPage\":{\"@id\":\"https:\/\/krkavolley.si\/site\/2016\/02\/09\/mlajsi-clani-neuspesni-kadeti-odlicno\/\"},\"wordCount\":830,\"publisher\":{\"@id\":\"https:\/\/krkavolley.si\/site\/#organization\"},\"image\":{\"@id\":\"https:\/\/krkavolley.si\/site\/2016\/02\/09\/mlajsi-clani-neuspesni-kadeti-odlicno\/#primaryimage\"},\"thumbnailUrl\":\"\",\"keywords\":[\"kadeti\",\"\u017eu\u017eemberk\"],\"articleSection\":[\"3. DOL\"],\"inLanguage\":\"sl-SI\"},{\"@type\":\"WebPage\",\"@id\":\"https:\/\/krkavolley.si\/site\/2016\/02\/09\/mlajsi-clani-neuspesni-kadeti-odlicno\/\",\"url\":\"https:\/\/krkavolley.si\/site\/2016\/02\/09\/mlajsi-clani-neuspesni-kadeti-odlicno\/\",\"name\":\"Mlaj\u0161i \u010dlani neuspe\u0161ni, kadeti odli\u010dno - Mo\u0161ki odbojkarski klub Krka\",\"isPartOf\":{\"@id\":\"https:\/\/krkavolley.si\/site\/#website\"},\"primaryImageOfPage\":{\"@id\":\"https:\/\/krkavolley.si\/site\/2016\/02\/09\/mlajsi-clani-neuspesni-kadeti-odlicno\/#primaryimage\"},\"image\":{\"@id\":\"https:\/\/krkavolley.si\/site\/2016\/02\/09\/mlajsi-clani-neuspesni-kadeti-odlicno\/#primaryimage\"},\"thumbnailUrl\":\"\",\"datePublished\":\"2016-02-09T07:34:16+00:00\",\"description\":\"V soboto je bila odigrana tekma 3. DOL zahod med ekipama Krka II in Calcit Volleyball III, v nedeljo pa so se kadeti odpravili na turnir v \u017du\u017eemberk.\",\"breadcrumb\":{\"@id\":\"https:\/\/krkavolley.si\/site\/2016\/02\/09\/mlajsi-clani-neuspesni-kadeti-odlicno\/#breadcrumb\"},\"inLanguage\":\"sl-SI\",\"potentialAction\":[{\"@type\":\"ReadAction\",\"target\":[\"https:\/\/krkavolley.si\/site\/2016\/02\/09\/mlajsi-clani-neuspesni-kadeti-odlicno\/\"]}]},{\"@type\":\"ImageObject\",\"inLanguage\":\"sl-SI\",\"@id\":\"https:\/\/krkavolley.si\/site\/2016\/02\/09\/mlajsi-clani-neuspesni-kadeti-odlicno\/#primaryimage\",\"url\":\"\",\"contentUrl\":\"\"},{\"@type\":\"BreadcrumbList\",\"@id\":\"https:\/\/krkavolley.si\/site\/2016\/02\/09\/mlajsi-clani-neuspesni-kadeti-odlicno\/#breadcrumb\",\"itemListElement\":[{\"@type\":\"ListItem\",\"position\":1,\"name\":\"Home\",\"item\":\"https:\/\/krkavolley.si\/site\/\"},{\"@type\":\"ListItem\",\"position\":2,\"name\":\"Mlaj\u0161i \u010dlani neuspe\u0161ni, kadeti odli\u010dno\"}]},{\"@type\":\"WebSite\",\"@id\":\"https:\/\/krkavolley.si\/site\/#website\",\"url\":\"https:\/\/krkavolley.si\/site\/\",\"name\":\"Mo\u0161ki odbojkarski klub Krka\",\"description\":\"Novo mesto\",\"publisher\":{\"@id\":\"https:\/\/krkavolley.si\/site\/#organization\"},\"potentialAction\":[{\"@type\":\"SearchAction\",\"target\":{\"@type\":\"EntryPoint\",\"urlTemplate\":\"https:\/\/krkavolley.si\/site\/?s={search_term_string}\"},\"query-input\":{\"@type\":\"PropertyValueSpecification\",\"valueRequired\":true,\"valueName\":\"search_term_string\"}}],\"inLanguage\":\"sl-SI\"},{\"@type\":\"Organization\",\"@id\":\"https:\/\/krkavolley.si\/site\/#organization\",\"name\":\"Mo\u0161ki odbojkarski klub Krka\",\"url\":\"https:\/\/krkavolley.si\/site\/\",\"logo\":{\"@type\":\"ImageObject\",\"inLanguage\":\"sl-SI\",\"@id\":\"https:\/\/krkavolley.si\/site\/#\/schema\/logo\/image\/\",\"url\":\"https:\/\/krkavolley.si\/site\/wp-content\/uploads\/2017\/03\/mok_krka_squared.jpg\",\"contentUrl\":\"https:\/\/krkavolley.si\/site\/wp-content\/uploads\/2017\/03\/mok_krka_squared.jpg\",\"width\":500,\"height\":500,\"caption\":\"Mo\u0161ki odbojkarski klub Krka\"},\"image\":{\"@id\":\"https:\/\/krkavolley.si\/site\/#\/schema\/logo\/image\/\"},\"sameAs\":[\"https:\/\/www.facebook.com\/krkavolley\/\",\"https:\/\/www.youtube.com\/channel\/UC-9mw6XzAdOheQVW-nJxBDg\"]},{\"@type\":\"Person\",\"@id\":\"https:\/\/krkavolley.si\/site\/#\/schema\/person\/534ee01c931f76708377719fa8dba01a\",\"name\":\"mokkrka\",\"image\":{\"@type\":\"ImageObject\",\"inLanguage\":\"sl-SI\",\"@id\":\"https:\/\/krkavolley.si\/site\/#\/schema\/person\/image\/\",\"url\":\"https:\/\/secure.gravatar.com\/avatar\/47a045e234f1661f7ec6f2ebf50b4de78c561f36cd8df312c2474dc659604592?s=96&d=mm&r=g\",\"contentUrl\":\"https:\/\/secure.gravatar.com\/avatar\/47a045e234f1661f7ec6f2ebf50b4de78c561f36cd8df312c2474dc659604592?s=96&d=mm&r=g\",\"caption\":\"mokkrka\"},\"url\":\"https:\/\/krkavolley.si\/site\/author\/mokkrka\/\"}]}<\/script>\n<!-- \/ Yoast SEO plugin. -->","yoast_head_json":{"title":"Mlaj\u0161i \u010dlani neuspe\u0161ni, kadeti odli\u010dno - Mo\u0161ki odbojkarski klub Krka","description":"V soboto je bila odigrana tekma 3. DOL zahod med ekipama Krka II in Calcit Volleyball III, v nedeljo pa so se kadeti odpravili na turnir v \u017du\u017eemberk.","robots":{"index":"index","follow":"follow","max-snippet":"max-snippet:-1","max-image-preview":"max-image-preview:large","max-video-preview":"max-video-preview:-1"},"canonical":"https:\/\/krkavolley.si\/site\/2016\/02\/09\/mlajsi-clani-neuspesni-kadeti-odlicno\/","og_locale":"sl_SI","og_type":"article","og_title":"Mlaj\u0161i \u010dlani neuspe\u0161ni, kadeti odli\u010dno - Mo\u0161ki odbojkarski klub Krka","og_description":"V soboto je bila odigrana tekma 3. DOL zahod med ekipama Krka II in Calcit Volleyball III, v nedeljo pa so se kadeti odpravili na turnir v \u017du\u017eemberk.","og_url":"https:\/\/krkavolley.si\/site\/2016\/02\/09\/mlajsi-clani-neuspesni-kadeti-odlicno\/","og_site_name":"Mo\u0161ki odbojkarski klub Krka","article_publisher":"https:\/\/www.facebook.com\/krkavolley\/","article_published_time":"2016-02-09T07:34:16+00:00","author":"mokkrka","twitter_card":"summary_large_image","twitter_misc":{"Written by":"mokkrka","Est. reading time":"4 minute"},"schema":{"@context":"https:\/\/schema.org","@graph":[{"@type":"Article","@id":"https:\/\/krkavolley.si\/site\/2016\/02\/09\/mlajsi-clani-neuspesni-kadeti-odlicno\/#article","isPartOf":{"@id":"https:\/\/krkavolley.si\/site\/2016\/02\/09\/mlajsi-clani-neuspesni-kadeti-odlicno\/"},"author":{"name":"mokkrka","@id":"https:\/\/krkavolley.si\/site\/#\/schema\/person\/534ee01c931f76708377719fa8dba01a"},"headline":"Mlaj\u0161i \u010dlani neuspe\u0161ni, kadeti odli\u010dno","datePublished":"2016-02-09T07:34:16+00:00","mainEntityOfPage":{"@id":"https:\/\/krkavolley.si\/site\/2016\/02\/09\/mlajsi-clani-neuspesni-kadeti-odlicno\/"},"wordCount":830,"publisher":{"@id":"https:\/\/krkavolley.si\/site\/#organization"},"image":{"@id":"https:\/\/krkavolley.si\/site\/2016\/02\/09\/mlajsi-clani-neuspesni-kadeti-odlicno\/#primaryimage"},"thumbnailUrl":"","keywords":["kadeti","\u017eu\u017eemberk"],"articleSection":["3. DOL"],"inLanguage":"sl-SI"},{"@type":"WebPage","@id":"https:\/\/krkavolley.si\/site\/2016\/02\/09\/mlajsi-clani-neuspesni-kadeti-odlicno\/","url":"https:\/\/krkavolley.si\/site\/2016\/02\/09\/mlajsi-clani-neuspesni-kadeti-odlicno\/","name":"Mlaj\u0161i \u010dlani neuspe\u0161ni, kadeti odli\u010dno - Mo\u0161ki odbojkarski klub Krka","isPartOf":{"@id":"https:\/\/krkavolley.si\/site\/#website"},"primaryImageOfPage":{"@id":"https:\/\/krkavolley.si\/site\/2016\/02\/09\/mlajsi-clani-neuspesni-kadeti-odlicno\/#primaryimage"},"image":{"@id":"https:\/\/krkavolley.si\/site\/2016\/02\/09\/mlajsi-clani-neuspesni-kadeti-odlicno\/#primaryimage"},"thumbnailUrl":"","datePublished":"2016-02-09T07:34:16+00:00","description":"V soboto je bila odigrana tekma 3. DOL zahod med ekipama Krka II in Calcit Volleyball III, v nedeljo pa so se kadeti odpravili na turnir v \u017du\u017eemberk.","breadcrumb":{"@id":"https:\/\/krkavolley.si\/site\/2016\/02\/09\/mlajsi-clani-neuspesni-kadeti-odlicno\/#breadcrumb"},"inLanguage":"sl-SI","potentialAction":[{"@type":"ReadAction","target":["https:\/\/krkavolley.si\/site\/2016\/02\/09\/mlajsi-clani-neuspesni-kadeti-odlicno\/"]}]},{"@type":"ImageObject","inLanguage":"sl-SI","@id":"https:\/\/krkavolley.si\/site\/2016\/02\/09\/mlajsi-clani-neuspesni-kadeti-odlicno\/#primaryimage","url":"","contentUrl":""},{"@type":"BreadcrumbList","@id":"https:\/\/krkavolley.si\/site\/2016\/02\/09\/mlajsi-clani-neuspesni-kadeti-odlicno\/#breadcrumb","itemListElement":[{"@type":"ListItem","position":1,"name":"Home","item":"https:\/\/krkavolley.si\/site\/"},{"@type":"ListItem","position":2,"name":"Mlaj\u0161i \u010dlani neuspe\u0161ni, kadeti odli\u010dno"}]},{"@type":"WebSite","@id":"https:\/\/krkavolley.si\/site\/#website","url":"https:\/\/krkavolley.si\/site\/","name":"Mo\u0161ki odbojkarski klub Krka","description":"Novo mesto","publisher":{"@id":"https:\/\/krkavolley.si\/site\/#organization"},"potentialAction":[{"@type":"SearchAction","target":{"@type":"EntryPoint","urlTemplate":"https:\/\/krkavolley.si\/site\/?s={search_term_string}"},"query-input":{"@type":"PropertyValueSpecification","valueRequired":true,"valueName":"search_term_string"}}],"inLanguage":"sl-SI"},{"@type":"Organization","@id":"https:\/\/krkavolley.si\/site\/#organization","name":"Mo\u0161ki odbojkarski klub Krka","url":"https:\/\/krkavolley.si\/site\/","logo":{"@type":"ImageObject","inLanguage":"sl-SI","@id":"https:\/\/krkavolley.si\/site\/#\/schema\/logo\/image\/","url":"https:\/\/krkavolley.si\/site\/wp-content\/uploads\/2017\/03\/mok_krka_squared.jpg","contentUrl":"https:\/\/krkavolley.si\/site\/wp-content\/uploads\/2017\/03\/mok_krka_squared.jpg","width":500,"height":500,"caption":"Mo\u0161ki odbojkarski klub Krka"},"image":{"@id":"https:\/\/krkavolley.si\/site\/#\/schema\/logo\/image\/"},"sameAs":["https:\/\/www.facebook.com\/krkavolley\/","https:\/\/www.youtube.com\/channel\/UC-9mw6XzAdOheQVW-nJxBDg"]},{"@type":"Person","@id":"https:\/\/krkavolley.si\/site\/#\/schema\/person\/534ee01c931f76708377719fa8dba01a","name":"mokkrka","image":{"@type":"ImageObject","inLanguage":"sl-SI","@id":"https:\/\/krkavolley.si\/site\/#\/schema\/person\/image\/","url":"https:\/\/secure.gravatar.com\/avatar\/47a045e234f1661f7ec6f2ebf50b4de78c561f36cd8df312c2474dc659604592?s=96&d=mm&r=g","contentUrl":"https:\/\/secure.gravatar.com\/avatar\/47a045e234f1661f7ec6f2ebf50b4de78c561f36cd8df312c2474dc659604592?s=96&d=mm&r=g","caption":"mokkrka"},"url":"https:\/\/krkavolley.si\/site\/author\/mokkrka\/"}]}},"_links":{"self":[{"href":"https:\/\/krkavolley.si\/site\/wp-json\/wp\/v2\/posts\/3108","targetHints":{"allow":["GET"]}}],"collection":[{"href":"https:\/\/krkavolley.si\/site\/wp-json\/wp\/v2\/posts"}],"about":[{"href":"https:\/\/krkavolley.si\/site\/wp-json\/wp\/v2\/types\/post"}],"author":[{"embeddable":true,"href":"https:\/\/krkavolley.si\/site\/wp-json\/wp\/v2\/users\/1"}],"replies":[{"embeddable":true,"href":"https:\/\/krkavolley.si\/site\/wp-json\/wp\/v2\/comments?post=3108"}],"version-history":[{"count":0,"href":"https:\/\/krkavolley.si\/site\/wp-json\/wp\/v2\/posts\/3108\/revisions"}],"wp:featuredmedia":[{"embeddable":true,"href":"https:\/\/krkavolley.si\/site\/wp-json\/"}],"wp:attachment":[{"href":"https:\/\/krkavolley.si\/site\/wp-json\/wp\/v2\/media?parent=3108"}],"wp:term":[{"taxonomy":"category","embeddable":true,"href":"https:\/\/krkavolley.si\/site\/wp-json\/wp\/v2\/categories?post=3108"},{"taxonomy":"post_tag","embeddable":true,"href":"https:\/\/krkavolley.si\/site\/wp-json\/wp\/v2\/tags?post=3108"}],"curies":[{"name":"wp","href":"https:\/\/api.w.org\/{rel}","templated":true}]}}