{"id":3124,"date":"2016-02-14T10:12:25","date_gmt":"2016-02-14T09:12:25","guid":{"rendered":"https:\/\/krkavolley.si\/?p=3124"},"modified":"2016-02-14T10:12:25","modified_gmt":"2016-02-14T09:12:25","slug":"zeleno-skupino-odprli-z-zmago-proti-koroscem","status":"publish","type":"post","link":"https:\/\/krkavolley.si\/site\/2016\/02\/14\/zeleno-skupino-odprli-z-zmago-proti-koroscem\/","title":{"rendered":"Zeleno skupino odprli z zmago proti Koro\u0161cem"},"content":{"rendered":"<p>Odbojkarji novome\u0161ke Krke so v tekmi 1. kroga zelene skupine premagali Fu\u017einar Metal Ravne z rezultatom 3:0. Pri doma\u010dih je blestel Kosmina.<\/p>\n<p><!--more--><\/p>\n<p style=\"text-align: center;\">1. DOL, zelena skupina, 1. krog<br \/>\n<strong>MOK Krka &#8211; Fu\u017einar Metal Ravne<\/strong><br \/>\n3:0 (24, 17, 21)<\/p>\n<p style=\"text-align: left;\">Dvorana Marof, gledalcev 100, sodnika: Seifried in Tovornikova (oba Maribor).<br \/>\n<strong>Krka<\/strong>: Brulec 9, G. Erpi\u010d 4, Vrhov\u0161ek, Kosmina 18, U. Erpi\u010d, Vesel, Drobni\u010d 4, Pucelj, Bregar 9, Lindi\u010d, Klob\u010dar, Turk 9, Plot.<br \/>\n<strong>Fu\u017einar<\/strong> <strong>Metal<\/strong>: Stravnik 4, M. Je\u017e 1, Lednik, \u0160avc, Borko 3, Toma\u017e 14, J. Je\u017e 5, Valentan 8, Libnik.<\/p>\n<p style=\"text-align: left;\">Odbojkarji Krke so nadaljevanje sezone odprli z zmago. Koro\u0161ci, ki si bodo obstanek v ligi sku\u0161ali priigrati z okrnjeno zasedbo, saj v ekipi ni ve\u010d obeh tujih okrepitev, so naleteli na dobro pripravljeno ekipo doma\u010dinov. Toda varovanci Jerneja Rojca so imeli v prvem nizu kar nekaj te\u017eav, predvsem po zaslugi ve\u010djega \u0161tevila lastnih napak, kljub temu pa so uspeli zaklju\u010diti niz v svojo korist.<\/p>\n<p style=\"text-align: left;\">Napeta kon\u010dnica je bila pravilo dramilo za doma\u010de odbojkarje, saj so v drugem nizu nastopili odlo\u010dneje in do vodstva z 2:0 pri\u0161li brez te\u017eav. Raven\u010dani se niso predali, v tretjem nizu so ob drugem tehni\u010dnem odmoru celo vodili za 3 to\u010dke, to prednost so po odmoru \u0161e pove\u010dali, nato pa so se doma\u010di le prebudili in po preobratu v zaklju\u010dku niza pri\u0161li do zmage.<\/p>\n<p style=\"text-align: left;\">Ve\u010d si lahko preberete v <a href=\"http:\/\/www.odbojka.si\/novice\/5739\" target=\"_blank\">prispevku <\/a>na spletni strani odbojkarske zveze ali v <a href=\"http:\/\/www.dolenjskilist.si\/2016\/02\/14\/149884\/sport\/odbojka\/Kljub_podcenjevanju_zmagali_s_3_0\/\" target=\"_blank\">prispevku <\/a>na spletni strani Dolenjskega Lista.<\/p>\n<p style=\"text-align: left;\">V preostali tekmi zelene skupine so do zmage pri\u0161li \u0160empetrani, ki so\u00a0v gosteh ugnali \u017dirovnico z 1:3 (25:27, 25:20, 20:25, 22:25). Prihodnjo soboto 20. februarja bo Krka gostovala v \u017dirovnici, \u0160empeter pa bo doma gostil Fu\u017einar Metal Ravne.<\/p>\n<p style=\"text-align: left;\"><img loading=\"lazy\" decoding=\"async\" class=\"aligncenter size-full wp-image-3125\" src=\"https:\/\/krkavolley.si\/page\/wp-content\/uploads\/2016\/02\/infografika-Zelena-01-krka-fuzinar.jpg\" alt=\"infografika Zelena 01 krka fuzinar\" width=\"819\" height=\"819\" \/><\/p>\n","protected":false},"excerpt":{"rendered":"<p>Odbojkarji novome\u0161ke Krke so v tekmi 1. kroga zelene skupine premagali Fu\u017einar Metal Ravne z rezultatom 3:0. Pri doma\u010dih je blestel Kosmina.<\/p>\n","protected":false},"author":1,"featured_media":2446,"comment_status":"closed","ping_status":"closed","sticky":false,"template":"","format":"standard","meta":{"footnotes":""},"categories":[71,72],"tags":[9,88],"class_list":["post-3124","post","type-post","status-publish","format-standard","has-post-thumbnail","category-1-dol","category-72","tag-fuzinar","tag-zelena-skupina","entry"],"yoast_head":"<!-- This site is optimized with the Yoast SEO plugin v26.6 - https:\/\/yoast.com\/wordpress\/plugins\/seo\/ -->\n<title>Zeleno skupino odprli z zmago proti Koro\u0161cem - Mo\u0161ki odbojkarski klub Krka<\/title>\n<meta name=\"description\" content=\"Odbojkarji novome\u0161ke Krke so v tekmi 1. kroga zelene skupine premagali Fu\u017einar Metal Ravne z rezultatom 3:0. Pri doma\u010dih je blestel Kosmina.\" \/>\n<meta name=\"robots\" content=\"index, follow, max-snippet:-1, max-image-preview:large, max-video-preview:-1\" \/>\n<link rel=\"canonical\" href=\"https:\/\/krkavolley.si\/site\/2016\/02\/14\/zeleno-skupino-odprli-z-zmago-proti-koroscem\/\" \/>\n<meta property=\"og:locale\" content=\"sl_SI\" \/>\n<meta property=\"og:type\" content=\"article\" \/>\n<meta property=\"og:title\" content=\"Zeleno skupino odprli z zmago proti Koro\u0161cem - Mo\u0161ki odbojkarski klub Krka\" \/>\n<meta property=\"og:description\" content=\"Odbojkarji novome\u0161ke Krke so v tekmi 1. kroga zelene skupine premagali Fu\u017einar Metal Ravne z rezultatom 3:0. Pri doma\u010dih je blestel Kosmina.\" \/>\n<meta property=\"og:url\" content=\"https:\/\/krkavolley.si\/site\/2016\/02\/14\/zeleno-skupino-odprli-z-zmago-proti-koroscem\/\" \/>\n<meta property=\"og:site_name\" content=\"Mo\u0161ki odbojkarski klub Krka\" \/>\n<meta property=\"article:publisher\" content=\"https:\/\/www.facebook.com\/krkavolley\/\" \/>\n<meta property=\"article:published_time\" content=\"2016-02-14T09:12:25+00:00\" \/>\n<meta name=\"author\" content=\"mokkrka\" \/>\n<meta name=\"twitter:card\" content=\"summary_large_image\" \/>\n<meta name=\"twitter:label1\" content=\"Written by\" \/>\n\t<meta name=\"twitter:data1\" content=\"mokkrka\" \/>\n\t<meta name=\"twitter:label2\" content=\"Est. reading time\" \/>\n\t<meta name=\"twitter:data2\" content=\"1 minuta\" \/>\n<script type=\"application\/ld+json\" class=\"yoast-schema-graph\">{\"@context\":\"https:\/\/schema.org\",\"@graph\":[{\"@type\":\"Article\",\"@id\":\"https:\/\/krkavolley.si\/site\/2016\/02\/14\/zeleno-skupino-odprli-z-zmago-proti-koroscem\/#article\",\"isPartOf\":{\"@id\":\"https:\/\/krkavolley.si\/site\/2016\/02\/14\/zeleno-skupino-odprli-z-zmago-proti-koroscem\/\"},\"author\":{\"name\":\"mokkrka\",\"@id\":\"https:\/\/krkavolley.si\/site\/#\/schema\/person\/534ee01c931f76708377719fa8dba01a\"},\"headline\":\"Zeleno skupino odprli z zmago proti Koro\u0161cem\",\"datePublished\":\"2016-02-14T09:12:25+00:00\",\"mainEntityOfPage\":{\"@id\":\"https:\/\/krkavolley.si\/site\/2016\/02\/14\/zeleno-skupino-odprli-z-zmago-proti-koroscem\/\"},\"wordCount\":281,\"publisher\":{\"@id\":\"https:\/\/krkavolley.si\/site\/#organization\"},\"image\":{\"@id\":\"https:\/\/krkavolley.si\/site\/2016\/02\/14\/zeleno-skupino-odprli-z-zmago-proti-koroscem\/#primaryimage\"},\"thumbnailUrl\":\"\",\"keywords\":[\"fu\u017einar\",\"zelena skupina\"],\"articleSection\":[\"1. DOL\",\"2015\/2016\"],\"inLanguage\":\"sl-SI\"},{\"@type\":\"WebPage\",\"@id\":\"https:\/\/krkavolley.si\/site\/2016\/02\/14\/zeleno-skupino-odprli-z-zmago-proti-koroscem\/\",\"url\":\"https:\/\/krkavolley.si\/site\/2016\/02\/14\/zeleno-skupino-odprli-z-zmago-proti-koroscem\/\",\"name\":\"Zeleno skupino odprli z zmago proti Koro\u0161cem - Mo\u0161ki odbojkarski klub Krka\",\"isPartOf\":{\"@id\":\"https:\/\/krkavolley.si\/site\/#website\"},\"primaryImageOfPage\":{\"@id\":\"https:\/\/krkavolley.si\/site\/2016\/02\/14\/zeleno-skupino-odprli-z-zmago-proti-koroscem\/#primaryimage\"},\"image\":{\"@id\":\"https:\/\/krkavolley.si\/site\/2016\/02\/14\/zeleno-skupino-odprli-z-zmago-proti-koroscem\/#primaryimage\"},\"thumbnailUrl\":\"\",\"datePublished\":\"2016-02-14T09:12:25+00:00\",\"description\":\"Odbojkarji novome\u0161ke Krke so v tekmi 1. kroga zelene skupine premagali Fu\u017einar Metal Ravne z rezultatom 3:0. Pri doma\u010dih je blestel Kosmina.\",\"breadcrumb\":{\"@id\":\"https:\/\/krkavolley.si\/site\/2016\/02\/14\/zeleno-skupino-odprli-z-zmago-proti-koroscem\/#breadcrumb\"},\"inLanguage\":\"sl-SI\",\"potentialAction\":[{\"@type\":\"ReadAction\",\"target\":[\"https:\/\/krkavolley.si\/site\/2016\/02\/14\/zeleno-skupino-odprli-z-zmago-proti-koroscem\/\"]}]},{\"@type\":\"ImageObject\",\"inLanguage\":\"sl-SI\",\"@id\":\"https:\/\/krkavolley.si\/site\/2016\/02\/14\/zeleno-skupino-odprli-z-zmago-proti-koroscem\/#primaryimage\",\"url\":\"\",\"contentUrl\":\"\"},{\"@type\":\"BreadcrumbList\",\"@id\":\"https:\/\/krkavolley.si\/site\/2016\/02\/14\/zeleno-skupino-odprli-z-zmago-proti-koroscem\/#breadcrumb\",\"itemListElement\":[{\"@type\":\"ListItem\",\"position\":1,\"name\":\"Home\",\"item\":\"https:\/\/krkavolley.si\/site\/\"},{\"@type\":\"ListItem\",\"position\":2,\"name\":\"Zeleno skupino odprli z zmago proti Koro\u0161cem\"}]},{\"@type\":\"WebSite\",\"@id\":\"https:\/\/krkavolley.si\/site\/#website\",\"url\":\"https:\/\/krkavolley.si\/site\/\",\"name\":\"Mo\u0161ki odbojkarski klub Krka\",\"description\":\"Novo mesto\",\"publisher\":{\"@id\":\"https:\/\/krkavolley.si\/site\/#organization\"},\"potentialAction\":[{\"@type\":\"SearchAction\",\"target\":{\"@type\":\"EntryPoint\",\"urlTemplate\":\"https:\/\/krkavolley.si\/site\/?s={search_term_string}\"},\"query-input\":{\"@type\":\"PropertyValueSpecification\",\"valueRequired\":true,\"valueName\":\"search_term_string\"}}],\"inLanguage\":\"sl-SI\"},{\"@type\":\"Organization\",\"@id\":\"https:\/\/krkavolley.si\/site\/#organization\",\"name\":\"Mo\u0161ki odbojkarski klub Krka\",\"url\":\"https:\/\/krkavolley.si\/site\/\",\"logo\":{\"@type\":\"ImageObject\",\"inLanguage\":\"sl-SI\",\"@id\":\"https:\/\/krkavolley.si\/site\/#\/schema\/logo\/image\/\",\"url\":\"https:\/\/krkavolley.si\/site\/wp-content\/uploads\/2017\/03\/mok_krka_squared.jpg\",\"contentUrl\":\"https:\/\/krkavolley.si\/site\/wp-content\/uploads\/2017\/03\/mok_krka_squared.jpg\",\"width\":500,\"height\":500,\"caption\":\"Mo\u0161ki odbojkarski klub Krka\"},\"image\":{\"@id\":\"https:\/\/krkavolley.si\/site\/#\/schema\/logo\/image\/\"},\"sameAs\":[\"https:\/\/www.facebook.com\/krkavolley\/\",\"https:\/\/www.youtube.com\/channel\/UC-9mw6XzAdOheQVW-nJxBDg\"]},{\"@type\":\"Person\",\"@id\":\"https:\/\/krkavolley.si\/site\/#\/schema\/person\/534ee01c931f76708377719fa8dba01a\",\"name\":\"mokkrka\",\"image\":{\"@type\":\"ImageObject\",\"inLanguage\":\"sl-SI\",\"@id\":\"https:\/\/krkavolley.si\/site\/#\/schema\/person\/image\/\",\"url\":\"https:\/\/secure.gravatar.com\/avatar\/47a045e234f1661f7ec6f2ebf50b4de78c561f36cd8df312c2474dc659604592?s=96&d=mm&r=g\",\"contentUrl\":\"https:\/\/secure.gravatar.com\/avatar\/47a045e234f1661f7ec6f2ebf50b4de78c561f36cd8df312c2474dc659604592?s=96&d=mm&r=g\",\"caption\":\"mokkrka\"},\"url\":\"https:\/\/krkavolley.si\/site\/author\/mokkrka\/\"}]}<\/script>\n<!-- \/ Yoast SEO plugin. -->","yoast_head_json":{"title":"Zeleno skupino odprli z zmago proti Koro\u0161cem - Mo\u0161ki odbojkarski klub Krka","description":"Odbojkarji novome\u0161ke Krke so v tekmi 1. kroga zelene skupine premagali Fu\u017einar Metal Ravne z rezultatom 3:0. Pri doma\u010dih je blestel Kosmina.","robots":{"index":"index","follow":"follow","max-snippet":"max-snippet:-1","max-image-preview":"max-image-preview:large","max-video-preview":"max-video-preview:-1"},"canonical":"https:\/\/krkavolley.si\/site\/2016\/02\/14\/zeleno-skupino-odprli-z-zmago-proti-koroscem\/","og_locale":"sl_SI","og_type":"article","og_title":"Zeleno skupino odprli z zmago proti Koro\u0161cem - Mo\u0161ki odbojkarski klub Krka","og_description":"Odbojkarji novome\u0161ke Krke so v tekmi 1. kroga zelene skupine premagali Fu\u017einar Metal Ravne z rezultatom 3:0. Pri doma\u010dih je blestel Kosmina.","og_url":"https:\/\/krkavolley.si\/site\/2016\/02\/14\/zeleno-skupino-odprli-z-zmago-proti-koroscem\/","og_site_name":"Mo\u0161ki odbojkarski klub Krka","article_publisher":"https:\/\/www.facebook.com\/krkavolley\/","article_published_time":"2016-02-14T09:12:25+00:00","author":"mokkrka","twitter_card":"summary_large_image","twitter_misc":{"Written by":"mokkrka","Est. reading time":"1 minuta"},"schema":{"@context":"https:\/\/schema.org","@graph":[{"@type":"Article","@id":"https:\/\/krkavolley.si\/site\/2016\/02\/14\/zeleno-skupino-odprli-z-zmago-proti-koroscem\/#article","isPartOf":{"@id":"https:\/\/krkavolley.si\/site\/2016\/02\/14\/zeleno-skupino-odprli-z-zmago-proti-koroscem\/"},"author":{"name":"mokkrka","@id":"https:\/\/krkavolley.si\/site\/#\/schema\/person\/534ee01c931f76708377719fa8dba01a"},"headline":"Zeleno skupino odprli z zmago proti Koro\u0161cem","datePublished":"2016-02-14T09:12:25+00:00","mainEntityOfPage":{"@id":"https:\/\/krkavolley.si\/site\/2016\/02\/14\/zeleno-skupino-odprli-z-zmago-proti-koroscem\/"},"wordCount":281,"publisher":{"@id":"https:\/\/krkavolley.si\/site\/#organization"},"image":{"@id":"https:\/\/krkavolley.si\/site\/2016\/02\/14\/zeleno-skupino-odprli-z-zmago-proti-koroscem\/#primaryimage"},"thumbnailUrl":"","keywords":["fu\u017einar","zelena skupina"],"articleSection":["1. DOL","2015\/2016"],"inLanguage":"sl-SI"},{"@type":"WebPage","@id":"https:\/\/krkavolley.si\/site\/2016\/02\/14\/zeleno-skupino-odprli-z-zmago-proti-koroscem\/","url":"https:\/\/krkavolley.si\/site\/2016\/02\/14\/zeleno-skupino-odprli-z-zmago-proti-koroscem\/","name":"Zeleno skupino odprli z zmago proti Koro\u0161cem - Mo\u0161ki odbojkarski klub Krka","isPartOf":{"@id":"https:\/\/krkavolley.si\/site\/#website"},"primaryImageOfPage":{"@id":"https:\/\/krkavolley.si\/site\/2016\/02\/14\/zeleno-skupino-odprli-z-zmago-proti-koroscem\/#primaryimage"},"image":{"@id":"https:\/\/krkavolley.si\/site\/2016\/02\/14\/zeleno-skupino-odprli-z-zmago-proti-koroscem\/#primaryimage"},"thumbnailUrl":"","datePublished":"2016-02-14T09:12:25+00:00","description":"Odbojkarji novome\u0161ke Krke so v tekmi 1. kroga zelene skupine premagali Fu\u017einar Metal Ravne z rezultatom 3:0. Pri doma\u010dih je blestel Kosmina.","breadcrumb":{"@id":"https:\/\/krkavolley.si\/site\/2016\/02\/14\/zeleno-skupino-odprli-z-zmago-proti-koroscem\/#breadcrumb"},"inLanguage":"sl-SI","potentialAction":[{"@type":"ReadAction","target":["https:\/\/krkavolley.si\/site\/2016\/02\/14\/zeleno-skupino-odprli-z-zmago-proti-koroscem\/"]}]},{"@type":"ImageObject","inLanguage":"sl-SI","@id":"https:\/\/krkavolley.si\/site\/2016\/02\/14\/zeleno-skupino-odprli-z-zmago-proti-koroscem\/#primaryimage","url":"","contentUrl":""},{"@type":"BreadcrumbList","@id":"https:\/\/krkavolley.si\/site\/2016\/02\/14\/zeleno-skupino-odprli-z-zmago-proti-koroscem\/#breadcrumb","itemListElement":[{"@type":"ListItem","position":1,"name":"Home","item":"https:\/\/krkavolley.si\/site\/"},{"@type":"ListItem","position":2,"name":"Zeleno skupino odprli z zmago proti Koro\u0161cem"}]},{"@type":"WebSite","@id":"https:\/\/krkavolley.si\/site\/#website","url":"https:\/\/krkavolley.si\/site\/","name":"Mo\u0161ki odbojkarski klub Krka","description":"Novo mesto","publisher":{"@id":"https:\/\/krkavolley.si\/site\/#organization"},"potentialAction":[{"@type":"SearchAction","target":{"@type":"EntryPoint","urlTemplate":"https:\/\/krkavolley.si\/site\/?s={search_term_string}"},"query-input":{"@type":"PropertyValueSpecification","valueRequired":true,"valueName":"search_term_string"}}],"inLanguage":"sl-SI"},{"@type":"Organization","@id":"https:\/\/krkavolley.si\/site\/#organization","name":"Mo\u0161ki odbojkarski klub Krka","url":"https:\/\/krkavolley.si\/site\/","logo":{"@type":"ImageObject","inLanguage":"sl-SI","@id":"https:\/\/krkavolley.si\/site\/#\/schema\/logo\/image\/","url":"https:\/\/krkavolley.si\/site\/wp-content\/uploads\/2017\/03\/mok_krka_squared.jpg","contentUrl":"https:\/\/krkavolley.si\/site\/wp-content\/uploads\/2017\/03\/mok_krka_squared.jpg","width":500,"height":500,"caption":"Mo\u0161ki odbojkarski klub Krka"},"image":{"@id":"https:\/\/krkavolley.si\/site\/#\/schema\/logo\/image\/"},"sameAs":["https:\/\/www.facebook.com\/krkavolley\/","https:\/\/www.youtube.com\/channel\/UC-9mw6XzAdOheQVW-nJxBDg"]},{"@type":"Person","@id":"https:\/\/krkavolley.si\/site\/#\/schema\/person\/534ee01c931f76708377719fa8dba01a","name":"mokkrka","image":{"@type":"ImageObject","inLanguage":"sl-SI","@id":"https:\/\/krkavolley.si\/site\/#\/schema\/person\/image\/","url":"https:\/\/secure.gravatar.com\/avatar\/47a045e234f1661f7ec6f2ebf50b4de78c561f36cd8df312c2474dc659604592?s=96&d=mm&r=g","contentUrl":"https:\/\/secure.gravatar.com\/avatar\/47a045e234f1661f7ec6f2ebf50b4de78c561f36cd8df312c2474dc659604592?s=96&d=mm&r=g","caption":"mokkrka"},"url":"https:\/\/krkavolley.si\/site\/author\/mokkrka\/"}]}},"_links":{"self":[{"href":"https:\/\/krkavolley.si\/site\/wp-json\/wp\/v2\/posts\/3124","targetHints":{"allow":["GET"]}}],"collection":[{"href":"https:\/\/krkavolley.si\/site\/wp-json\/wp\/v2\/posts"}],"about":[{"href":"https:\/\/krkavolley.si\/site\/wp-json\/wp\/v2\/types\/post"}],"author":[{"embeddable":true,"href":"https:\/\/krkavolley.si\/site\/wp-json\/wp\/v2\/users\/1"}],"replies":[{"embeddable":true,"href":"https:\/\/krkavolley.si\/site\/wp-json\/wp\/v2\/comments?post=3124"}],"version-history":[{"count":0,"href":"https:\/\/krkavolley.si\/site\/wp-json\/wp\/v2\/posts\/3124\/revisions"}],"wp:featuredmedia":[{"embeddable":true,"href":"https:\/\/krkavolley.si\/site\/wp-json\/"}],"wp:attachment":[{"href":"https:\/\/krkavolley.si\/site\/wp-json\/wp\/v2\/media?parent=3124"}],"wp:term":[{"taxonomy":"category","embeddable":true,"href":"https:\/\/krkavolley.si\/site\/wp-json\/wp\/v2\/categories?post=3124"},{"taxonomy":"post_tag","embeddable":true,"href":"https:\/\/krkavolley.si\/site\/wp-json\/wp\/v2\/tags?post=3124"}],"curies":[{"name":"wp","href":"https:\/\/api.w.org\/{rel}","templated":true}]}}