{"id":3133,"date":"2016-02-19T07:36:16","date_gmt":"2016-02-19T06:36:16","guid":{"rendered":"https:\/\/krkavolley.si\/?p=3133"},"modified":"2016-02-19T07:36:16","modified_gmt":"2016-02-19T06:36:16","slug":"aljaz-ogulin-zaigral-za-reprezentanco-dolenjske-in-z-njo-osvojil-3-mesto-na-turnirju-regij","status":"publish","type":"post","link":"https:\/\/krkavolley.si\/site\/2016\/02\/19\/aljaz-ogulin-zaigral-za-reprezentanco-dolenjske-in-z-njo-osvojil-3-mesto-na-turnirju-regij\/","title":{"rendered":"Alja\u017e Ogulin zaigral za reprezentanco Dolenjske in z njo osvojil 3. mesto na turnirju regij"},"content":{"rendered":"<p>Na tradicionalnem turnirju regij starej\u0161ih de\u010dkov in deklic se je \u0161est ekip de\u010dkov in prav toliko ekip deklic pomerilo v ponedeljek, 15. 2. 2016, in v torek, 16. 2. 2016, v \u0160portni dvorani Planina v Kranju.<!--more--><\/p>\n<p><span style=\"font-size: medium;\">V reprezentanci sta poleg Vladimira Ivanova in Gala Raj\u0161ela iz Ko\u010devja, Uro\u0161a \u0160tefani\u010da, Lovra Jarkovi\u010da in Tima Strajnarja iz Kostanjevice na Krki ter \u0160tefana Travnika, Toneta Travnika, Mohorja Trvnika, Tima Legana, Toma\u017ea Rojca, Bla\u017ea Hrovata in Jureta Legana iz presti\u017ene ter ugledne odbojkarske \u0161ole iz \u017du\u017eemberka <b>sodelovala tudi odbojkarja Krke, Valentin Gale\u0161a in Alja\u017e Ogulin.<\/b><\/span><\/p>\n<p><span style=\"font-size: medium;\"><b>Na vseh treh pripravljalnih treningih se je presenetljivo dobro v vlogi organizatorja igre zna\u0161el Alja\u017e Ogulin<\/b> tako, da sta mu selektorja Andrej Prah in David Obrstar zaupala mesto v prvi postavi Dolenjske.<\/span><\/p>\n<p><span style=\"font-size: medium;\">Prvi dan so odbojkarji Dolenjske kljub zavzeti in borbeni igri izgubili z razigranimi vrstniki iz Koro\u0161ko \u2013 Celjske regije (\u0160empeter, Fu\u017einar Metal Ravne, Vuzenica, Braslov\u010de), ki so bolje servirali in sprejemali za\u010detne udarce. <\/span><\/p>\n<p><span style=\"font-size: medium;\">Dolenjci so si pot v polfinale utrli z zelo dobro igro proti Primorski regiji (Salonit, GO Volley), <b>ko je vidno vlogo odigral prav Alja\u017e Ogulin, ki je zelo dobro izkoristil zelo dober sprejem kapetana Toma\u017ea Rojca, libera Tima Strajnarja in sprejemalca Toneta Travnika ter tako v prvem nizu odli\u010dno zaposlil v napadu oba blokerja \u2013 Tima Legana in \u0160tefana Travnika ter v napadu nezaustavljivega korektorja Uro\u0161a \u0160tefani\u010da.<\/b> V drugem nizu pa je namenil ve\u010d uspe\u0161nih podaj obema sprejemalcema, <b>od katerih se je v drugi polovici niza v napadu in pri skok servisih odli\u010dno razigral kapetan Toma\u017e Rojc.<\/b><\/span><\/p>\n<p><span style=\"font-size: medium;\">V okviru takti\u010dnih priprav na polfinalno tekmo s prvimi favoriti \u2013 \u0160tajersko-Prekmurska regija (Maribor, Ho\u010de, Panvita Pomgrad, Fram), je trener Andrej Prah zve\u010der opravil sestanek z vsemi igralci, kjer je predvsem poudaril nekaj osnovnih zna\u010dilnosti igre nasprotnikov ter <b>popolno neu\u010dinkovitost vseh blokerjev Dolenjske<\/b>, saj so v prvih dveh tekmah Dolenjci dosegli ni\u010d to\u010dk v bloku. Sestanek se je kon\u010dal po predavanju o na\u010dinih uspe\u0161nega blokiranja in smiselnosti bloka za pravilno postavitev ostalih igralcev v obrambi.<\/span><\/p>\n<p><span style=\"font-size: medium;\">Med polfinalno tekmo je prva postava Dolenjske \u2013 <b>Alja\u017e, Timi, Toma\u017e, Toni, \u0160tef, Tim in Uro\u0161<\/b> poizku\u0161ala upo\u0161tevati vse, kar je bilo povedano na sestanku. <b>Zelo uspe\u0161ni so bili v obrambnih nalogah, dosegli so tudi prve tri direktne bloke<\/b>, <u>toda ogromno preglavic so imeli Dolenjci z izrednimi servisi Jara Vezjaka, Urbana Hafnerja, Tilna Zalo\u017enika in Roka Mo\u017ei\u010da ter s tem posledi\u010dno z organizacijo napadov, z odli\u010dnimi bloki (6 direktnih blokov) , odli\u010dnimi podajami organizatorja igre Urbana Hafnerja ter tudi z ve\u010djim \u0161tevilom neizsiljenih napak.<\/u> Rezultat v obeh nizih je bil temu razmerju primeren \u2013 19 : 25, 16 : 25 v korist \u0160tajerske-Pomurske regije.<\/span><\/p>\n<p><span style=\"font-size: medium;\">V tekmi za tretje mesto so Dolenjci prav zaradi izredno slabega sprejemanja za\u010detnih udarcev vrstikov iz Ljubljanske regije z okolico (Kamnik, Brezovica, ACH \u010crnu\u010de) dokaj gladko izgubili prvi niz z 20 : 25. <b>Nastop sprejemalca Toneta Travnika je ves \u010das prvega niza visel v zraku<\/b>, saj je Tone na ogrevanju dobil mo\u010dan udarec \u017eoge v nos tako, da je ve\u010dino prvega niza igral z vatama v nosu zaradi krvavitve. <b>Ve\u010djo razliko je prepre\u010dil kapetan Toma\u017e Rojc, ki je ob koncu s skok servisi nanizal \u0161tiri to\u010dke ter tako ostalim soigralcem dal signal za popoln napad v drugem nizu.<\/b> To se je tudi zgodilo. \u017de na za\u010detku drugega niza so ob <b>odli\u010dnih servisih Alja\u017ea Ogulina<\/b>, ki ga ni zmedel bole\u010d palec ob blokiranju nasprotnikovega napadalca \u017ee v prvi akciji, Dolenjci povedli za \u0161tiri to\u010dke ter v nadaljevanju <b>prednost obdr\u017eali na ra\u010dun odli\u010dne igre v obrambi, bloku (!!!) in napadih prek razigranega Uro\u0161a \u0160tefani\u010da iz vseh pozicij<\/b>. <b>Rezervni igralci Dolenjske so se prebudili in pri\u010deli bodriti prvo postavi<\/b>, kateri je prisko\u010dil na pomo\u010d, <b>sicer odli\u010dnemu liberu Timu Strajnarju\u0161e, drugi libero, Mohor Travnik<\/b>, <b>ki je bil zelo uspe\u0161en pri branjenju diagonalnih udarcev in predvsem sprejemanju skok servisov<\/b>. Rezultat bolj\u0161e igre je bilo izena\u010denje v nizih \u2013 25 : 19 za Dolenjsko.<\/span><\/p>\n<p><span style=\"font-size: medium;\">V odlo\u010dilnem nizu je Dolenjska <b>prav prek \u0160tefani\u010da povedla<\/b> na za\u010detku niza za dve to\u010dki in prednost <b>ob odli\u010dni obrambi in bolj\u0161em sprejemanju obdr\u017eala do menjave polj \u2013 8 : 6<\/b>.<\/span><\/p>\n<p><span style=\"font-size: medium;\">Na strani, kjer so Dolenjci prvi niz izgubili, niso bili na za\u010detku prav uspe\u0161ni \u2013 igralci Ljubljanske regije so po treh uspe\u0161no izvedenih akcijah servisa, bloka in napada uspeli izni\u010diti prednost Dolenjske na 11. to\u010dki, kar je <b>prisililo trenerja Andreja Prah, da zahteva prvi odmor<\/b>. <b>Po kratkih in jasnih navodilih so Dolenjci zaigrali zelo zbrano, uspe\u0161no sprejeli prvi servis ter takoj zaklju\u010dili prek \u0160tefani\u010da iz cone 2 \u2013 12 : 11.<\/b> Nato je po prvem zelo uspe\u0161no izvedenem servisu \u0160tefani\u010da Uro\u0161a <b>Dolenjska z enajstim direktnim ekipnim blokom blokerja Tima Legana povedla s 13 : 11. <\/b>Po menjavi igralca na strani Ljubljanske regije se <b>Uro\u0161 \u0160tefani\u010d prav ni\u010d ni zmedel &#8211; ponovno je serviral odli\u010dno ter tako posledi\u010dno omogo\u010dil Dolenjcem, da la\u017eje izvedejo kontranapad, ki ga je zaklju\u010dil prav on iz druge linije \u2013 14 : 11. Na povsem identi\u010dni na\u010din \u2013 dober servis, odli\u010dna postavitev obrambnih igralcev Dolenjske ter s tem lepo izveden kontra napad ponovno prek korektorja Uro\u0161a, je Uro\u0161 z mo\u010dnim napadom mimo dvojnega bloka nasprotnikov dosegel \u017ee svojo 17. to\u010dko na tekmi (57% napad !) in tako popeljal ekipo Dolenjske na oder za zmagovalce \u2013 3. mesto.<\/b><\/span><\/p>\n<p><span style=\"font-size: medium;\"><u>Prvo mesto na turnirju je pripadlo \u0160tajersko prekmurski regiji, ki je v finalu premagala Koro\u0161ko Celjsko regijo z 2 : 0.<\/u><\/span><\/p>\n<p>Ve\u010d o samem tekmovanju lahko najdete v <a href=\"http:\/\/www.odbojka.si\/novice\/5748\" target=\"_blank\">prispevku<\/a> na spletni strani odbojkarske zveze ter na spletni strani OK Triglav, kjer je poleg <a href=\"http:\/\/www.oktriglav.si\/turnir-regij-kranj-2016\/\" target=\"_blank\">prispevka <\/a>tudi <a href=\"http:\/\/www.oktriglav.si\/galerija\/regije-2016\" target=\"_blank\">foto galerija<\/a>.<\/p>\n","protected":false},"excerpt":{"rendered":"<p>Na tradicionalnem turnirju regij starej\u0161ih de\u010dkov in deklic se je \u0161est ekip de\u010dkov in prav toliko ekip deklic pomerilo v ponedeljek, 15. 2. 2016, in v torek, 16. 2. 2016,&hellip; <\/p>\n<p class=\"chuchadon-read-more\"><a href=\"https:\/\/krkavolley.si\/site\/2016\/02\/19\/aljaz-ogulin-zaigral-za-reprezentanco-dolenjske-in-z-njo-osvojil-3-mesto-na-turnirju-regij\/\" class=\"more-link\">Beri dalje&#8230;<\/a><\/p>\n","protected":false},"author":1,"featured_media":2668,"comment_status":"closed","ping_status":"closed","sticky":false,"template":"","format":"standard","meta":{"footnotes":""},"categories":[1],"tags":[52,89,7],"class_list":["post-3133","post","type-post","status-publish","format-standard","has-post-thumbnail","category-nekategorizirano","tag-regijska-reprezentanca","tag-reprezentanca-dolenjske","tag-starejsi-decki","entry"],"yoast_head":"<!-- This site is optimized with the Yoast SEO plugin v26.6 - https:\/\/yoast.com\/wordpress\/plugins\/seo\/ -->\n<title>Alja\u017e Ogulin zaigral za reprezentanco Dolenjske in z njo osvojil 3. mesto na turnirju regij - Mo\u0161ki odbojkarski klub Krka<\/title>\n<meta name=\"description\" content=\"Na tradicionalnem turnirju regij starej\u0161ih de\u010dkov in deklic se je \u0161est ekip de\u010dkov in prav toliko ekip deklic pomerilo v ponedeljek, 15. 2. 2016, in v torek, 16. 2. 2016, v \u0160portni dvorani Planina v Kranju.\" \/>\n<meta name=\"robots\" content=\"index, follow, max-snippet:-1, max-image-preview:large, max-video-preview:-1\" \/>\n<link rel=\"canonical\" href=\"https:\/\/krkavolley.si\/site\/2016\/02\/19\/aljaz-ogulin-zaigral-za-reprezentanco-dolenjske-in-z-njo-osvojil-3-mesto-na-turnirju-regij\/\" \/>\n<meta property=\"og:locale\" content=\"sl_SI\" \/>\n<meta property=\"og:type\" content=\"article\" \/>\n<meta property=\"og:title\" content=\"Alja\u017e Ogulin zaigral za reprezentanco Dolenjske in z njo osvojil 3. mesto na turnirju regij - Mo\u0161ki odbojkarski klub Krka\" \/>\n<meta property=\"og:description\" content=\"Na tradicionalnem turnirju regij starej\u0161ih de\u010dkov in deklic se je \u0161est ekip de\u010dkov in prav toliko ekip deklic pomerilo v ponedeljek, 15. 2. 2016, in v torek, 16. 2. 2016, v \u0160portni dvorani Planina v Kranju.\" \/>\n<meta property=\"og:url\" content=\"https:\/\/krkavolley.si\/site\/2016\/02\/19\/aljaz-ogulin-zaigral-za-reprezentanco-dolenjske-in-z-njo-osvojil-3-mesto-na-turnirju-regij\/\" \/>\n<meta property=\"og:site_name\" content=\"Mo\u0161ki odbojkarski klub Krka\" \/>\n<meta property=\"article:publisher\" content=\"https:\/\/www.facebook.com\/krkavolley\/\" \/>\n<meta property=\"article:published_time\" content=\"2016-02-19T06:36:16+00:00\" \/>\n<meta name=\"author\" content=\"mokkrka\" \/>\n<meta name=\"twitter:card\" content=\"summary_large_image\" \/>\n<meta name=\"twitter:label1\" content=\"Written by\" \/>\n\t<meta name=\"twitter:data1\" content=\"mokkrka\" \/>\n\t<meta name=\"twitter:label2\" content=\"Est. reading time\" \/>\n\t<meta name=\"twitter:data2\" content=\"5 minut\" \/>\n<script type=\"application\/ld+json\" class=\"yoast-schema-graph\">{\"@context\":\"https:\/\/schema.org\",\"@graph\":[{\"@type\":\"Article\",\"@id\":\"https:\/\/krkavolley.si\/site\/2016\/02\/19\/aljaz-ogulin-zaigral-za-reprezentanco-dolenjske-in-z-njo-osvojil-3-mesto-na-turnirju-regij\/#article\",\"isPartOf\":{\"@id\":\"https:\/\/krkavolley.si\/site\/2016\/02\/19\/aljaz-ogulin-zaigral-za-reprezentanco-dolenjske-in-z-njo-osvojil-3-mesto-na-turnirju-regij\/\"},\"author\":{\"name\":\"mokkrka\",\"@id\":\"https:\/\/krkavolley.si\/site\/#\/schema\/person\/534ee01c931f76708377719fa8dba01a\"},\"headline\":\"Alja\u017e Ogulin zaigral za reprezentanco Dolenjske in z njo osvojil 3. mesto na turnirju regij\",\"datePublished\":\"2016-02-19T06:36:16+00:00\",\"mainEntityOfPage\":{\"@id\":\"https:\/\/krkavolley.si\/site\/2016\/02\/19\/aljaz-ogulin-zaigral-za-reprezentanco-dolenjske-in-z-njo-osvojil-3-mesto-na-turnirju-regij\/\"},\"wordCount\":964,\"publisher\":{\"@id\":\"https:\/\/krkavolley.si\/site\/#organization\"},\"image\":{\"@id\":\"https:\/\/krkavolley.si\/site\/2016\/02\/19\/aljaz-ogulin-zaigral-za-reprezentanco-dolenjske-in-z-njo-osvojil-3-mesto-na-turnirju-regij\/#primaryimage\"},\"thumbnailUrl\":\"\",\"keywords\":[\"regijska reprezentanca\",\"reprezentanca dolenjske\",\"starej\u0161i de\u010dki\"],\"inLanguage\":\"sl-SI\"},{\"@type\":\"WebPage\",\"@id\":\"https:\/\/krkavolley.si\/site\/2016\/02\/19\/aljaz-ogulin-zaigral-za-reprezentanco-dolenjske-in-z-njo-osvojil-3-mesto-na-turnirju-regij\/\",\"url\":\"https:\/\/krkavolley.si\/site\/2016\/02\/19\/aljaz-ogulin-zaigral-za-reprezentanco-dolenjske-in-z-njo-osvojil-3-mesto-na-turnirju-regij\/\",\"name\":\"Alja\u017e Ogulin zaigral za reprezentanco Dolenjske in z njo osvojil 3. mesto na turnirju regij - Mo\u0161ki odbojkarski klub Krka\",\"isPartOf\":{\"@id\":\"https:\/\/krkavolley.si\/site\/#website\"},\"primaryImageOfPage\":{\"@id\":\"https:\/\/krkavolley.si\/site\/2016\/02\/19\/aljaz-ogulin-zaigral-za-reprezentanco-dolenjske-in-z-njo-osvojil-3-mesto-na-turnirju-regij\/#primaryimage\"},\"image\":{\"@id\":\"https:\/\/krkavolley.si\/site\/2016\/02\/19\/aljaz-ogulin-zaigral-za-reprezentanco-dolenjske-in-z-njo-osvojil-3-mesto-na-turnirju-regij\/#primaryimage\"},\"thumbnailUrl\":\"\",\"datePublished\":\"2016-02-19T06:36:16+00:00\",\"description\":\"Na tradicionalnem turnirju regij starej\u0161ih de\u010dkov in deklic se je \u0161est ekip de\u010dkov in prav toliko ekip deklic pomerilo v ponedeljek, 15. 2. 2016, in v torek, 16. 2. 2016, v \u0160portni dvorani Planina v Kranju.\",\"breadcrumb\":{\"@id\":\"https:\/\/krkavolley.si\/site\/2016\/02\/19\/aljaz-ogulin-zaigral-za-reprezentanco-dolenjske-in-z-njo-osvojil-3-mesto-na-turnirju-regij\/#breadcrumb\"},\"inLanguage\":\"sl-SI\",\"potentialAction\":[{\"@type\":\"ReadAction\",\"target\":[\"https:\/\/krkavolley.si\/site\/2016\/02\/19\/aljaz-ogulin-zaigral-za-reprezentanco-dolenjske-in-z-njo-osvojil-3-mesto-na-turnirju-regij\/\"]}]},{\"@type\":\"ImageObject\",\"inLanguage\":\"sl-SI\",\"@id\":\"https:\/\/krkavolley.si\/site\/2016\/02\/19\/aljaz-ogulin-zaigral-za-reprezentanco-dolenjske-in-z-njo-osvojil-3-mesto-na-turnirju-regij\/#primaryimage\",\"url\":\"\",\"contentUrl\":\"\"},{\"@type\":\"BreadcrumbList\",\"@id\":\"https:\/\/krkavolley.si\/site\/2016\/02\/19\/aljaz-ogulin-zaigral-za-reprezentanco-dolenjske-in-z-njo-osvojil-3-mesto-na-turnirju-regij\/#breadcrumb\",\"itemListElement\":[{\"@type\":\"ListItem\",\"position\":1,\"name\":\"Home\",\"item\":\"https:\/\/krkavolley.si\/site\/\"},{\"@type\":\"ListItem\",\"position\":2,\"name\":\"Alja\u017e Ogulin zaigral za reprezentanco Dolenjske in z njo osvojil 3. mesto na turnirju regij\"}]},{\"@type\":\"WebSite\",\"@id\":\"https:\/\/krkavolley.si\/site\/#website\",\"url\":\"https:\/\/krkavolley.si\/site\/\",\"name\":\"Mo\u0161ki odbojkarski klub Krka\",\"description\":\"Novo mesto\",\"publisher\":{\"@id\":\"https:\/\/krkavolley.si\/site\/#organization\"},\"potentialAction\":[{\"@type\":\"SearchAction\",\"target\":{\"@type\":\"EntryPoint\",\"urlTemplate\":\"https:\/\/krkavolley.si\/site\/?s={search_term_string}\"},\"query-input\":{\"@type\":\"PropertyValueSpecification\",\"valueRequired\":true,\"valueName\":\"search_term_string\"}}],\"inLanguage\":\"sl-SI\"},{\"@type\":\"Organization\",\"@id\":\"https:\/\/krkavolley.si\/site\/#organization\",\"name\":\"Mo\u0161ki odbojkarski klub Krka\",\"url\":\"https:\/\/krkavolley.si\/site\/\",\"logo\":{\"@type\":\"ImageObject\",\"inLanguage\":\"sl-SI\",\"@id\":\"https:\/\/krkavolley.si\/site\/#\/schema\/logo\/image\/\",\"url\":\"https:\/\/krkavolley.si\/site\/wp-content\/uploads\/2017\/03\/mok_krka_squared.jpg\",\"contentUrl\":\"https:\/\/krkavolley.si\/site\/wp-content\/uploads\/2017\/03\/mok_krka_squared.jpg\",\"width\":500,\"height\":500,\"caption\":\"Mo\u0161ki odbojkarski klub Krka\"},\"image\":{\"@id\":\"https:\/\/krkavolley.si\/site\/#\/schema\/logo\/image\/\"},\"sameAs\":[\"https:\/\/www.facebook.com\/krkavolley\/\",\"https:\/\/www.youtube.com\/channel\/UC-9mw6XzAdOheQVW-nJxBDg\"]},{\"@type\":\"Person\",\"@id\":\"https:\/\/krkavolley.si\/site\/#\/schema\/person\/534ee01c931f76708377719fa8dba01a\",\"name\":\"mokkrka\",\"image\":{\"@type\":\"ImageObject\",\"inLanguage\":\"sl-SI\",\"@id\":\"https:\/\/krkavolley.si\/site\/#\/schema\/person\/image\/\",\"url\":\"https:\/\/secure.gravatar.com\/avatar\/47a045e234f1661f7ec6f2ebf50b4de78c561f36cd8df312c2474dc659604592?s=96&d=mm&r=g\",\"contentUrl\":\"https:\/\/secure.gravatar.com\/avatar\/47a045e234f1661f7ec6f2ebf50b4de78c561f36cd8df312c2474dc659604592?s=96&d=mm&r=g\",\"caption\":\"mokkrka\"},\"url\":\"https:\/\/krkavolley.si\/site\/author\/mokkrka\/\"}]}<\/script>\n<!-- \/ Yoast SEO plugin. -->","yoast_head_json":{"title":"Alja\u017e Ogulin zaigral za reprezentanco Dolenjske in z njo osvojil 3. mesto na turnirju regij - Mo\u0161ki odbojkarski klub Krka","description":"Na tradicionalnem turnirju regij starej\u0161ih de\u010dkov in deklic se je \u0161est ekip de\u010dkov in prav toliko ekip deklic pomerilo v ponedeljek, 15. 2. 2016, in v torek, 16. 2. 2016, v \u0160portni dvorani Planina v Kranju.","robots":{"index":"index","follow":"follow","max-snippet":"max-snippet:-1","max-image-preview":"max-image-preview:large","max-video-preview":"max-video-preview:-1"},"canonical":"https:\/\/krkavolley.si\/site\/2016\/02\/19\/aljaz-ogulin-zaigral-za-reprezentanco-dolenjske-in-z-njo-osvojil-3-mesto-na-turnirju-regij\/","og_locale":"sl_SI","og_type":"article","og_title":"Alja\u017e Ogulin zaigral za reprezentanco Dolenjske in z njo osvojil 3. mesto na turnirju regij - Mo\u0161ki odbojkarski klub Krka","og_description":"Na tradicionalnem turnirju regij starej\u0161ih de\u010dkov in deklic se je \u0161est ekip de\u010dkov in prav toliko ekip deklic pomerilo v ponedeljek, 15. 2. 2016, in v torek, 16. 2. 2016, v \u0160portni dvorani Planina v Kranju.","og_url":"https:\/\/krkavolley.si\/site\/2016\/02\/19\/aljaz-ogulin-zaigral-za-reprezentanco-dolenjske-in-z-njo-osvojil-3-mesto-na-turnirju-regij\/","og_site_name":"Mo\u0161ki odbojkarski klub Krka","article_publisher":"https:\/\/www.facebook.com\/krkavolley\/","article_published_time":"2016-02-19T06:36:16+00:00","author":"mokkrka","twitter_card":"summary_large_image","twitter_misc":{"Written by":"mokkrka","Est. reading time":"5 minut"},"schema":{"@context":"https:\/\/schema.org","@graph":[{"@type":"Article","@id":"https:\/\/krkavolley.si\/site\/2016\/02\/19\/aljaz-ogulin-zaigral-za-reprezentanco-dolenjske-in-z-njo-osvojil-3-mesto-na-turnirju-regij\/#article","isPartOf":{"@id":"https:\/\/krkavolley.si\/site\/2016\/02\/19\/aljaz-ogulin-zaigral-za-reprezentanco-dolenjske-in-z-njo-osvojil-3-mesto-na-turnirju-regij\/"},"author":{"name":"mokkrka","@id":"https:\/\/krkavolley.si\/site\/#\/schema\/person\/534ee01c931f76708377719fa8dba01a"},"headline":"Alja\u017e Ogulin zaigral za reprezentanco Dolenjske in z njo osvojil 3. mesto na turnirju regij","datePublished":"2016-02-19T06:36:16+00:00","mainEntityOfPage":{"@id":"https:\/\/krkavolley.si\/site\/2016\/02\/19\/aljaz-ogulin-zaigral-za-reprezentanco-dolenjske-in-z-njo-osvojil-3-mesto-na-turnirju-regij\/"},"wordCount":964,"publisher":{"@id":"https:\/\/krkavolley.si\/site\/#organization"},"image":{"@id":"https:\/\/krkavolley.si\/site\/2016\/02\/19\/aljaz-ogulin-zaigral-za-reprezentanco-dolenjske-in-z-njo-osvojil-3-mesto-na-turnirju-regij\/#primaryimage"},"thumbnailUrl":"","keywords":["regijska reprezentanca","reprezentanca dolenjske","starej\u0161i de\u010dki"],"inLanguage":"sl-SI"},{"@type":"WebPage","@id":"https:\/\/krkavolley.si\/site\/2016\/02\/19\/aljaz-ogulin-zaigral-za-reprezentanco-dolenjske-in-z-njo-osvojil-3-mesto-na-turnirju-regij\/","url":"https:\/\/krkavolley.si\/site\/2016\/02\/19\/aljaz-ogulin-zaigral-za-reprezentanco-dolenjske-in-z-njo-osvojil-3-mesto-na-turnirju-regij\/","name":"Alja\u017e Ogulin zaigral za reprezentanco Dolenjske in z njo osvojil 3. mesto na turnirju regij - Mo\u0161ki odbojkarski klub Krka","isPartOf":{"@id":"https:\/\/krkavolley.si\/site\/#website"},"primaryImageOfPage":{"@id":"https:\/\/krkavolley.si\/site\/2016\/02\/19\/aljaz-ogulin-zaigral-za-reprezentanco-dolenjske-in-z-njo-osvojil-3-mesto-na-turnirju-regij\/#primaryimage"},"image":{"@id":"https:\/\/krkavolley.si\/site\/2016\/02\/19\/aljaz-ogulin-zaigral-za-reprezentanco-dolenjske-in-z-njo-osvojil-3-mesto-na-turnirju-regij\/#primaryimage"},"thumbnailUrl":"","datePublished":"2016-02-19T06:36:16+00:00","description":"Na tradicionalnem turnirju regij starej\u0161ih de\u010dkov in deklic se je \u0161est ekip de\u010dkov in prav toliko ekip deklic pomerilo v ponedeljek, 15. 2. 2016, in v torek, 16. 2. 2016, v \u0160portni dvorani Planina v Kranju.","breadcrumb":{"@id":"https:\/\/krkavolley.si\/site\/2016\/02\/19\/aljaz-ogulin-zaigral-za-reprezentanco-dolenjske-in-z-njo-osvojil-3-mesto-na-turnirju-regij\/#breadcrumb"},"inLanguage":"sl-SI","potentialAction":[{"@type":"ReadAction","target":["https:\/\/krkavolley.si\/site\/2016\/02\/19\/aljaz-ogulin-zaigral-za-reprezentanco-dolenjske-in-z-njo-osvojil-3-mesto-na-turnirju-regij\/"]}]},{"@type":"ImageObject","inLanguage":"sl-SI","@id":"https:\/\/krkavolley.si\/site\/2016\/02\/19\/aljaz-ogulin-zaigral-za-reprezentanco-dolenjske-in-z-njo-osvojil-3-mesto-na-turnirju-regij\/#primaryimage","url":"","contentUrl":""},{"@type":"BreadcrumbList","@id":"https:\/\/krkavolley.si\/site\/2016\/02\/19\/aljaz-ogulin-zaigral-za-reprezentanco-dolenjske-in-z-njo-osvojil-3-mesto-na-turnirju-regij\/#breadcrumb","itemListElement":[{"@type":"ListItem","position":1,"name":"Home","item":"https:\/\/krkavolley.si\/site\/"},{"@type":"ListItem","position":2,"name":"Alja\u017e Ogulin zaigral za reprezentanco Dolenjske in z njo osvojil 3. mesto na turnirju regij"}]},{"@type":"WebSite","@id":"https:\/\/krkavolley.si\/site\/#website","url":"https:\/\/krkavolley.si\/site\/","name":"Mo\u0161ki odbojkarski klub Krka","description":"Novo mesto","publisher":{"@id":"https:\/\/krkavolley.si\/site\/#organization"},"potentialAction":[{"@type":"SearchAction","target":{"@type":"EntryPoint","urlTemplate":"https:\/\/krkavolley.si\/site\/?s={search_term_string}"},"query-input":{"@type":"PropertyValueSpecification","valueRequired":true,"valueName":"search_term_string"}}],"inLanguage":"sl-SI"},{"@type":"Organization","@id":"https:\/\/krkavolley.si\/site\/#organization","name":"Mo\u0161ki odbojkarski klub Krka","url":"https:\/\/krkavolley.si\/site\/","logo":{"@type":"ImageObject","inLanguage":"sl-SI","@id":"https:\/\/krkavolley.si\/site\/#\/schema\/logo\/image\/","url":"https:\/\/krkavolley.si\/site\/wp-content\/uploads\/2017\/03\/mok_krka_squared.jpg","contentUrl":"https:\/\/krkavolley.si\/site\/wp-content\/uploads\/2017\/03\/mok_krka_squared.jpg","width":500,"height":500,"caption":"Mo\u0161ki odbojkarski klub Krka"},"image":{"@id":"https:\/\/krkavolley.si\/site\/#\/schema\/logo\/image\/"},"sameAs":["https:\/\/www.facebook.com\/krkavolley\/","https:\/\/www.youtube.com\/channel\/UC-9mw6XzAdOheQVW-nJxBDg"]},{"@type":"Person","@id":"https:\/\/krkavolley.si\/site\/#\/schema\/person\/534ee01c931f76708377719fa8dba01a","name":"mokkrka","image":{"@type":"ImageObject","inLanguage":"sl-SI","@id":"https:\/\/krkavolley.si\/site\/#\/schema\/person\/image\/","url":"https:\/\/secure.gravatar.com\/avatar\/47a045e234f1661f7ec6f2ebf50b4de78c561f36cd8df312c2474dc659604592?s=96&d=mm&r=g","contentUrl":"https:\/\/secure.gravatar.com\/avatar\/47a045e234f1661f7ec6f2ebf50b4de78c561f36cd8df312c2474dc659604592?s=96&d=mm&r=g","caption":"mokkrka"},"url":"https:\/\/krkavolley.si\/site\/author\/mokkrka\/"}]}},"_links":{"self":[{"href":"https:\/\/krkavolley.si\/site\/wp-json\/wp\/v2\/posts\/3133","targetHints":{"allow":["GET"]}}],"collection":[{"href":"https:\/\/krkavolley.si\/site\/wp-json\/wp\/v2\/posts"}],"about":[{"href":"https:\/\/krkavolley.si\/site\/wp-json\/wp\/v2\/types\/post"}],"author":[{"embeddable":true,"href":"https:\/\/krkavolley.si\/site\/wp-json\/wp\/v2\/users\/1"}],"replies":[{"embeddable":true,"href":"https:\/\/krkavolley.si\/site\/wp-json\/wp\/v2\/comments?post=3133"}],"version-history":[{"count":0,"href":"https:\/\/krkavolley.si\/site\/wp-json\/wp\/v2\/posts\/3133\/revisions"}],"wp:featuredmedia":[{"embeddable":true,"href":"https:\/\/krkavolley.si\/site\/wp-json\/"}],"wp:attachment":[{"href":"https:\/\/krkavolley.si\/site\/wp-json\/wp\/v2\/media?parent=3133"}],"wp:term":[{"taxonomy":"category","embeddable":true,"href":"https:\/\/krkavolley.si\/site\/wp-json\/wp\/v2\/categories?post=3133"},{"taxonomy":"post_tag","embeddable":true,"href":"https:\/\/krkavolley.si\/site\/wp-json\/wp\/v2\/tags?post=3133"}],"curies":[{"name":"wp","href":"https:\/\/api.w.org\/{rel}","templated":true}]}}