{"id":3229,"date":"2016-03-07T19:34:29","date_gmt":"2016-03-07T18:34:29","guid":{"rendered":"https:\/\/krkavolley.si\/?p=3229"},"modified":"2016-03-07T19:34:29","modified_gmt":"2016-03-07T18:34:29","slug":"mlajsi-clani-na-pragu-2-presenecenja-14-kroga-3-dol-zahod","status":"publish","type":"post","link":"https:\/\/krkavolley.si\/site\/2016\/03\/07\/mlajsi-clani-na-pragu-2-presenecenja-14-kroga-3-dol-zahod\/","title":{"rendered":"Mlaj\u0161i \u010dlani na pragu 2. presene\u010denja 14. kroga 3. DOL zahod"},"content":{"rendered":"<p>Mlaj\u0161i \u010dlani Krke so v soboto, 5. 3. 2016, v Kostanjevici tesno izgubili s prvouvr\u0161\u010deno Kostanjevico na Krki.<!--more--><\/p>\n<p>Tekmo so precej resneje, kot igralci Kostanjevice, ki so pred tekmo zasedali drugo mesto z eno to\u010dko zaostanka za Portoro\u017eem, resno vzeli njeni zvesti navija\u010di. Kakih dvajset najbolj vnetih navija\u010dev Kostanjevice je ob pozdravu obeh ekip pred za\u010detkom tekme z bu\u010dnim skandiranjem in udarjanjem na bobne bolj motiviralo goste iz Novega mesta, kot pa doma\u010de igralce. Gostje so, kljub nenapovedani odsotnosti naju\u010dinkovitej\u0161ega napadalca Tadeja Ogulina, dobro za\u010deli prvi niz. Vlogo sprejemalca je moral prevzeti An\u017ee Borin kljub dejstvu, da sta njega in oba nadarjena mlaj\u0161a \u00bbrezervista\u00ab Kafola in Gor\u0161eta, \u010dakali naslednje jutro dve te\u017eki tekmi v 3. krogu prve kadetske lige proti ACH Zmaj\u010dkom in vode\u010di \u017dirovnici ter lov za polfinalnim turnirjem dr\u017eavnega prvenstva.<\/p>\n<p>Najmo\u010dnej\u0161e oro\u017eje Krke je bila tudi tokrat fanati\u010dna obramba na \u010delu z liberom Bevcem, ki je nekoliko le\u017eerne gostitelje ve\u010dkrat prisilila v napake v napadu in za\u010detnih udarcih. Kljub temu, da je organizator igre Malen\u0161ek popolnoma zanemaril napad prek visokih Zorka in Dimi\u010da, ki sta celotno tekmo vztrajno skakala na \u00bbpenal\u00ab, in da je bil blok Krke dobesedno ni\u010den, so v kon\u010dnici niza z odli\u010dnimi servisi Borin, Kafol in Ban Virant omogo\u010dili Krki nekaj uspe\u0161no izvedenih kontranapadov prek Bana Viranta in Borina, ob tem pa so gostje naredili \u0161e dve grobi napaki v napadu po dolgih akcijah kot posledica odli\u010dnih obramb Krke. Krka je tako presenetljivo dobila uvodni niz s 26 : 24.<\/p>\n<p>V za\u010detku 2. niza so doma\u010di igralci resneje pristopili k tekmi ter \u017ee na za\u010detku z odli\u010dnimi servisi, najprej med Bevca in Bana Viranta, nato pa \u0161e z lobom preko Borina povsem ohladili Krko ter tako povedli z 8 : 3. Po tehni\u010dnem odmoru so Krka\u0161i ustavili nalet doma\u010dinov ter vzpostavili povsem enakovredno igro.Za popoln preobrat pa so \u0161e vedno manjkali napadi prek sredine in bloki!!! Nagrada Krki je bila le, da so se uspeli po vseh razpolo\u017eljivih \u0161estih menjavah in vseh odmorih pribli\u017eati na vsega 2 to\u010dki zaostanka &#8211; 19 : 21. Doma\u010di odbojkarji so v kon\u010dnici bolje unov\u010dili kontranapade kot Krka ter tako zaslu\u017eeno dobili 2. niz s 25 : 20.<\/p>\n<p>Tretji niz je povsem pripadel doma\u010dim, ki so Krki demonstrirali, kako je potrebno sprejemati, izvajati za\u010detne udarce, izkori\u0161\u010dati napad prek sredine (pipe in penal) ter blokirati. Krkini napadalci so bili v tem nizu zelo slabo u\u010dinkoviti, saj je napadalce pogosto zaustavil \u017ee dvojni blok in blokada v razmi\u0161ljanju o poizku\u0161anju po raznovrstnej\u0161em napadu in organiziranju napadov. \u0160e vedno pri Krki ni deloval blok. Posledica je bil zlahka dobljen niz za Kostanjevico s 25 : 15.<\/p>\n<figure id=\"attachment_3230\" aria-describedby=\"caption-attachment-3230\" style=\"width: 500px\" class=\"wp-caption aligncenter\"><img loading=\"lazy\" decoding=\"async\" class=\"size-full wp-image-3230\" src=\"https:\/\/krkavolley.si\/page\/wp-content\/uploads\/2016\/03\/ekipa02.jpg\" alt=\"Mlaj\u0161i \u010dlani so uprizorili lepo in borbeno predstavo ter bili na pragu presene\u010denja. (foto: arhiv)\" width=\"500\" height=\"281\" \/><figcaption id=\"caption-attachment-3230\" class=\"wp-caption-text\">Mlaj\u0161i \u010dlani so uprizorili lepo in borbeno predstavo ter bili na pragu presene\u010denja. (foto: arhiv)<\/figcaption><\/figure>\n<p>Kostanjevica je dobro igro prenesla v 4. niz ter povedla z 11 : 7. Nato pa, ko so \u017ee mislili, da mladi odbojkarji Krke nimajo ve\u010d volje in mo\u010di po preobratu, se je celotna ekipa prebudila. Ponovno je deloval sprejem, Zorko in Dimi\u010d sta naredila nekaj lepih blokov, \u00bbnadomestni\u00ab trener Prah pa je ponovno izkoristil udarnej\u0161o mo\u010d servisov rezervnih igralcev Gor\u0161eta in Kafola ter vseh \u0161est razpolo\u017eljivih menjav. Kostanjevi\u0161ki odbojkarji so naredili \u0161e nekaj napak v napadu in igralci so vstopili v kon\u010dnico niza pri vodstvu doma\u010dinov z 21 : 19. Ob nevarnih servisih, dobri postavitvi bloka in obrambnih igralcev, ob dveh napakah v napadu Kostanjevice ter prodornosti Bana Viranta je bila Krka pri izena\u010denju na 23. to\u010dki na pragu senzacije, da od\u0161\u010dipnejo Kostanjevici to\u010dko ter tako ob ugodnem razpletu omogo\u010dijo Portoro\u017eu (ter posledi\u010dno nekdanjemu igralcu dr\u017eavnih prvakov Krke v kategoriji starej\u0161ih de\u010dkov Manuelu Grunwaldu, ki letos zastopa vrste Portoro\u017ea), pove\u010danje prednosti na dve to\u010dki.<\/p>\n<p>Doma\u010di igralci so nato v dveh natan\u010dno izpeljanih akcijah na krilih doma\u010dih navija\u010dev le dokazali, zakaj so tako visoko na lestvici tretje lige in, da se letos ne bodo zlahka odrekli mo\u017enosti nastopanja v drugi dr\u017eavni ligi &#8211; 25 : 23 in 3 : 1 za Kostanjevico.<\/p>\n<p>Kljub nizki telovadnici je tekma trajala kar eno uro in 45 minut, prvi, drugi in \u010detrti niz pa so bili dolgi po 27 oziroma 28 minut kar pri\u010da o res izvrstni igri Krke v polju. Po to\u010dkah so bili bolj\u0161i doma\u010dini z 99 : 84. Krka je izkoristila 20 menjav in vseh 8 odmorov, Kostanjevica pa vsega tri menjave in \u00bble\u00ab 4 odmore.<\/p>\n<p>Po vseh odigranih sobotnih tekmah je ekipa Kostanjevice na Krki za dve to\u010dki prehitela doslej prvi Portoro\u017e, ki je nenadejano senzacionalno izgubil tekmo v gosteh z ekipo Ljubljana volleyem in to kar s 3 : 0.<\/p>\n<p>V ekipi Krke velja za pristop, prikazano borbenost, vztrajnost v igri ali pa za bodrenje soigralcev pohvaliti vse prisotne igralce: Marka Pe\u010dnika, Aljo\u0161o Kafola, Leona Gor\u0161eta, Jako Bevca, Sa\u0161o Gotenca, An\u017eeta Borina, An\u017eeta Murka, Roka Dimi\u010da, Tina Malen\u0161ka, Matica Zorka in An\u017eeta Bana Viranta.<\/p>\n<p>MOK<\/p>\n","protected":false},"excerpt":{"rendered":"<p>Mlaj\u0161i \u010dlani Krke so v soboto, 5. 3. 2016, v Kostanjevici tesno izgubili s prvouvr\u0161\u010deno Kostanjevico na Krki.<\/p>\n","protected":false},"author":1,"featured_media":3231,"comment_status":"closed","ping_status":"closed","sticky":false,"template":"","format":"standard","meta":{"footnotes":""},"categories":[79,80],"tags":[15],"class_list":["post-3229","post","type-post","status-publish","format-standard","has-post-thumbnail","category-20152016-3-dol","category-3-dol","tag-kostanjevica","entry"],"yoast_head":"<!-- This site is optimized with the Yoast SEO plugin v26.6 - https:\/\/yoast.com\/wordpress\/plugins\/seo\/ -->\n<title>Mlaj\u0161i \u010dlani na pragu 2. presene\u010denja 14. kroga 3. DOL zahod - Mo\u0161ki odbojkarski klub Krka<\/title>\n<meta name=\"description\" content=\"Mlaj\u0161i \u010dlani Krke so v soboto, 5. 3. 2016, v Kostanjevici tesno izgubili s prvouvr\u0161\u010deno Kostanjevico na Krki.\" \/>\n<meta name=\"robots\" content=\"index, follow, max-snippet:-1, max-image-preview:large, max-video-preview:-1\" \/>\n<link rel=\"canonical\" href=\"https:\/\/krkavolley.si\/site\/2016\/03\/07\/mlajsi-clani-na-pragu-2-presenecenja-14-kroga-3-dol-zahod\/\" \/>\n<meta property=\"og:locale\" content=\"sl_SI\" \/>\n<meta property=\"og:type\" content=\"article\" \/>\n<meta property=\"og:title\" content=\"Mlaj\u0161i \u010dlani na pragu 2. presene\u010denja 14. kroga 3. DOL zahod - Mo\u0161ki odbojkarski klub Krka\" \/>\n<meta property=\"og:description\" content=\"Mlaj\u0161i \u010dlani Krke so v soboto, 5. 3. 2016, v Kostanjevici tesno izgubili s prvouvr\u0161\u010deno Kostanjevico na Krki.\" \/>\n<meta property=\"og:url\" content=\"https:\/\/krkavolley.si\/site\/2016\/03\/07\/mlajsi-clani-na-pragu-2-presenecenja-14-kroga-3-dol-zahod\/\" \/>\n<meta property=\"og:site_name\" content=\"Mo\u0161ki odbojkarski klub Krka\" \/>\n<meta property=\"article:publisher\" content=\"https:\/\/www.facebook.com\/krkavolley\/\" \/>\n<meta property=\"article:published_time\" content=\"2016-03-07T18:34:29+00:00\" \/>\n<meta name=\"author\" content=\"mokkrka\" \/>\n<meta name=\"twitter:card\" content=\"summary_large_image\" \/>\n<meta name=\"twitter:label1\" content=\"Written by\" \/>\n\t<meta name=\"twitter:data1\" content=\"mokkrka\" \/>\n\t<meta name=\"twitter:label2\" content=\"Est. reading time\" \/>\n\t<meta name=\"twitter:data2\" content=\"4 minute\" \/>\n<script type=\"application\/ld+json\" class=\"yoast-schema-graph\">{\"@context\":\"https:\/\/schema.org\",\"@graph\":[{\"@type\":\"Article\",\"@id\":\"https:\/\/krkavolley.si\/site\/2016\/03\/07\/mlajsi-clani-na-pragu-2-presenecenja-14-kroga-3-dol-zahod\/#article\",\"isPartOf\":{\"@id\":\"https:\/\/krkavolley.si\/site\/2016\/03\/07\/mlajsi-clani-na-pragu-2-presenecenja-14-kroga-3-dol-zahod\/\"},\"author\":{\"name\":\"mokkrka\",\"@id\":\"https:\/\/krkavolley.si\/site\/#\/schema\/person\/534ee01c931f76708377719fa8dba01a\"},\"headline\":\"Mlaj\u0161i \u010dlani na pragu 2. presene\u010denja 14. kroga 3. DOL zahod\",\"datePublished\":\"2016-03-07T18:34:29+00:00\",\"mainEntityOfPage\":{\"@id\":\"https:\/\/krkavolley.si\/site\/2016\/03\/07\/mlajsi-clani-na-pragu-2-presenecenja-14-kroga-3-dol-zahod\/\"},\"wordCount\":861,\"publisher\":{\"@id\":\"https:\/\/krkavolley.si\/site\/#organization\"},\"image\":{\"@id\":\"https:\/\/krkavolley.si\/site\/2016\/03\/07\/mlajsi-clani-na-pragu-2-presenecenja-14-kroga-3-dol-zahod\/#primaryimage\"},\"thumbnailUrl\":\"\",\"keywords\":[\"kostanjevica\"],\"articleSection\":[\"2015\/2016\",\"3. DOL\"],\"inLanguage\":\"sl-SI\"},{\"@type\":\"WebPage\",\"@id\":\"https:\/\/krkavolley.si\/site\/2016\/03\/07\/mlajsi-clani-na-pragu-2-presenecenja-14-kroga-3-dol-zahod\/\",\"url\":\"https:\/\/krkavolley.si\/site\/2016\/03\/07\/mlajsi-clani-na-pragu-2-presenecenja-14-kroga-3-dol-zahod\/\",\"name\":\"Mlaj\u0161i \u010dlani na pragu 2. presene\u010denja 14. kroga 3. DOL zahod - Mo\u0161ki odbojkarski klub Krka\",\"isPartOf\":{\"@id\":\"https:\/\/krkavolley.si\/site\/#website\"},\"primaryImageOfPage\":{\"@id\":\"https:\/\/krkavolley.si\/site\/2016\/03\/07\/mlajsi-clani-na-pragu-2-presenecenja-14-kroga-3-dol-zahod\/#primaryimage\"},\"image\":{\"@id\":\"https:\/\/krkavolley.si\/site\/2016\/03\/07\/mlajsi-clani-na-pragu-2-presenecenja-14-kroga-3-dol-zahod\/#primaryimage\"},\"thumbnailUrl\":\"\",\"datePublished\":\"2016-03-07T18:34:29+00:00\",\"description\":\"Mlaj\u0161i \u010dlani Krke so v soboto, 5. 3. 2016, v Kostanjevici tesno izgubili s prvouvr\u0161\u010deno Kostanjevico na Krki.\",\"breadcrumb\":{\"@id\":\"https:\/\/krkavolley.si\/site\/2016\/03\/07\/mlajsi-clani-na-pragu-2-presenecenja-14-kroga-3-dol-zahod\/#breadcrumb\"},\"inLanguage\":\"sl-SI\",\"potentialAction\":[{\"@type\":\"ReadAction\",\"target\":[\"https:\/\/krkavolley.si\/site\/2016\/03\/07\/mlajsi-clani-na-pragu-2-presenecenja-14-kroga-3-dol-zahod\/\"]}]},{\"@type\":\"ImageObject\",\"inLanguage\":\"sl-SI\",\"@id\":\"https:\/\/krkavolley.si\/site\/2016\/03\/07\/mlajsi-clani-na-pragu-2-presenecenja-14-kroga-3-dol-zahod\/#primaryimage\",\"url\":\"\",\"contentUrl\":\"\"},{\"@type\":\"BreadcrumbList\",\"@id\":\"https:\/\/krkavolley.si\/site\/2016\/03\/07\/mlajsi-clani-na-pragu-2-presenecenja-14-kroga-3-dol-zahod\/#breadcrumb\",\"itemListElement\":[{\"@type\":\"ListItem\",\"position\":1,\"name\":\"Home\",\"item\":\"https:\/\/krkavolley.si\/site\/\"},{\"@type\":\"ListItem\",\"position\":2,\"name\":\"Mlaj\u0161i \u010dlani na pragu 2. presene\u010denja 14. kroga 3. DOL zahod\"}]},{\"@type\":\"WebSite\",\"@id\":\"https:\/\/krkavolley.si\/site\/#website\",\"url\":\"https:\/\/krkavolley.si\/site\/\",\"name\":\"Mo\u0161ki odbojkarski klub Krka\",\"description\":\"Novo mesto\",\"publisher\":{\"@id\":\"https:\/\/krkavolley.si\/site\/#organization\"},\"potentialAction\":[{\"@type\":\"SearchAction\",\"target\":{\"@type\":\"EntryPoint\",\"urlTemplate\":\"https:\/\/krkavolley.si\/site\/?s={search_term_string}\"},\"query-input\":{\"@type\":\"PropertyValueSpecification\",\"valueRequired\":true,\"valueName\":\"search_term_string\"}}],\"inLanguage\":\"sl-SI\"},{\"@type\":\"Organization\",\"@id\":\"https:\/\/krkavolley.si\/site\/#organization\",\"name\":\"Mo\u0161ki odbojkarski klub Krka\",\"url\":\"https:\/\/krkavolley.si\/site\/\",\"logo\":{\"@type\":\"ImageObject\",\"inLanguage\":\"sl-SI\",\"@id\":\"https:\/\/krkavolley.si\/site\/#\/schema\/logo\/image\/\",\"url\":\"https:\/\/krkavolley.si\/site\/wp-content\/uploads\/2017\/03\/mok_krka_squared.jpg\",\"contentUrl\":\"https:\/\/krkavolley.si\/site\/wp-content\/uploads\/2017\/03\/mok_krka_squared.jpg\",\"width\":500,\"height\":500,\"caption\":\"Mo\u0161ki odbojkarski klub Krka\"},\"image\":{\"@id\":\"https:\/\/krkavolley.si\/site\/#\/schema\/logo\/image\/\"},\"sameAs\":[\"https:\/\/www.facebook.com\/krkavolley\/\",\"https:\/\/www.youtube.com\/channel\/UC-9mw6XzAdOheQVW-nJxBDg\"]},{\"@type\":\"Person\",\"@id\":\"https:\/\/krkavolley.si\/site\/#\/schema\/person\/534ee01c931f76708377719fa8dba01a\",\"name\":\"mokkrka\",\"image\":{\"@type\":\"ImageObject\",\"inLanguage\":\"sl-SI\",\"@id\":\"https:\/\/krkavolley.si\/site\/#\/schema\/person\/image\/\",\"url\":\"https:\/\/secure.gravatar.com\/avatar\/47a045e234f1661f7ec6f2ebf50b4de78c561f36cd8df312c2474dc659604592?s=96&d=mm&r=g\",\"contentUrl\":\"https:\/\/secure.gravatar.com\/avatar\/47a045e234f1661f7ec6f2ebf50b4de78c561f36cd8df312c2474dc659604592?s=96&d=mm&r=g\",\"caption\":\"mokkrka\"},\"url\":\"https:\/\/krkavolley.si\/site\/author\/mokkrka\/\"}]}<\/script>\n<!-- \/ Yoast SEO plugin. -->","yoast_head_json":{"title":"Mlaj\u0161i \u010dlani na pragu 2. presene\u010denja 14. kroga 3. DOL zahod - Mo\u0161ki odbojkarski klub Krka","description":"Mlaj\u0161i \u010dlani Krke so v soboto, 5. 3. 2016, v Kostanjevici tesno izgubili s prvouvr\u0161\u010deno Kostanjevico na Krki.","robots":{"index":"index","follow":"follow","max-snippet":"max-snippet:-1","max-image-preview":"max-image-preview:large","max-video-preview":"max-video-preview:-1"},"canonical":"https:\/\/krkavolley.si\/site\/2016\/03\/07\/mlajsi-clani-na-pragu-2-presenecenja-14-kroga-3-dol-zahod\/","og_locale":"sl_SI","og_type":"article","og_title":"Mlaj\u0161i \u010dlani na pragu 2. presene\u010denja 14. kroga 3. DOL zahod - Mo\u0161ki odbojkarski klub Krka","og_description":"Mlaj\u0161i \u010dlani Krke so v soboto, 5. 3. 2016, v Kostanjevici tesno izgubili s prvouvr\u0161\u010deno Kostanjevico na Krki.","og_url":"https:\/\/krkavolley.si\/site\/2016\/03\/07\/mlajsi-clani-na-pragu-2-presenecenja-14-kroga-3-dol-zahod\/","og_site_name":"Mo\u0161ki odbojkarski klub Krka","article_publisher":"https:\/\/www.facebook.com\/krkavolley\/","article_published_time":"2016-03-07T18:34:29+00:00","author":"mokkrka","twitter_card":"summary_large_image","twitter_misc":{"Written by":"mokkrka","Est. reading time":"4 minute"},"schema":{"@context":"https:\/\/schema.org","@graph":[{"@type":"Article","@id":"https:\/\/krkavolley.si\/site\/2016\/03\/07\/mlajsi-clani-na-pragu-2-presenecenja-14-kroga-3-dol-zahod\/#article","isPartOf":{"@id":"https:\/\/krkavolley.si\/site\/2016\/03\/07\/mlajsi-clani-na-pragu-2-presenecenja-14-kroga-3-dol-zahod\/"},"author":{"name":"mokkrka","@id":"https:\/\/krkavolley.si\/site\/#\/schema\/person\/534ee01c931f76708377719fa8dba01a"},"headline":"Mlaj\u0161i \u010dlani na pragu 2. presene\u010denja 14. kroga 3. DOL zahod","datePublished":"2016-03-07T18:34:29+00:00","mainEntityOfPage":{"@id":"https:\/\/krkavolley.si\/site\/2016\/03\/07\/mlajsi-clani-na-pragu-2-presenecenja-14-kroga-3-dol-zahod\/"},"wordCount":861,"publisher":{"@id":"https:\/\/krkavolley.si\/site\/#organization"},"image":{"@id":"https:\/\/krkavolley.si\/site\/2016\/03\/07\/mlajsi-clani-na-pragu-2-presenecenja-14-kroga-3-dol-zahod\/#primaryimage"},"thumbnailUrl":"","keywords":["kostanjevica"],"articleSection":["2015\/2016","3. DOL"],"inLanguage":"sl-SI"},{"@type":"WebPage","@id":"https:\/\/krkavolley.si\/site\/2016\/03\/07\/mlajsi-clani-na-pragu-2-presenecenja-14-kroga-3-dol-zahod\/","url":"https:\/\/krkavolley.si\/site\/2016\/03\/07\/mlajsi-clani-na-pragu-2-presenecenja-14-kroga-3-dol-zahod\/","name":"Mlaj\u0161i \u010dlani na pragu 2. presene\u010denja 14. kroga 3. DOL zahod - Mo\u0161ki odbojkarski klub Krka","isPartOf":{"@id":"https:\/\/krkavolley.si\/site\/#website"},"primaryImageOfPage":{"@id":"https:\/\/krkavolley.si\/site\/2016\/03\/07\/mlajsi-clani-na-pragu-2-presenecenja-14-kroga-3-dol-zahod\/#primaryimage"},"image":{"@id":"https:\/\/krkavolley.si\/site\/2016\/03\/07\/mlajsi-clani-na-pragu-2-presenecenja-14-kroga-3-dol-zahod\/#primaryimage"},"thumbnailUrl":"","datePublished":"2016-03-07T18:34:29+00:00","description":"Mlaj\u0161i \u010dlani Krke so v soboto, 5. 3. 2016, v Kostanjevici tesno izgubili s prvouvr\u0161\u010deno Kostanjevico na Krki.","breadcrumb":{"@id":"https:\/\/krkavolley.si\/site\/2016\/03\/07\/mlajsi-clani-na-pragu-2-presenecenja-14-kroga-3-dol-zahod\/#breadcrumb"},"inLanguage":"sl-SI","potentialAction":[{"@type":"ReadAction","target":["https:\/\/krkavolley.si\/site\/2016\/03\/07\/mlajsi-clani-na-pragu-2-presenecenja-14-kroga-3-dol-zahod\/"]}]},{"@type":"ImageObject","inLanguage":"sl-SI","@id":"https:\/\/krkavolley.si\/site\/2016\/03\/07\/mlajsi-clani-na-pragu-2-presenecenja-14-kroga-3-dol-zahod\/#primaryimage","url":"","contentUrl":""},{"@type":"BreadcrumbList","@id":"https:\/\/krkavolley.si\/site\/2016\/03\/07\/mlajsi-clani-na-pragu-2-presenecenja-14-kroga-3-dol-zahod\/#breadcrumb","itemListElement":[{"@type":"ListItem","position":1,"name":"Home","item":"https:\/\/krkavolley.si\/site\/"},{"@type":"ListItem","position":2,"name":"Mlaj\u0161i \u010dlani na pragu 2. presene\u010denja 14. kroga 3. DOL zahod"}]},{"@type":"WebSite","@id":"https:\/\/krkavolley.si\/site\/#website","url":"https:\/\/krkavolley.si\/site\/","name":"Mo\u0161ki odbojkarski klub Krka","description":"Novo mesto","publisher":{"@id":"https:\/\/krkavolley.si\/site\/#organization"},"potentialAction":[{"@type":"SearchAction","target":{"@type":"EntryPoint","urlTemplate":"https:\/\/krkavolley.si\/site\/?s={search_term_string}"},"query-input":{"@type":"PropertyValueSpecification","valueRequired":true,"valueName":"search_term_string"}}],"inLanguage":"sl-SI"},{"@type":"Organization","@id":"https:\/\/krkavolley.si\/site\/#organization","name":"Mo\u0161ki odbojkarski klub Krka","url":"https:\/\/krkavolley.si\/site\/","logo":{"@type":"ImageObject","inLanguage":"sl-SI","@id":"https:\/\/krkavolley.si\/site\/#\/schema\/logo\/image\/","url":"https:\/\/krkavolley.si\/site\/wp-content\/uploads\/2017\/03\/mok_krka_squared.jpg","contentUrl":"https:\/\/krkavolley.si\/site\/wp-content\/uploads\/2017\/03\/mok_krka_squared.jpg","width":500,"height":500,"caption":"Mo\u0161ki odbojkarski klub Krka"},"image":{"@id":"https:\/\/krkavolley.si\/site\/#\/schema\/logo\/image\/"},"sameAs":["https:\/\/www.facebook.com\/krkavolley\/","https:\/\/www.youtube.com\/channel\/UC-9mw6XzAdOheQVW-nJxBDg"]},{"@type":"Person","@id":"https:\/\/krkavolley.si\/site\/#\/schema\/person\/534ee01c931f76708377719fa8dba01a","name":"mokkrka","image":{"@type":"ImageObject","inLanguage":"sl-SI","@id":"https:\/\/krkavolley.si\/site\/#\/schema\/person\/image\/","url":"https:\/\/secure.gravatar.com\/avatar\/47a045e234f1661f7ec6f2ebf50b4de78c561f36cd8df312c2474dc659604592?s=96&d=mm&r=g","contentUrl":"https:\/\/secure.gravatar.com\/avatar\/47a045e234f1661f7ec6f2ebf50b4de78c561f36cd8df312c2474dc659604592?s=96&d=mm&r=g","caption":"mokkrka"},"url":"https:\/\/krkavolley.si\/site\/author\/mokkrka\/"}]}},"_links":{"self":[{"href":"https:\/\/krkavolley.si\/site\/wp-json\/wp\/v2\/posts\/3229","targetHints":{"allow":["GET"]}}],"collection":[{"href":"https:\/\/krkavolley.si\/site\/wp-json\/wp\/v2\/posts"}],"about":[{"href":"https:\/\/krkavolley.si\/site\/wp-json\/wp\/v2\/types\/post"}],"author":[{"embeddable":true,"href":"https:\/\/krkavolley.si\/site\/wp-json\/wp\/v2\/users\/1"}],"replies":[{"embeddable":true,"href":"https:\/\/krkavolley.si\/site\/wp-json\/wp\/v2\/comments?post=3229"}],"version-history":[{"count":0,"href":"https:\/\/krkavolley.si\/site\/wp-json\/wp\/v2\/posts\/3229\/revisions"}],"wp:featuredmedia":[{"embeddable":true,"href":"https:\/\/krkavolley.si\/site\/wp-json\/"}],"wp:attachment":[{"href":"https:\/\/krkavolley.si\/site\/wp-json\/wp\/v2\/media?parent=3229"}],"wp:term":[{"taxonomy":"category","embeddable":true,"href":"https:\/\/krkavolley.si\/site\/wp-json\/wp\/v2\/categories?post=3229"},{"taxonomy":"post_tag","embeddable":true,"href":"https:\/\/krkavolley.si\/site\/wp-json\/wp\/v2\/tags?post=3229"}],"curies":[{"name":"wp","href":"https:\/\/api.w.org\/{rel}","templated":true}]}}