{"id":6629,"date":"2019-03-06T19:54:27","date_gmt":"2019-03-06T18:54:27","guid":{"rendered":"https:\/\/krkavolley.si\/site\/?p=6629"},"modified":"2019-03-06T19:57:05","modified_gmt":"2019-03-06T18:57:05","slug":"v-cetrtfinalu-s-salonitom","status":"publish","type":"post","link":"https:\/\/krkavolley.si\/site\/2019\/03\/06\/v-cetrtfinalu-s-salonitom\/","title":{"rendered":"V \u010detrtfinalu s Salonitom"},"content":{"rendered":"\n<p>Redni del prve dr\u017eavne odbojkarske lige je kon\u010dan. V elitni dru\u0161\u010dini desetih ekip je novome\u0161ka Krka po osemnajstih krogih zasedla odli\u010dno peto mesto. Po rednem delu je prvo mesto pri\u010dakovano pripadlo <strong>ACH Volleyu<\/strong>. Ljubljan\u010dani so bili \u0161e kako prepri\u010dljivi, saj so v 18. tekmah nanizali prav toliko zmag, oddali pa so vsega 6 nizov.<\/p>\n\n\n\n<figure class=\"wp-block-image\"><img loading=\"lazy\" decoding=\"async\" width=\"800\" height=\"533\" src=\"https:\/\/krkavolley.si\/site\/wp-content\/uploads\/2019\/03\/IMG_0090-1.jpg\" alt=\"\" class=\"wp-image-6630\" srcset=\"https:\/\/krkavolley.si\/site\/wp-content\/uploads\/2019\/03\/IMG_0090-1.jpg 800w, https:\/\/krkavolley.si\/site\/wp-content\/uploads\/2019\/03\/IMG_0090-1-300x200.jpg 300w, https:\/\/krkavolley.si\/site\/wp-content\/uploads\/2019\/03\/IMG_0090-1-768x512.jpg 768w\" sizes=\"auto, (max-width: 800px) 100vw, 800px\" \/><\/figure>\n\n\n\n<p>Na verjetno najbolj obiskani tekmi rednega dela so <strong>Maribor\u010dani <\/strong>v zadnjem krogu ugnali kamni\u0161ki <strong>Calcit Volley<\/strong>, s to zmago pa so si \u0160tajerci priigrali drugo mesto in s tem neposredno polfinalno vstopnico. Poraz v Mariboru je Kamni\u010dane stal polfinala, redni del so tako sklenili na tretjem mestu.   \u010cetrto mesto so si priigrali odbojkarji <strong>Salonita<\/strong>, sledita \u0161e <strong>Krka<\/strong> na petem in <strong>Hi\u0161a na kolesih<\/strong> na \u0161estem mestu.<\/p>\n\n\n\n<p style=\"text-align:left\"><strong>Sistem tekmovanja:<\/strong><br><em>&nbsp;&#8211; Prvo uvr\u0161\u010deni ekipi se neposredno uvrstita v polfinale<\/em><br><em>&nbsp;&#8211; Ekipe med tretjim in \u0161estim mestom se pomerijo v delnem \u010detrtfinalu<\/em><br><em>&nbsp;&#8211; Ekipe med sedmim in desetim mestom odigrajo ligo za obstanek<\/em><\/p>\n\n\n\n<p>Za Novome\u0161\u010dane je to prva uvrstitev v tako imenovano modro skupino oz. skupino za prvaka po sezoni <strong>2014-2015<\/strong>. Takrat je Krka\u0161em v \u010detrtfinalu pot prekri\u017eala <strong>Panvita Pomgrad<\/strong>, potnika v polfinale pa je dolo\u010dila \u0161ele dodatna, tretja tekma, ki so jo Prekmurci dobili v doma\u010di dvorani. Varovancem <strong>Tomislava Mi\u0161ina<\/strong> je tako letos uspela ena bolj\u0161ih sezon v zadnjih letih, a delo \u0161e ni kon\u010dano. Pred fanti je \u0161e vrhunec sezone. Za polfinalno vstopnico se bodo pomerili z ekipo Salonita.<\/p>\n\n\n\n<p><strong>MOK Krka v preteklih sezonah:<\/strong><br><em>2017-2018: Zelena skupina, obstanek v ligi po dodatnih kvalifikacijah<br>2016-2017: Zelena skupina, skupno 8. mesto<br>2015-2016: Zelena skupina, skupno 6. mesto<br>2014-2015: Modra skupina, skupno 5. mesto<\/em><\/p>\n\n\n\n<p>Na prvem leto\u0161njem medsebojnem sre\u010danju v Kanalu je zmaga prepri\u010dljivo ostala doma. Pred nekaj dnevi sta se ekipi ponovno sre\u010dali, tokrat pa je v \u0161portni dvorani Marof zmaga pripadla Krka\u0161em. Dolenjci so pokazali, da se s Salonitom da igrati, a v naslednjih nekaj tednih \u010daka tako igralce kot tudi trenerski \u0161tab \u0161e precej dela s pripravo na \u010detrtfinalni obra\u010dun. \u010casa za pripravo je dovolj. <strong>Prva tekma bo v nedeljo, 24. marca v \u0161portni dvorani Marof ob 19. uri<\/strong>, povratna pa v \u010detrtek, 28. marca ob 19. uri v \u0160D Kanal. Ekipa si \u0161e posebej v zaklju\u010dku sezone \u017eeli bu\u010dne podpore s tribun, zato vas \u017ee zdaj vljudno vabimo!<\/p>\n\n\n\n<figure class=\"wp-block-image\"><img loading=\"lazy\" decoding=\"async\" width=\"800\" height=\"533\" src=\"https:\/\/krkavolley.si\/site\/wp-content\/uploads\/2019\/03\/IMG_0078-1.jpg\" alt=\"\" class=\"wp-image-6631\" srcset=\"https:\/\/krkavolley.si\/site\/wp-content\/uploads\/2019\/03\/IMG_0078-1.jpg 800w, https:\/\/krkavolley.si\/site\/wp-content\/uploads\/2019\/03\/IMG_0078-1-300x200.jpg 300w, https:\/\/krkavolley.si\/site\/wp-content\/uploads\/2019\/03\/IMG_0078-1-768x512.jpg 768w\" sizes=\"auto, (max-width: 800px) 100vw, 800px\" \/><\/figure>\n\n\n\n<p>V drugem \u010detrtfinalnem obra\u010dunu se bosta pomerila <strong>Calcit Volley<\/strong> in <strong>Hi\u0161a na kolesih.<\/strong> Kamni\u010dani so v rednem delu gotovo ciljali vi\u0161je, a svoje so naredile po\u0161kodbe, na pot pa so se jim postavili \u0161e Maribor\u010dani, ki so v \u0161tajerski prestolnici poskrbeli za pravo odbojkarsko evforijo. \u0160esto in hkrati zadnje mesto, ki prina\u0161a boj za naslov prvaka, so ujeli odbojkarji Hi\u0161e na kolesih iz Kranja. \u010ceprav je \u0161e nekaj krogov pred koncem bolje kazalo \u0160o\u0161tanj\u010danom, pa so Kranj\u010dani redni del sklenili z dvema zaporednima zmagama, kar ob dveh porazih \u0160o\u0161tanj Topol\u0161ice zado\u0161\u010dalo za napredovanje.&nbsp; Calcit in Hi\u0161a na kolesih se bosta pomerila 23. in 27. marca, prva tekma pa bo v Kranju.<\/p>\n\n\n\n<p><strong>Lestvica po koncu rednega dela:<\/strong><\/p>\n\n\n\n<ol class=\"wp-block-list\"><li>ACH Volley Ljubljana 53 to\u010dk<\/li><li>Maribor 41<\/li><li>Calcit Volley 38<\/li><li>Salonit Anhovo 32<\/li><li><strong>Krka 24<\/strong><\/li><li>Hi\u0161a na      kolesih 23<\/li><li>\u0160o\u0161tanj Topol\u0161ica 20<\/li><li>Panvita Pomgrad 17<\/li><li>\u010crnu\u010de 11<\/li><li>Ho\u010de 11<\/li><\/ol>\n\n\n\n<p><strong>\u0160o\u0161tanj Topol\u0161ica, Panvita Pomgrad, \u010crnu\u010de in Ho\u010de<\/strong> so pristali v zeleni skupini, kjer se bodo pomerili za obstanek. \u010caka jih \u017ee znani dvokro\u017eni sistem, vsaka to\u010dka pa bo \u0161e toliko bolj pomembna. Zadnje uvr\u0161\u010deno ekipo namre\u010d \u010daka nazadovanje v drugo ligo, predzadnje uvr\u0161\u010dena ekipa pa se bo za mesto v 1. ligi pomerila z drugo uvr\u0161\u010deno ekipo iz druge lige. Drugoliga\u0161ke ekipe imajo pred seboj \u0161e \u0161est krogov, trenutno pa najbolje ka\u017ee ekipi <strong>GEN-I Volley<\/strong>.<\/p>\n\n\n\n<figure class=\"wp-block-image\"><img loading=\"lazy\" decoding=\"async\" width=\"800\" height=\"533\" src=\"https:\/\/krkavolley.si\/site\/wp-content\/uploads\/2019\/03\/IMG_0021-1.jpg\" alt=\"\" class=\"wp-image-6632\" srcset=\"https:\/\/krkavolley.si\/site\/wp-content\/uploads\/2019\/03\/IMG_0021-1.jpg 800w, https:\/\/krkavolley.si\/site\/wp-content\/uploads\/2019\/03\/IMG_0021-1-300x200.jpg 300w, https:\/\/krkavolley.si\/site\/wp-content\/uploads\/2019\/03\/IMG_0021-1-768x512.jpg 768w\" sizes=\"auto, (max-width: 800px) 100vw, 800px\" \/><\/figure>\n","protected":false},"excerpt":{"rendered":"<p>Redni del prve dr\u017eavne odbojkarske lige je kon\u010dan. V elitni dru\u0161\u010dini desetih ekip je novome\u0161ka Krka po osemnajstih krogih zasedla odli\u010dno peto mesto. Po rednem delu je prvo mesto pri\u010dakovano&hellip; <\/p>\n<p class=\"chuchadon-read-more\"><a href=\"https:\/\/krkavolley.si\/site\/2019\/03\/06\/v-cetrtfinalu-s-salonitom\/\" class=\"more-link\">Beri dalje&#8230;<\/a><\/p>\n","protected":false},"author":1,"featured_media":6633,"comment_status":"closed","ping_status":"closed","sticky":false,"template":"","format":"standard","meta":{"footnotes":""},"categories":[71,164],"tags":[91,194],"class_list":["post-6629","post","type-post","status-publish","format-standard","has-post-thumbnail","category-1-dol","category-2018-2019","tag-koncnica","tag-redni-del","entry"],"yoast_head":"<!-- This site is optimized with the Yoast SEO plugin v26.6 - https:\/\/yoast.com\/wordpress\/plugins\/seo\/ -->\n<title>Za polfinalno vstopnico proti Salonitu | Mo\u0161ki odbojkarski klub Krka<\/title>\n<meta name=\"description\" content=\"Odbojkarji Krke so redni del sezone sklenili na petem mestu. Po treh skromnej\u0161ih sezonah je to najbolj\u0161a po sezoni 2014-15. V \u010detrtfinalu jih \u010daka Salonit.\" \/>\n<meta name=\"robots\" content=\"index, follow, max-snippet:-1, max-image-preview:large, max-video-preview:-1\" \/>\n<link rel=\"canonical\" href=\"https:\/\/krkavolley.si\/site\/2019\/03\/06\/v-cetrtfinalu-s-salonitom\/\" \/>\n<meta property=\"og:locale\" content=\"sl_SI\" \/>\n<meta property=\"og:type\" content=\"article\" \/>\n<meta property=\"og:title\" content=\"Za polfinalno vstopnico proti Salonitu | Mo\u0161ki odbojkarski klub Krka\" \/>\n<meta property=\"og:description\" content=\"Odbojkarji Krke so redni del sezone sklenili na petem mestu. Po treh skromnej\u0161ih sezonah je to najbolj\u0161a po sezoni 2014-15. V \u010detrtfinalu jih \u010daka Salonit.\" \/>\n<meta property=\"og:url\" content=\"https:\/\/krkavolley.si\/site\/2019\/03\/06\/v-cetrtfinalu-s-salonitom\/\" \/>\n<meta property=\"og:site_name\" content=\"Mo\u0161ki odbojkarski klub Krka\" \/>\n<meta property=\"article:publisher\" content=\"https:\/\/www.facebook.com\/krkavolley\/\" \/>\n<meta property=\"article:published_time\" content=\"2019-03-06T18:54:27+00:00\" \/>\n<meta property=\"article:modified_time\" content=\"2019-03-06T18:57:05+00:00\" \/>\n<meta property=\"og:image\" content=\"https:\/\/krkavolley.si\/site\/wp-content\/uploads\/2019\/03\/prikazna.jpg\" \/>\n\t<meta property=\"og:image:width\" content=\"500\" \/>\n\t<meta property=\"og:image:height\" content=\"300\" \/>\n\t<meta property=\"og:image:type\" content=\"image\/jpeg\" \/>\n<meta name=\"author\" content=\"mokkrka\" \/>\n<meta name=\"twitter:card\" content=\"summary_large_image\" \/>\n<meta name=\"twitter:label1\" content=\"Written by\" \/>\n\t<meta name=\"twitter:data1\" content=\"mokkrka\" \/>\n\t<meta name=\"twitter:label2\" content=\"Est. reading time\" \/>\n\t<meta name=\"twitter:data2\" content=\"3 minute\" \/>\n<script type=\"application\/ld+json\" class=\"yoast-schema-graph\">{\"@context\":\"https:\/\/schema.org\",\"@graph\":[{\"@type\":\"Article\",\"@id\":\"https:\/\/krkavolley.si\/site\/2019\/03\/06\/v-cetrtfinalu-s-salonitom\/#article\",\"isPartOf\":{\"@id\":\"https:\/\/krkavolley.si\/site\/2019\/03\/06\/v-cetrtfinalu-s-salonitom\/\"},\"author\":{\"name\":\"mokkrka\",\"@id\":\"https:\/\/krkavolley.si\/site\/#\/schema\/person\/534ee01c931f76708377719fa8dba01a\"},\"headline\":\"V \u010detrtfinalu s Salonitom\",\"datePublished\":\"2019-03-06T18:54:27+00:00\",\"dateModified\":\"2019-03-06T18:57:05+00:00\",\"mainEntityOfPage\":{\"@id\":\"https:\/\/krkavolley.si\/site\/2019\/03\/06\/v-cetrtfinalu-s-salonitom\/\"},\"wordCount\":639,\"publisher\":{\"@id\":\"https:\/\/krkavolley.si\/site\/#organization\"},\"image\":{\"@id\":\"https:\/\/krkavolley.si\/site\/2019\/03\/06\/v-cetrtfinalu-s-salonitom\/#primaryimage\"},\"thumbnailUrl\":\"https:\/\/krkavolley.si\/site\/wp-content\/uploads\/2019\/03\/prikazna.jpg\",\"keywords\":[\"kon\u010dnica\",\"redni del\"],\"articleSection\":[\"1. DOL\",\"2018\/2019\"],\"inLanguage\":\"sl-SI\"},{\"@type\":\"WebPage\",\"@id\":\"https:\/\/krkavolley.si\/site\/2019\/03\/06\/v-cetrtfinalu-s-salonitom\/\",\"url\":\"https:\/\/krkavolley.si\/site\/2019\/03\/06\/v-cetrtfinalu-s-salonitom\/\",\"name\":\"Za polfinalno vstopnico proti Salonitu | Mo\u0161ki odbojkarski klub Krka\",\"isPartOf\":{\"@id\":\"https:\/\/krkavolley.si\/site\/#website\"},\"primaryImageOfPage\":{\"@id\":\"https:\/\/krkavolley.si\/site\/2019\/03\/06\/v-cetrtfinalu-s-salonitom\/#primaryimage\"},\"image\":{\"@id\":\"https:\/\/krkavolley.si\/site\/2019\/03\/06\/v-cetrtfinalu-s-salonitom\/#primaryimage\"},\"thumbnailUrl\":\"https:\/\/krkavolley.si\/site\/wp-content\/uploads\/2019\/03\/prikazna.jpg\",\"datePublished\":\"2019-03-06T18:54:27+00:00\",\"dateModified\":\"2019-03-06T18:57:05+00:00\",\"description\":\"Odbojkarji Krke so redni del sezone sklenili na petem mestu. Po treh skromnej\u0161ih sezonah je to najbolj\u0161a po sezoni 2014-15. V \u010detrtfinalu jih \u010daka Salonit.\",\"breadcrumb\":{\"@id\":\"https:\/\/krkavolley.si\/site\/2019\/03\/06\/v-cetrtfinalu-s-salonitom\/#breadcrumb\"},\"inLanguage\":\"sl-SI\",\"potentialAction\":[{\"@type\":\"ReadAction\",\"target\":[\"https:\/\/krkavolley.si\/site\/2019\/03\/06\/v-cetrtfinalu-s-salonitom\/\"]}]},{\"@type\":\"ImageObject\",\"inLanguage\":\"sl-SI\",\"@id\":\"https:\/\/krkavolley.si\/site\/2019\/03\/06\/v-cetrtfinalu-s-salonitom\/#primaryimage\",\"url\":\"https:\/\/krkavolley.si\/site\/wp-content\/uploads\/2019\/03\/prikazna.jpg\",\"contentUrl\":\"https:\/\/krkavolley.si\/site\/wp-content\/uploads\/2019\/03\/prikazna.jpg\",\"width\":500,\"height\":300},{\"@type\":\"BreadcrumbList\",\"@id\":\"https:\/\/krkavolley.si\/site\/2019\/03\/06\/v-cetrtfinalu-s-salonitom\/#breadcrumb\",\"itemListElement\":[{\"@type\":\"ListItem\",\"position\":1,\"name\":\"Home\",\"item\":\"https:\/\/krkavolley.si\/site\/\"},{\"@type\":\"ListItem\",\"position\":2,\"name\":\"V \u010detrtfinalu s Salonitom\"}]},{\"@type\":\"WebSite\",\"@id\":\"https:\/\/krkavolley.si\/site\/#website\",\"url\":\"https:\/\/krkavolley.si\/site\/\",\"name\":\"Mo\u0161ki odbojkarski klub Krka\",\"description\":\"Novo mesto\",\"publisher\":{\"@id\":\"https:\/\/krkavolley.si\/site\/#organization\"},\"potentialAction\":[{\"@type\":\"SearchAction\",\"target\":{\"@type\":\"EntryPoint\",\"urlTemplate\":\"https:\/\/krkavolley.si\/site\/?s={search_term_string}\"},\"query-input\":{\"@type\":\"PropertyValueSpecification\",\"valueRequired\":true,\"valueName\":\"search_term_string\"}}],\"inLanguage\":\"sl-SI\"},{\"@type\":\"Organization\",\"@id\":\"https:\/\/krkavolley.si\/site\/#organization\",\"name\":\"Mo\u0161ki odbojkarski klub Krka\",\"url\":\"https:\/\/krkavolley.si\/site\/\",\"logo\":{\"@type\":\"ImageObject\",\"inLanguage\":\"sl-SI\",\"@id\":\"https:\/\/krkavolley.si\/site\/#\/schema\/logo\/image\/\",\"url\":\"https:\/\/krkavolley.si\/site\/wp-content\/uploads\/2017\/03\/mok_krka_squared.jpg\",\"contentUrl\":\"https:\/\/krkavolley.si\/site\/wp-content\/uploads\/2017\/03\/mok_krka_squared.jpg\",\"width\":500,\"height\":500,\"caption\":\"Mo\u0161ki odbojkarski klub Krka\"},\"image\":{\"@id\":\"https:\/\/krkavolley.si\/site\/#\/schema\/logo\/image\/\"},\"sameAs\":[\"https:\/\/www.facebook.com\/krkavolley\/\",\"https:\/\/www.youtube.com\/channel\/UC-9mw6XzAdOheQVW-nJxBDg\"]},{\"@type\":\"Person\",\"@id\":\"https:\/\/krkavolley.si\/site\/#\/schema\/person\/534ee01c931f76708377719fa8dba01a\",\"name\":\"mokkrka\",\"image\":{\"@type\":\"ImageObject\",\"inLanguage\":\"sl-SI\",\"@id\":\"https:\/\/krkavolley.si\/site\/#\/schema\/person\/image\/\",\"url\":\"https:\/\/secure.gravatar.com\/avatar\/47a045e234f1661f7ec6f2ebf50b4de78c561f36cd8df312c2474dc659604592?s=96&d=mm&r=g\",\"contentUrl\":\"https:\/\/secure.gravatar.com\/avatar\/47a045e234f1661f7ec6f2ebf50b4de78c561f36cd8df312c2474dc659604592?s=96&d=mm&r=g\",\"caption\":\"mokkrka\"},\"url\":\"https:\/\/krkavolley.si\/site\/author\/mokkrka\/\"}]}<\/script>\n<!-- \/ Yoast SEO plugin. -->","yoast_head_json":{"title":"Za polfinalno vstopnico proti Salonitu | Mo\u0161ki odbojkarski klub Krka","description":"Odbojkarji Krke so redni del sezone sklenili na petem mestu. Po treh skromnej\u0161ih sezonah je to najbolj\u0161a po sezoni 2014-15. V \u010detrtfinalu jih \u010daka Salonit.","robots":{"index":"index","follow":"follow","max-snippet":"max-snippet:-1","max-image-preview":"max-image-preview:large","max-video-preview":"max-video-preview:-1"},"canonical":"https:\/\/krkavolley.si\/site\/2019\/03\/06\/v-cetrtfinalu-s-salonitom\/","og_locale":"sl_SI","og_type":"article","og_title":"Za polfinalno vstopnico proti Salonitu | Mo\u0161ki odbojkarski klub Krka","og_description":"Odbojkarji Krke so redni del sezone sklenili na petem mestu. Po treh skromnej\u0161ih sezonah je to najbolj\u0161a po sezoni 2014-15. V \u010detrtfinalu jih \u010daka Salonit.","og_url":"https:\/\/krkavolley.si\/site\/2019\/03\/06\/v-cetrtfinalu-s-salonitom\/","og_site_name":"Mo\u0161ki odbojkarski klub Krka","article_publisher":"https:\/\/www.facebook.com\/krkavolley\/","article_published_time":"2019-03-06T18:54:27+00:00","article_modified_time":"2019-03-06T18:57:05+00:00","og_image":[{"width":500,"height":300,"url":"https:\/\/krkavolley.si\/site\/wp-content\/uploads\/2019\/03\/prikazna.jpg","type":"image\/jpeg"}],"author":"mokkrka","twitter_card":"summary_large_image","twitter_misc":{"Written by":"mokkrka","Est. reading time":"3 minute"},"schema":{"@context":"https:\/\/schema.org","@graph":[{"@type":"Article","@id":"https:\/\/krkavolley.si\/site\/2019\/03\/06\/v-cetrtfinalu-s-salonitom\/#article","isPartOf":{"@id":"https:\/\/krkavolley.si\/site\/2019\/03\/06\/v-cetrtfinalu-s-salonitom\/"},"author":{"name":"mokkrka","@id":"https:\/\/krkavolley.si\/site\/#\/schema\/person\/534ee01c931f76708377719fa8dba01a"},"headline":"V \u010detrtfinalu s Salonitom","datePublished":"2019-03-06T18:54:27+00:00","dateModified":"2019-03-06T18:57:05+00:00","mainEntityOfPage":{"@id":"https:\/\/krkavolley.si\/site\/2019\/03\/06\/v-cetrtfinalu-s-salonitom\/"},"wordCount":639,"publisher":{"@id":"https:\/\/krkavolley.si\/site\/#organization"},"image":{"@id":"https:\/\/krkavolley.si\/site\/2019\/03\/06\/v-cetrtfinalu-s-salonitom\/#primaryimage"},"thumbnailUrl":"https:\/\/krkavolley.si\/site\/wp-content\/uploads\/2019\/03\/prikazna.jpg","keywords":["kon\u010dnica","redni del"],"articleSection":["1. DOL","2018\/2019"],"inLanguage":"sl-SI"},{"@type":"WebPage","@id":"https:\/\/krkavolley.si\/site\/2019\/03\/06\/v-cetrtfinalu-s-salonitom\/","url":"https:\/\/krkavolley.si\/site\/2019\/03\/06\/v-cetrtfinalu-s-salonitom\/","name":"Za polfinalno vstopnico proti Salonitu | Mo\u0161ki odbojkarski klub Krka","isPartOf":{"@id":"https:\/\/krkavolley.si\/site\/#website"},"primaryImageOfPage":{"@id":"https:\/\/krkavolley.si\/site\/2019\/03\/06\/v-cetrtfinalu-s-salonitom\/#primaryimage"},"image":{"@id":"https:\/\/krkavolley.si\/site\/2019\/03\/06\/v-cetrtfinalu-s-salonitom\/#primaryimage"},"thumbnailUrl":"https:\/\/krkavolley.si\/site\/wp-content\/uploads\/2019\/03\/prikazna.jpg","datePublished":"2019-03-06T18:54:27+00:00","dateModified":"2019-03-06T18:57:05+00:00","description":"Odbojkarji Krke so redni del sezone sklenili na petem mestu. Po treh skromnej\u0161ih sezonah je to najbolj\u0161a po sezoni 2014-15. V \u010detrtfinalu jih \u010daka Salonit.","breadcrumb":{"@id":"https:\/\/krkavolley.si\/site\/2019\/03\/06\/v-cetrtfinalu-s-salonitom\/#breadcrumb"},"inLanguage":"sl-SI","potentialAction":[{"@type":"ReadAction","target":["https:\/\/krkavolley.si\/site\/2019\/03\/06\/v-cetrtfinalu-s-salonitom\/"]}]},{"@type":"ImageObject","inLanguage":"sl-SI","@id":"https:\/\/krkavolley.si\/site\/2019\/03\/06\/v-cetrtfinalu-s-salonitom\/#primaryimage","url":"https:\/\/krkavolley.si\/site\/wp-content\/uploads\/2019\/03\/prikazna.jpg","contentUrl":"https:\/\/krkavolley.si\/site\/wp-content\/uploads\/2019\/03\/prikazna.jpg","width":500,"height":300},{"@type":"BreadcrumbList","@id":"https:\/\/krkavolley.si\/site\/2019\/03\/06\/v-cetrtfinalu-s-salonitom\/#breadcrumb","itemListElement":[{"@type":"ListItem","position":1,"name":"Home","item":"https:\/\/krkavolley.si\/site\/"},{"@type":"ListItem","position":2,"name":"V \u010detrtfinalu s Salonitom"}]},{"@type":"WebSite","@id":"https:\/\/krkavolley.si\/site\/#website","url":"https:\/\/krkavolley.si\/site\/","name":"Mo\u0161ki odbojkarski klub Krka","description":"Novo mesto","publisher":{"@id":"https:\/\/krkavolley.si\/site\/#organization"},"potentialAction":[{"@type":"SearchAction","target":{"@type":"EntryPoint","urlTemplate":"https:\/\/krkavolley.si\/site\/?s={search_term_string}"},"query-input":{"@type":"PropertyValueSpecification","valueRequired":true,"valueName":"search_term_string"}}],"inLanguage":"sl-SI"},{"@type":"Organization","@id":"https:\/\/krkavolley.si\/site\/#organization","name":"Mo\u0161ki odbojkarski klub Krka","url":"https:\/\/krkavolley.si\/site\/","logo":{"@type":"ImageObject","inLanguage":"sl-SI","@id":"https:\/\/krkavolley.si\/site\/#\/schema\/logo\/image\/","url":"https:\/\/krkavolley.si\/site\/wp-content\/uploads\/2017\/03\/mok_krka_squared.jpg","contentUrl":"https:\/\/krkavolley.si\/site\/wp-content\/uploads\/2017\/03\/mok_krka_squared.jpg","width":500,"height":500,"caption":"Mo\u0161ki odbojkarski klub Krka"},"image":{"@id":"https:\/\/krkavolley.si\/site\/#\/schema\/logo\/image\/"},"sameAs":["https:\/\/www.facebook.com\/krkavolley\/","https:\/\/www.youtube.com\/channel\/UC-9mw6XzAdOheQVW-nJxBDg"]},{"@type":"Person","@id":"https:\/\/krkavolley.si\/site\/#\/schema\/person\/534ee01c931f76708377719fa8dba01a","name":"mokkrka","image":{"@type":"ImageObject","inLanguage":"sl-SI","@id":"https:\/\/krkavolley.si\/site\/#\/schema\/person\/image\/","url":"https:\/\/secure.gravatar.com\/avatar\/47a045e234f1661f7ec6f2ebf50b4de78c561f36cd8df312c2474dc659604592?s=96&d=mm&r=g","contentUrl":"https:\/\/secure.gravatar.com\/avatar\/47a045e234f1661f7ec6f2ebf50b4de78c561f36cd8df312c2474dc659604592?s=96&d=mm&r=g","caption":"mokkrka"},"url":"https:\/\/krkavolley.si\/site\/author\/mokkrka\/"}]}},"_links":{"self":[{"href":"https:\/\/krkavolley.si\/site\/wp-json\/wp\/v2\/posts\/6629","targetHints":{"allow":["GET"]}}],"collection":[{"href":"https:\/\/krkavolley.si\/site\/wp-json\/wp\/v2\/posts"}],"about":[{"href":"https:\/\/krkavolley.si\/site\/wp-json\/wp\/v2\/types\/post"}],"author":[{"embeddable":true,"href":"https:\/\/krkavolley.si\/site\/wp-json\/wp\/v2\/users\/1"}],"replies":[{"embeddable":true,"href":"https:\/\/krkavolley.si\/site\/wp-json\/wp\/v2\/comments?post=6629"}],"version-history":[{"count":2,"href":"https:\/\/krkavolley.si\/site\/wp-json\/wp\/v2\/posts\/6629\/revisions"}],"predecessor-version":[{"id":6636,"href":"https:\/\/krkavolley.si\/site\/wp-json\/wp\/v2\/posts\/6629\/revisions\/6636"}],"wp:featuredmedia":[{"embeddable":true,"href":"https:\/\/krkavolley.si\/site\/wp-json\/wp\/v2\/media\/6633"}],"wp:attachment":[{"href":"https:\/\/krkavolley.si\/site\/wp-json\/wp\/v2\/media?parent=6629"}],"wp:term":[{"taxonomy":"category","embeddable":true,"href":"https:\/\/krkavolley.si\/site\/wp-json\/wp\/v2\/categories?post=6629"},{"taxonomy":"post_tag","embeddable":true,"href":"https:\/\/krkavolley.si\/site\/wp-json\/wp\/v2\/tags?post=6629"}],"curies":[{"name":"wp","href":"https:\/\/api.w.org\/{rel}","templated":true}]}}