{"id":6678,"date":"2019-03-28T15:57:48","date_gmt":"2019-03-28T14:57:48","guid":{"rendered":"https:\/\/krkavolley.si\/site\/?p=6678"},"modified":"2019-03-28T16:03:55","modified_gmt":"2019-03-28T15:03:55","slug":"v-krki-razglasili-mlade-talente-2018","status":"publish","type":"post","link":"https:\/\/krkavolley.si\/site\/2019\/03\/28\/v-krki-razglasili-mlade-talente-2018\/","title":{"rendered":"V Krki razglasili mlade talente 2018"},"content":{"rendered":"\n<p>V Krki so na 13. sre\u010danju s sponzoriranci trem izjemnim mladim posameznikom, uspe\u0161nim na \u0161portnem in kulturnem podro\u010dju, \u017ee tretji\u010d zapored podelili Krkino priznanje talent leta 2018. Dogodka se je udele\u017eilo <br> 200 predstavnikov klubov in dru\u0161tev, med njimi tudi 110\u00a0mladih \u0161portnikov, glasbenikov in drugih ustvarjalcev.<\/p>\n\n\n\n<p>Na sre\u010danju so v pogovoru z zanimivimi sogovorniki osvetlili uporabo digitalnih tehnologij, \u0161e posebej dru\u017ebenih omre\u017eij, in predstavili poklice, ki jih zahteva dana\u0161nja dru\u017eba hitrih sprememb. Posebno pozornost so namenili varnosti na spletu, predvsem pa prednostim in pastem dru\u017ebenih omre\u017eij, ki so del na\u0161ega vsakdanjika in za mlade uporabnike pogosto izziv.<\/p>\n\n\n\n<figure class=\"wp-block-image\"><img loading=\"lazy\" decoding=\"async\" width=\"800\" height=\"509\" src=\"https:\/\/krkavolley.si\/site\/wp-content\/uploads\/2019\/03\/sponzoriranci_13.jpg\" alt=\"\" class=\"wp-image-6680\" srcset=\"https:\/\/krkavolley.si\/site\/wp-content\/uploads\/2019\/03\/sponzoriranci_13.jpg 800w, https:\/\/krkavolley.si\/site\/wp-content\/uploads\/2019\/03\/sponzoriranci_13-300x191.jpg 300w, https:\/\/krkavolley.si\/site\/wp-content\/uploads\/2019\/03\/sponzoriranci_13-768x489.jpg 768w\" sizes=\"auto, (max-width: 800px) 100vw, 800px\" \/><\/figure>\n\n\n\n<p><strong>Med mladimi dolenjskimi \u0161portniki in umetniki letos prepoznali tri talente<\/strong><\/p>\n\n\n\n<p>Odlike, ki izjemno uspe\u0161ne posameznike in kolektive lo\u010dijo od drugih, so brez dvoma  njihova odlo\u010dnost, delavnost, vztrajnost in pogum, ki so obenem bistveni dejavniki za doseganje rezultatov.  Tako so v Krki predstavnike klubov in dru\u0161tev tudi letos pozvali, da v svojih sredinah poi\u0161\u010dejo mlade, uspe\u0161ne posameznike, stare do 18 let, ki se lahko pohvalijo s hvale vrednimi odlikami, ki so jih vodile do vrhunskih dose\u017ekov na \u0161portnem in glasbenem podro\u010dju. Med kriteriji so uspe\u0161nost na klubskih, dr\u017eavnih, evropskih in svetovnih tekmovanjih, pa tudi pozitivne vrednote in osebnostne poteze, spodbujanje k sodelovanju, po\u0161teni igri, zdravi tekmovalnosti, spo\u0161tovanju in strpnosti ter dejavno predstavljanje sponzorja.  <\/p>\n\n\n\n<p>Na osnovi razpisnih pogojev so v Krko prejeli 17 predlogov za talent leta 2018. Strokovna komisija je imela pri izboru treh najbolj\u0161ih te\u017eko delo.  Pri presoji predlaganih kandidatov ni upo\u0161tevala le vrhunskih dose\u017ekov na posameznem podro\u010dju \u2013 v \u0161portu ali kulturi \u2013 temve\u010d se je osredoto\u010dila na celostno osebnost. Pomemben kriterij je bil poleg dose\u017ekov tudi to, da je posameznik s svojo zavzetostjo in predanostjo svetel zgled sovrstnikom v \u0161oli in ob\u0161olskih dejavnostih ter na podro\u010dju dobrodelnosti. <\/p>\n\n\n\n<p>Letos so podelili tri najvi\u0161ja priznanja talent leta 2018 \u2013 dve na podro\u010dju \u0161porta in eno na podro\u010dju kulture.<\/p>\n\n\n\n<figure class=\"wp-block-image\"><img loading=\"lazy\" decoding=\"async\" width=\"800\" height=\"581\" src=\"https:\/\/krkavolley.si\/site\/wp-content\/uploads\/2019\/03\/sponzoriranci_5.jpg\" alt=\"\" class=\"wp-image-6682\" srcset=\"https:\/\/krkavolley.si\/site\/wp-content\/uploads\/2019\/03\/sponzoriranci_5.jpg 800w, https:\/\/krkavolley.si\/site\/wp-content\/uploads\/2019\/03\/sponzoriranci_5-300x218.jpg 300w, https:\/\/krkavolley.si\/site\/wp-content\/uploads\/2019\/03\/sponzoriranci_5-768x558.jpg 768w\" sizes=\"auto, (max-width: 800px) 100vw, 800px\" \/><\/figure>\n\n\n\n<h2 class=\"wp-block-heading\">Talenti leta 2018<\/h2>\n\n\n\n<p><strong>JAKA\nPAVLIN iz Mo\u0161kega odbojkarskega kluba Krka  <\/strong>\n<\/p>\n\n\n\n<p>Jaka je kot \u010dlan Mo\u0161kega odbojkarskega kluba Krka napredoval skozi vse mlaj\u0161e selekcije in se pribli\u017euje \u010dlanski ekipi, ki nastopa v prvi dr\u017eavni odbojkarski ligi. S svojim delom in talentom je pridobil status reprezentanta Slovenije v kadetskih vrstah in za njim je \u017ee nastop v 1. krogu kvalifikacij za Evropsko prvenstvo. Aprila ga \u010dakajo priprave v Mariboru, mednarodni pripravljalni turnir v Italiji in drugi kvalifikacijski turnir za kadetsko Evropsko prvenstvo v Romuniji. Jaka je izjemno samoiniciativen tudi na podro\u010djih, ki so povezana z organizacijo tekem in turnirjev, zato je nepogre\u0161ljiv \u010dlan kluba na igri\u0161\u010du in ob njem. Uspe\u0161no je opravil tudi izpit za odbojkarskega sodnika in kot linijski sodnik \u017ee sodi na tekmah 1. dr\u017eavne \u010dlanske odbojkarske lige.<\/p>\n\n\n\n<figure class=\"wp-block-image\"><img loading=\"lazy\" decoding=\"async\" width=\"800\" height=\"535\" src=\"https:\/\/krkavolley.si\/site\/wp-content\/uploads\/2019\/03\/sponzoriranci_54.jpg\" alt=\"\" class=\"wp-image-6683\" srcset=\"https:\/\/krkavolley.si\/site\/wp-content\/uploads\/2019\/03\/sponzoriranci_54.jpg 800w, https:\/\/krkavolley.si\/site\/wp-content\/uploads\/2019\/03\/sponzoriranci_54-300x201.jpg 300w, https:\/\/krkavolley.si\/site\/wp-content\/uploads\/2019\/03\/sponzoriranci_54-768x514.jpg 768w\" sizes=\"auto, (max-width: 800px) 100vw, 800px\" \/><\/figure>\n\n\n\n<p><strong>JERNEJ SLAK iz Glasbene \u0161ole Marjana Kozine Novo mesto <\/strong> <\/p>\n\n\n\n<p>Jernej\nje u\u010denec 7. razreda roga v Glasbeni \u0161oli Marjana Kozine Novo\nmesto. Svojo orkestralno pot je za\u010del v mladinskem pihalnem\norkestru, v katerem je \u0161e vedno aktiven \u010dlan, pred dobrim letom pa\nje za\u010del igrati v novome\u0161kem simfoni\u010dnem orkestru. Vrsto let\nsodeluje tudi pri orffovi komorni skupini in mladinskem pevskem\nzboru, kjer s svojo hudomu\u0161no naravo ustvarja razli\u010dne vloge v\npredstavah za novome\u0161ke \u0161olske in pred\u0161olske otroke. Tudi letos bo\nnosilec ene od glavnih pevskih vlog v predstavi Mary Poppins. Jernej\ns svojim instrumentom nastopa na \u0161tevilnih dogodkih in koncertih v\nnovome\u0161ki glasbeni \u0161oli in zunaj nje, kot nadarjen glasbenik pa se\nredno udele\u017euje tekmovanj hornistov in solfeggia. Njegovo zbirko\npriznanj tako krasi kar 8 nagrad iz mednarodnega tekmovanja Laureat\nin absolutna prva nagrada. Pri ustvarjanju ga vseskozi spremljajo\ndobra volja, otro\u0161ka rado\u017eivost ter pripravljenost za predano delo,\nkar se ka\u017ee v njegovih dose\u017ekih. \n<\/p>\n\n\n\n<p><strong>MATEV\u017d\n\u0160U\u0160TAR\u0160I\u010c iz Atletskega kluba Krka  <\/strong>\n<\/p>\n\n\n\n<p>Matev\u017e je v minulem letu nastopil na Evropskem prvenstvu v atletiki za mlaj\u0161e mladince v teku na 200 m, kjer se je uvrstil v polfinale in skupno zasedel 21. mesto. \u017de v letu 2017 pa je bil uspe\u0161en tudi na Olimpijskem festivalu mladih, kjer se je v teku na 100 m uvrstil v polfinale in zasedel skupno 16. mesto. Je uspe\u0161en dijak Srednje elektro \u0161olo Novo mesto in \u0161olo redno zastopa tako na posami\u010dnih kot ekipnih atletskih tekmovanjih \u2013 tudi s pomo\u010djo njegove zmage na 100 m so vnovi\u010d osvojili naslov dr\u017eavnih prvakov. Matev\u017e je izjemno pozitivna oseba, ima spo\u0161tljiv odnos do trenerjev, sotekmovalcev in vseh, ki mu pomagajo na njegovi \u0161portni poti. Njegov dolgoro\u010dni cilj je doseganje vrhunskih rezultatov v atletiki z nastopi na najve\u010djih svetovnih tekmovanjih, v letu 2019 pa si je zastavil cilj, da se uvrsti na Evropsko atletsko prvenstvo starej\u0161ih mladincev in mladink v teku na 100 oziroma 200 metrov.<\/p>\n\n\n\n<figure class=\"wp-block-image\"><img loading=\"lazy\" decoding=\"async\" width=\"800\" height=\"415\" src=\"https:\/\/krkavolley.si\/site\/wp-content\/uploads\/2019\/03\/sponzoriranci_3-1.jpg\" alt=\"\" class=\"wp-image-6686\" srcset=\"https:\/\/krkavolley.si\/site\/wp-content\/uploads\/2019\/03\/sponzoriranci_3-1.jpg 800w, https:\/\/krkavolley.si\/site\/wp-content\/uploads\/2019\/03\/sponzoriranci_3-1-300x156.jpg 300w, https:\/\/krkavolley.si\/site\/wp-content\/uploads\/2019\/03\/sponzoriranci_3-1-768x398.jpg 768w\" sizes=\"auto, (max-width: 800px) 100vw, 800px\" \/><\/figure>\n\n\n\n<p style=\"text-align:center\">Video prispevek televizije Va\u0161 Kanal si lahko ogledate na <a href=\"http:\/\/www.vaskanal.com\/novice\/novice\/30247-talenti-leta-so-trije.html?fbclid=IwAR2Yybndy-zEuDl4o_ZmNf1j596c5nzFkN9ZgZ5cmKhdi7wCCzTt4oc5iCI\" target=\"_blank\" rel=\"noreferrer noopener\" aria-label=\"povezavi (opens in a new tab)\">povezavi<\/a>.<\/p>\n\n\n\n<p><strong>Delo z mladimi je klju\u010d za razvoj dru\u017ebe<\/strong><\/p>\n\n\n\n<p>V\nKrki spodbujajo razvoj \u0161tevilnih dejavnosti. \u0160e zlasti pa podpirajo\nklube in dru\u0161tva, ki mladim omogo\u010dajo vklju\u010devanje bodisi v\nrekreativni ali tekmovalni \u0161port bodisi v \n<\/p>\n\n\n\n<p>kulturnoumetni\u0161ke\nin druge dejavnosti. V skrbi za zdravo dru\u017ebo ter lep\u0161i in\nkakovostnej\u0161i jutri je namre\u010d pomembno zagotoviti, da se bodo\ndejavnosti, ki so eden od poglavitnih stebrov vsake dru\u017ebe,\nohranjale tudi v prihodnje. \n<\/p>\n\n\n\n<p>Ni\nnaklju\u010dje, da v Krki podpirajo predvsem tiste klube in ustanove, ki\nmlade spodbujajo k zdravemu \u017eivljenjskemu slogu, telesnemu in\nosebnemu razvoju, timskemu duhu in prijateljstvu, vztrajnosti in tudi\nzdravi zmagovalni miselnosti. Le tako lahko v okolju skupaj krepijo\nvrednote, kot so partnerstvo in zaupanje ter kreativnost in\nu\u010dinkovitost, ki so klju\u010d do napredka vsake dru\u017ebe. \n<\/p>\n\n\n\n<p>V Krki poudarjajo, da so mlade generacije tiste, ki bodo s svojim znanjem, nadarjenostjo, trdim delom in vztrajnostjo ter s pomo\u010djo star\u0161ev in mentorjev iskale odgovore na vpra\u0161anja sodobnega \u010dasa in pomembno prispevale k razvoju dru\u017ebe. Prav zato bodo tudi v prihodnje podpirali projekte, klube in dru\u0161tva, ki v ospredje postavljajo delo z mladimi.  <\/p>\n\n\n\n<figure class=\"wp-block-image\"><img loading=\"lazy\" decoding=\"async\" width=\"800\" height=\"521\" src=\"https:\/\/krkavolley.si\/site\/wp-content\/uploads\/2019\/03\/sponzoriranci_tribuna.jpg\" alt=\"\" class=\"wp-image-6685\" srcset=\"https:\/\/krkavolley.si\/site\/wp-content\/uploads\/2019\/03\/sponzoriranci_tribuna.jpg 800w, https:\/\/krkavolley.si\/site\/wp-content\/uploads\/2019\/03\/sponzoriranci_tribuna-300x195.jpg 300w, https:\/\/krkavolley.si\/site\/wp-content\/uploads\/2019\/03\/sponzoriranci_tribuna-768x500.jpg 768w\" sizes=\"auto, (max-width: 800px) 100vw, 800px\" \/><\/figure>\n","protected":false},"excerpt":{"rendered":"<p>V Krki so na 13. sre\u010danju s sponzoriranci trem izjemnim mladim posameznikom, uspe\u0161nim na \u0161portnem in kulturnem podro\u010dju, \u017ee tretji\u010d zapored podelili Krkino priznanje talent leta 2018. Dogodka se je&hellip; <\/p>\n<p class=\"chuchadon-read-more\"><a href=\"https:\/\/krkavolley.si\/site\/2019\/03\/28\/v-krki-razglasili-mlade-talente-2018\/\" class=\"more-link\">Beri dalje&#8230;<\/a><\/p>\n","protected":false},"author":1,"featured_media":6679,"comment_status":"closed","ping_status":"closed","sticky":false,"template":"","format":"standard","meta":{"footnotes":""},"categories":[157],"tags":[],"class_list":["post-6678","post","type-post","status-publish","format-standard","has-post-thumbnail","category-drugo","entry"],"yoast_head":"<!-- This site is optimized with the Yoast SEO plugin v26.6 - https:\/\/yoast.com\/wordpress\/plugins\/seo\/ -->\n<title>V Krki razglasili mlade talente 2018 | Mo\u0161ki odbojkarski klub Krka<\/title>\n<meta name=\"description\" content=\"V Krki so na 13. sre\u010danju s sponzoriranci razglasili mlade talente leta 2018, nagrade pa se je razveselil tudi na\u0161 odbojkar Jaka Pavlin!\" \/>\n<meta name=\"robots\" content=\"index, follow, max-snippet:-1, max-image-preview:large, max-video-preview:-1\" \/>\n<link rel=\"canonical\" href=\"https:\/\/krkavolley.si\/site\/2019\/03\/28\/v-krki-razglasili-mlade-talente-2018\/\" \/>\n<meta property=\"og:locale\" content=\"sl_SI\" \/>\n<meta property=\"og:type\" content=\"article\" \/>\n<meta property=\"og:title\" content=\"V Krki razglasili mlade talente 2018 | Mo\u0161ki odbojkarski klub Krka\" \/>\n<meta property=\"og:description\" content=\"V Krki so na 13. sre\u010danju s sponzoriranci razglasili mlade talente leta 2018, nagrade pa se je razveselil tudi na\u0161 odbojkar Jaka Pavlin!\" \/>\n<meta property=\"og:url\" content=\"https:\/\/krkavolley.si\/site\/2019\/03\/28\/v-krki-razglasili-mlade-talente-2018\/\" \/>\n<meta property=\"og:site_name\" content=\"Mo\u0161ki odbojkarski klub Krka\" \/>\n<meta property=\"article:publisher\" content=\"https:\/\/www.facebook.com\/krkavolley\/\" \/>\n<meta property=\"article:published_time\" content=\"2019-03-28T14:57:48+00:00\" \/>\n<meta property=\"article:modified_time\" content=\"2019-03-28T15:03:55+00:00\" \/>\n<meta property=\"og:image\" content=\"https:\/\/krkavolley.si\/site\/wp-content\/uploads\/2019\/03\/sponzoriranci_prikazna.jpg\" \/>\n\t<meta property=\"og:image:width\" content=\"500\" \/>\n\t<meta property=\"og:image:height\" content=\"300\" \/>\n\t<meta property=\"og:image:type\" content=\"image\/jpeg\" \/>\n<meta name=\"author\" content=\"mokkrka\" \/>\n<meta name=\"twitter:card\" content=\"summary_large_image\" \/>\n<meta name=\"twitter:label1\" content=\"Written by\" \/>\n\t<meta name=\"twitter:data1\" content=\"mokkrka\" \/>\n\t<meta name=\"twitter:label2\" content=\"Est. reading time\" \/>\n\t<meta name=\"twitter:data2\" content=\"5 minut\" \/>\n<script type=\"application\/ld+json\" class=\"yoast-schema-graph\">{\"@context\":\"https:\/\/schema.org\",\"@graph\":[{\"@type\":\"Article\",\"@id\":\"https:\/\/krkavolley.si\/site\/2019\/03\/28\/v-krki-razglasili-mlade-talente-2018\/#article\",\"isPartOf\":{\"@id\":\"https:\/\/krkavolley.si\/site\/2019\/03\/28\/v-krki-razglasili-mlade-talente-2018\/\"},\"author\":{\"name\":\"mokkrka\",\"@id\":\"https:\/\/krkavolley.si\/site\/#\/schema\/person\/534ee01c931f76708377719fa8dba01a\"},\"headline\":\"V Krki razglasili mlade talente 2018\",\"datePublished\":\"2019-03-28T14:57:48+00:00\",\"dateModified\":\"2019-03-28T15:03:55+00:00\",\"mainEntityOfPage\":{\"@id\":\"https:\/\/krkavolley.si\/site\/2019\/03\/28\/v-krki-razglasili-mlade-talente-2018\/\"},\"wordCount\":1004,\"publisher\":{\"@id\":\"https:\/\/krkavolley.si\/site\/#organization\"},\"image\":{\"@id\":\"https:\/\/krkavolley.si\/site\/2019\/03\/28\/v-krki-razglasili-mlade-talente-2018\/#primaryimage\"},\"thumbnailUrl\":\"https:\/\/krkavolley.si\/site\/wp-content\/uploads\/2019\/03\/sponzoriranci_prikazna.jpg\",\"articleSection\":[\"drugo\"],\"inLanguage\":\"sl-SI\"},{\"@type\":\"WebPage\",\"@id\":\"https:\/\/krkavolley.si\/site\/2019\/03\/28\/v-krki-razglasili-mlade-talente-2018\/\",\"url\":\"https:\/\/krkavolley.si\/site\/2019\/03\/28\/v-krki-razglasili-mlade-talente-2018\/\",\"name\":\"V Krki razglasili mlade talente 2018 | Mo\u0161ki odbojkarski klub Krka\",\"isPartOf\":{\"@id\":\"https:\/\/krkavolley.si\/site\/#website\"},\"primaryImageOfPage\":{\"@id\":\"https:\/\/krkavolley.si\/site\/2019\/03\/28\/v-krki-razglasili-mlade-talente-2018\/#primaryimage\"},\"image\":{\"@id\":\"https:\/\/krkavolley.si\/site\/2019\/03\/28\/v-krki-razglasili-mlade-talente-2018\/#primaryimage\"},\"thumbnailUrl\":\"https:\/\/krkavolley.si\/site\/wp-content\/uploads\/2019\/03\/sponzoriranci_prikazna.jpg\",\"datePublished\":\"2019-03-28T14:57:48+00:00\",\"dateModified\":\"2019-03-28T15:03:55+00:00\",\"description\":\"V Krki so na 13. sre\u010danju s sponzoriranci razglasili mlade talente leta 2018, nagrade pa se je razveselil tudi na\u0161 odbojkar Jaka Pavlin!\",\"breadcrumb\":{\"@id\":\"https:\/\/krkavolley.si\/site\/2019\/03\/28\/v-krki-razglasili-mlade-talente-2018\/#breadcrumb\"},\"inLanguage\":\"sl-SI\",\"potentialAction\":[{\"@type\":\"ReadAction\",\"target\":[\"https:\/\/krkavolley.si\/site\/2019\/03\/28\/v-krki-razglasili-mlade-talente-2018\/\"]}]},{\"@type\":\"ImageObject\",\"inLanguage\":\"sl-SI\",\"@id\":\"https:\/\/krkavolley.si\/site\/2019\/03\/28\/v-krki-razglasili-mlade-talente-2018\/#primaryimage\",\"url\":\"https:\/\/krkavolley.si\/site\/wp-content\/uploads\/2019\/03\/sponzoriranci_prikazna.jpg\",\"contentUrl\":\"https:\/\/krkavolley.si\/site\/wp-content\/uploads\/2019\/03\/sponzoriranci_prikazna.jpg\",\"width\":500,\"height\":300},{\"@type\":\"BreadcrumbList\",\"@id\":\"https:\/\/krkavolley.si\/site\/2019\/03\/28\/v-krki-razglasili-mlade-talente-2018\/#breadcrumb\",\"itemListElement\":[{\"@type\":\"ListItem\",\"position\":1,\"name\":\"Home\",\"item\":\"https:\/\/krkavolley.si\/site\/\"},{\"@type\":\"ListItem\",\"position\":2,\"name\":\"V Krki razglasili mlade talente 2018\"}]},{\"@type\":\"WebSite\",\"@id\":\"https:\/\/krkavolley.si\/site\/#website\",\"url\":\"https:\/\/krkavolley.si\/site\/\",\"name\":\"Mo\u0161ki odbojkarski klub Krka\",\"description\":\"Novo mesto\",\"publisher\":{\"@id\":\"https:\/\/krkavolley.si\/site\/#organization\"},\"potentialAction\":[{\"@type\":\"SearchAction\",\"target\":{\"@type\":\"EntryPoint\",\"urlTemplate\":\"https:\/\/krkavolley.si\/site\/?s={search_term_string}\"},\"query-input\":{\"@type\":\"PropertyValueSpecification\",\"valueRequired\":true,\"valueName\":\"search_term_string\"}}],\"inLanguage\":\"sl-SI\"},{\"@type\":\"Organization\",\"@id\":\"https:\/\/krkavolley.si\/site\/#organization\",\"name\":\"Mo\u0161ki odbojkarski klub Krka\",\"url\":\"https:\/\/krkavolley.si\/site\/\",\"logo\":{\"@type\":\"ImageObject\",\"inLanguage\":\"sl-SI\",\"@id\":\"https:\/\/krkavolley.si\/site\/#\/schema\/logo\/image\/\",\"url\":\"https:\/\/krkavolley.si\/site\/wp-content\/uploads\/2017\/03\/mok_krka_squared.jpg\",\"contentUrl\":\"https:\/\/krkavolley.si\/site\/wp-content\/uploads\/2017\/03\/mok_krka_squared.jpg\",\"width\":500,\"height\":500,\"caption\":\"Mo\u0161ki odbojkarski klub Krka\"},\"image\":{\"@id\":\"https:\/\/krkavolley.si\/site\/#\/schema\/logo\/image\/\"},\"sameAs\":[\"https:\/\/www.facebook.com\/krkavolley\/\",\"https:\/\/www.youtube.com\/channel\/UC-9mw6XzAdOheQVW-nJxBDg\"]},{\"@type\":\"Person\",\"@id\":\"https:\/\/krkavolley.si\/site\/#\/schema\/person\/534ee01c931f76708377719fa8dba01a\",\"name\":\"mokkrka\",\"image\":{\"@type\":\"ImageObject\",\"inLanguage\":\"sl-SI\",\"@id\":\"https:\/\/krkavolley.si\/site\/#\/schema\/person\/image\/\",\"url\":\"https:\/\/secure.gravatar.com\/avatar\/47a045e234f1661f7ec6f2ebf50b4de78c561f36cd8df312c2474dc659604592?s=96&d=mm&r=g\",\"contentUrl\":\"https:\/\/secure.gravatar.com\/avatar\/47a045e234f1661f7ec6f2ebf50b4de78c561f36cd8df312c2474dc659604592?s=96&d=mm&r=g\",\"caption\":\"mokkrka\"},\"url\":\"https:\/\/krkavolley.si\/site\/author\/mokkrka\/\"}]}<\/script>\n<!-- \/ Yoast SEO plugin. -->","yoast_head_json":{"title":"V Krki razglasili mlade talente 2018 | Mo\u0161ki odbojkarski klub Krka","description":"V Krki so na 13. sre\u010danju s sponzoriranci razglasili mlade talente leta 2018, nagrade pa se je razveselil tudi na\u0161 odbojkar Jaka Pavlin!","robots":{"index":"index","follow":"follow","max-snippet":"max-snippet:-1","max-image-preview":"max-image-preview:large","max-video-preview":"max-video-preview:-1"},"canonical":"https:\/\/krkavolley.si\/site\/2019\/03\/28\/v-krki-razglasili-mlade-talente-2018\/","og_locale":"sl_SI","og_type":"article","og_title":"V Krki razglasili mlade talente 2018 | Mo\u0161ki odbojkarski klub Krka","og_description":"V Krki so na 13. sre\u010danju s sponzoriranci razglasili mlade talente leta 2018, nagrade pa se je razveselil tudi na\u0161 odbojkar Jaka Pavlin!","og_url":"https:\/\/krkavolley.si\/site\/2019\/03\/28\/v-krki-razglasili-mlade-talente-2018\/","og_site_name":"Mo\u0161ki odbojkarski klub Krka","article_publisher":"https:\/\/www.facebook.com\/krkavolley\/","article_published_time":"2019-03-28T14:57:48+00:00","article_modified_time":"2019-03-28T15:03:55+00:00","og_image":[{"width":500,"height":300,"url":"https:\/\/krkavolley.si\/site\/wp-content\/uploads\/2019\/03\/sponzoriranci_prikazna.jpg","type":"image\/jpeg"}],"author":"mokkrka","twitter_card":"summary_large_image","twitter_misc":{"Written by":"mokkrka","Est. reading time":"5 minut"},"schema":{"@context":"https:\/\/schema.org","@graph":[{"@type":"Article","@id":"https:\/\/krkavolley.si\/site\/2019\/03\/28\/v-krki-razglasili-mlade-talente-2018\/#article","isPartOf":{"@id":"https:\/\/krkavolley.si\/site\/2019\/03\/28\/v-krki-razglasili-mlade-talente-2018\/"},"author":{"name":"mokkrka","@id":"https:\/\/krkavolley.si\/site\/#\/schema\/person\/534ee01c931f76708377719fa8dba01a"},"headline":"V Krki razglasili mlade talente 2018","datePublished":"2019-03-28T14:57:48+00:00","dateModified":"2019-03-28T15:03:55+00:00","mainEntityOfPage":{"@id":"https:\/\/krkavolley.si\/site\/2019\/03\/28\/v-krki-razglasili-mlade-talente-2018\/"},"wordCount":1004,"publisher":{"@id":"https:\/\/krkavolley.si\/site\/#organization"},"image":{"@id":"https:\/\/krkavolley.si\/site\/2019\/03\/28\/v-krki-razglasili-mlade-talente-2018\/#primaryimage"},"thumbnailUrl":"https:\/\/krkavolley.si\/site\/wp-content\/uploads\/2019\/03\/sponzoriranci_prikazna.jpg","articleSection":["drugo"],"inLanguage":"sl-SI"},{"@type":"WebPage","@id":"https:\/\/krkavolley.si\/site\/2019\/03\/28\/v-krki-razglasili-mlade-talente-2018\/","url":"https:\/\/krkavolley.si\/site\/2019\/03\/28\/v-krki-razglasili-mlade-talente-2018\/","name":"V Krki razglasili mlade talente 2018 | Mo\u0161ki odbojkarski klub Krka","isPartOf":{"@id":"https:\/\/krkavolley.si\/site\/#website"},"primaryImageOfPage":{"@id":"https:\/\/krkavolley.si\/site\/2019\/03\/28\/v-krki-razglasili-mlade-talente-2018\/#primaryimage"},"image":{"@id":"https:\/\/krkavolley.si\/site\/2019\/03\/28\/v-krki-razglasili-mlade-talente-2018\/#primaryimage"},"thumbnailUrl":"https:\/\/krkavolley.si\/site\/wp-content\/uploads\/2019\/03\/sponzoriranci_prikazna.jpg","datePublished":"2019-03-28T14:57:48+00:00","dateModified":"2019-03-28T15:03:55+00:00","description":"V Krki so na 13. sre\u010danju s sponzoriranci razglasili mlade talente leta 2018, nagrade pa se je razveselil tudi na\u0161 odbojkar Jaka Pavlin!","breadcrumb":{"@id":"https:\/\/krkavolley.si\/site\/2019\/03\/28\/v-krki-razglasili-mlade-talente-2018\/#breadcrumb"},"inLanguage":"sl-SI","potentialAction":[{"@type":"ReadAction","target":["https:\/\/krkavolley.si\/site\/2019\/03\/28\/v-krki-razglasili-mlade-talente-2018\/"]}]},{"@type":"ImageObject","inLanguage":"sl-SI","@id":"https:\/\/krkavolley.si\/site\/2019\/03\/28\/v-krki-razglasili-mlade-talente-2018\/#primaryimage","url":"https:\/\/krkavolley.si\/site\/wp-content\/uploads\/2019\/03\/sponzoriranci_prikazna.jpg","contentUrl":"https:\/\/krkavolley.si\/site\/wp-content\/uploads\/2019\/03\/sponzoriranci_prikazna.jpg","width":500,"height":300},{"@type":"BreadcrumbList","@id":"https:\/\/krkavolley.si\/site\/2019\/03\/28\/v-krki-razglasili-mlade-talente-2018\/#breadcrumb","itemListElement":[{"@type":"ListItem","position":1,"name":"Home","item":"https:\/\/krkavolley.si\/site\/"},{"@type":"ListItem","position":2,"name":"V Krki razglasili mlade talente 2018"}]},{"@type":"WebSite","@id":"https:\/\/krkavolley.si\/site\/#website","url":"https:\/\/krkavolley.si\/site\/","name":"Mo\u0161ki odbojkarski klub Krka","description":"Novo mesto","publisher":{"@id":"https:\/\/krkavolley.si\/site\/#organization"},"potentialAction":[{"@type":"SearchAction","target":{"@type":"EntryPoint","urlTemplate":"https:\/\/krkavolley.si\/site\/?s={search_term_string}"},"query-input":{"@type":"PropertyValueSpecification","valueRequired":true,"valueName":"search_term_string"}}],"inLanguage":"sl-SI"},{"@type":"Organization","@id":"https:\/\/krkavolley.si\/site\/#organization","name":"Mo\u0161ki odbojkarski klub Krka","url":"https:\/\/krkavolley.si\/site\/","logo":{"@type":"ImageObject","inLanguage":"sl-SI","@id":"https:\/\/krkavolley.si\/site\/#\/schema\/logo\/image\/","url":"https:\/\/krkavolley.si\/site\/wp-content\/uploads\/2017\/03\/mok_krka_squared.jpg","contentUrl":"https:\/\/krkavolley.si\/site\/wp-content\/uploads\/2017\/03\/mok_krka_squared.jpg","width":500,"height":500,"caption":"Mo\u0161ki odbojkarski klub Krka"},"image":{"@id":"https:\/\/krkavolley.si\/site\/#\/schema\/logo\/image\/"},"sameAs":["https:\/\/www.facebook.com\/krkavolley\/","https:\/\/www.youtube.com\/channel\/UC-9mw6XzAdOheQVW-nJxBDg"]},{"@type":"Person","@id":"https:\/\/krkavolley.si\/site\/#\/schema\/person\/534ee01c931f76708377719fa8dba01a","name":"mokkrka","image":{"@type":"ImageObject","inLanguage":"sl-SI","@id":"https:\/\/krkavolley.si\/site\/#\/schema\/person\/image\/","url":"https:\/\/secure.gravatar.com\/avatar\/47a045e234f1661f7ec6f2ebf50b4de78c561f36cd8df312c2474dc659604592?s=96&d=mm&r=g","contentUrl":"https:\/\/secure.gravatar.com\/avatar\/47a045e234f1661f7ec6f2ebf50b4de78c561f36cd8df312c2474dc659604592?s=96&d=mm&r=g","caption":"mokkrka"},"url":"https:\/\/krkavolley.si\/site\/author\/mokkrka\/"}]}},"_links":{"self":[{"href":"https:\/\/krkavolley.si\/site\/wp-json\/wp\/v2\/posts\/6678","targetHints":{"allow":["GET"]}}],"collection":[{"href":"https:\/\/krkavolley.si\/site\/wp-json\/wp\/v2\/posts"}],"about":[{"href":"https:\/\/krkavolley.si\/site\/wp-json\/wp\/v2\/types\/post"}],"author":[{"embeddable":true,"href":"https:\/\/krkavolley.si\/site\/wp-json\/wp\/v2\/users\/1"}],"replies":[{"embeddable":true,"href":"https:\/\/krkavolley.si\/site\/wp-json\/wp\/v2\/comments?post=6678"}],"version-history":[{"count":2,"href":"https:\/\/krkavolley.si\/site\/wp-json\/wp\/v2\/posts\/6678\/revisions"}],"predecessor-version":[{"id":6688,"href":"https:\/\/krkavolley.si\/site\/wp-json\/wp\/v2\/posts\/6678\/revisions\/6688"}],"wp:featuredmedia":[{"embeddable":true,"href":"https:\/\/krkavolley.si\/site\/wp-json\/wp\/v2\/media\/6679"}],"wp:attachment":[{"href":"https:\/\/krkavolley.si\/site\/wp-json\/wp\/v2\/media?parent=6678"}],"wp:term":[{"taxonomy":"category","embeddable":true,"href":"https:\/\/krkavolley.si\/site\/wp-json\/wp\/v2\/categories?post=6678"},{"taxonomy":"post_tag","embeddable":true,"href":"https:\/\/krkavolley.si\/site\/wp-json\/wp\/v2\/tags?post=6678"}],"curies":[{"name":"wp","href":"https:\/\/api.w.org\/{rel}","templated":true}]}}