{"id":6709,"date":"2019-04-16T18:45:35","date_gmt":"2019-04-16T16:45:35","guid":{"rendered":"https:\/\/krkavolley.si\/site\/?p=6709"},"modified":"2019-04-16T18:49:31","modified_gmt":"2019-04-16T16:49:31","slug":"mlajsi-decki-nastopili-na-mednarodnem-turnirju","status":"publish","type":"post","link":"https:\/\/krkavolley.si\/site\/2019\/04\/16\/mlajsi-decki-nastopili-na-mednarodnem-turnirju\/","title":{"rendered":"Mlaj\u0161i de\u010dki nastopili na mednarodnem turnirju"},"content":{"rendered":"\n<p>V\nsoboto, 13. 4. 2019, so se mlaj\u0161i de\u010dki MOK Krka v Braslov\u010dah\nudele\u017eili 5. mednarodnega turnirja za Pokal Savinjske doline v mali\nodbojki. Na turnirju je sodelovalo 26 ekip de\u010dkov in 48 ekip deklic\niz Hrva\u0161ke in Slovenije. Kapacitete garderob v \u0160D Braslov\u010de niso\nzmogle tolik\u0161nega \u0161tevila udele\u017eencev, zato so se morali igralci\nKrke preoble\u010di v prostorih kopalnice ob eni izmed garderob. \n<\/p>\n\n\n\n<p>\u017diga\nKastelic, Gabrijel Laknar, Luc Ho\u010devar Nahtigal, Nejc Pe\u010djak, Bine\nJude\u017e, Mark Mlakar, Val Udovi\u010d, Tim \u0160etina, Arne Oblak, Enej Fink,\nJure Kastelic in Matic \u0160turm so se najprej v svoji skupini\n\u00bbprimerjali\u00ab s trenutno najkvalitetnej\u0161o slovensko ekipo Maribor\nSGD Strdin. Maribor\u010dani so prikazali odbojko prakti\u010dno brez\nizsiljenih napak in v obeh nizih prepri\u010dljivo premagali Krko. Prva\npostava Krke, \u017diga, Luc, Bine in Gabrijel ni pokazala vsega, kar\nzmore. Manjkala je ve\u010dja zavzetost, ki jih je do te tekme vedno\nkrasila na vseh dosedanjih turnirjih. Prav tako je v sami igri Krke \nizostala natan\u010dnost organizacije napadov.<\/p>\n\n\n\n<p>V drugi tekmi so si igralci Krke z zmago z 2 : 0 v nizih proti drugi ekipi Brezovice zagotovili nastop v osmini finala. V prvem nizu je z Binetom, \u017digo in Gabrijelom odli\u010dno zaigral Jure Kastelic. V drugem nizu, ko je \u010detverka z Valom Udovi\u010dem, Arnejem Oblakom, Miticem \u0160turmom in Enejem Finkom zaostajala  \u017ee za \u0161est to\u010dk (8 : 14), sta v igro vstopila Luc Ho\u010devar Nahtigal in Mark Mlakar. V igro sta vnesla potrebno natan\u010dnost pri izvajanju odbojkarskih elementov sprejemanja, organizacije napadov in napadanja tako, da se je rezultat nagnil z vodstvom na 17. to\u010dki na stran Krke. Niz so nato uspe\u0161no ubranili in ga zaklju\u010dili z zmago s 25 : 19.<\/p>\n\n\n\n<p>V\nosmini finala se je Krka pomerila z doma\u010dimi igralci iz Braslov\u010d, s\nkaterimi so se pred tednom dni v sklopu finalnega turnirja veje\npora\u017eencev dr\u017eavnega prvenstva na Ravnah na Koro\u0161kem pomerili\ndvakrat. Obe tekmi sta se takrat kon\u010dali z najtesnej\u0161im izidom v\nkorist Krke in tako so sre\u010dni igralci Krke odpotovali po dolgi poti\nproti domu in z mislijo na polfinalni turnir meseca maja. Tokrat pa\nje Krka \u00bbpotegnila kraj\u0161i konec\u00ab. V sami igri prve \u010detvorke\nprvega niza je bilo vidno opaziti ogromno nenatan\u010dnost pri\norganizaciji napadov kar so doma\u010dini izkori\u0161\u010dali z uspe\u0161nimi\nbloki ter uspe\u0161nimi kontra napadi &#8211; 16 : 25.<\/p>\n\n\n\n<p>V\ndrugem nizu druga \u010detvorka Krke prav tako v prvi tretjini niza ni\ndelovala borbeno in zavzeto. Pri vodstvu Braslov\u010d z 8 : 13 pa je\nNejc Pe\u010djak pokazal nekaj izrednih obrambnih potez, kar je nekako\nspodbudilo ostale tri soigralce k zavzetej\u0161i in borbeni igri. Nejc\nje tako ves preostali niz vztrajal z odli\u010dnimi obrambnimi akcijami,\nnatan\u010dnimi podajami in raznovrstnimi napadi, ki so vna\u0161ali zmedo v\nigro druge \u010detvorke Braslov\u010d. K tak\u0161nim uspe\u0161nim odbojkarskim \ndemonstracijam  Nejca so se pridru\u017eili tudi ostali trije. Niz so\ntako uspe\u0161no privedli do zmage s 25 : 22 ter tako izsilili tretji,\nodlo\u010dilni niz.<\/p>\n\n\n\n<p>Tako\nkot na Ravnah na Koro\u0161kem v drugi tekmi \u00bbzlatega niza\u00ab je nekoliko\nspremenjena 1. \u010detvorka Krke, v kateri sta trenerja Prah in Brulec\npoleg standardnih igralcev, \u017dige Kastelica, Luc Ho\u010devarja Nahtigala\nin Gabrijela Laknarja, vklju\u010dila razpolo\u017eenega Nejca Pe\u010djaka. Krka\nje ta niz pri\u010dela odlo\u010dno in povedla s 3 : 1.  rezultat bi bil\nlahko po mo\u010dnem neubranljivem napadu Kastelica povi\u0161an \u017ee na 4 :\n1, toda mladi sodnik, ob katerem je ves \u010das tekme stal blizu trener\nBraslov\u010d in mu ob\u010dasno tudi kaj svetoval, kako naj dosodi sporne\nakcije (dve akciji je v toku tekme \u017ee dosodil v \u0161kodo Krke), je ta\nnapad razveljavil zato, ker se je po zadnjem delu igri\u0161\u010da Krke v\ntrenutku udarca \u017dige, ki je usmeril mo\u010dan udarec v  polje Braslov\u010d,\nzakotalila \u017eoga, ki sploh ni vplivala na potek akcije ali pa\nogro\u017eala kateregakoli igralca Krke. Je pa \u017diga ogrozil z mo\u010dnim\nudarcem doma\u010dine. \n<\/p>\n\n\n\n<p>V\nteku celotne tekme med Braslov\u010dani in Krko celoten sodni\u0161ki zbor,\norganizatorji turnirja in preostali trenerji igralcev, ki so se\nprosto po pre\u0161erno igrali z \u017eogami v prosti coni (brcanje,\npodajanje, igra ko\u0161arke\u2026) v neposredni bli\u017eini igri\u0161\u010d, niso\nposkrbeli, da se med igranjem te tekme in tudi preostalih tekem na\nobeh ostalih igri\u0161\u010dih preneha z nedovoljenim ogrevanjem z \u017eogami,\nkar je za razliko na turnirjih na Hrva\u0161kem tudi za to kategorijo\nposebej predpisano \u017ee v osnovnih pravilih pred turnirjem. In tako so\nHrvatje ponovno korak pred Slovenci. Kljub ve\u010dkratnim prekinitvam\nvsako tekmo turnirja zaradi kotale\u010dih \u017eog \u00bbod nekje\u00ab sodni\u0161ki\nzbor in organizatorji niso poskrbeli za nemoten potek odbojkarske\nigre, kjer je potrebna velika mera koncentracije. Morda pa so pustili\ntak\u0161no stanje namerno?<\/p>\n\n\n\n<p>\nNa to, da se nekateri igralci ostalih ekip ogrevajo ali pa igrajo z\n\u017eogami v prostih conah v neposredni bli\u017eini igri\u0161\u010d,  je opozoril\ntrener Prah sodnika \u017ee v prvem nizu, toda sodnik ni niti odgovoril\nali povedal svoje mnenje. Ob njem je, tako kot je bilo \u017ee opisano,\nstal trener Braslov\u010d, ki tudi ni reagiral (le zakaj bi, saj se je\n\u017eogarija odvijala v neposredni bli\u017eini igri\u0161\u010da Krke).<\/p>\n\n\n\n<p>Kljub\nponovitvi to\u010dke je postava Krke nadaljevala z zavzeto igro in pri\ntem izbolj\u0161ala igro v obrambi ter nekoliko tudi organizacijo v\nnapadih, kjer se je dobro zna\u0161el Nejc Pe\u010dnik. \n<\/p>\n\n\n\n<p>Po\nvodstvi Krke z 10 : 6 (tretji niz se je igral le do 15. to\u010dke), pa\nso se fantje o\u010ditno prestra\u0161ili zmage (ali pa nekaterih lastnih\nnavija\u010dev s tribun?). Sledili sta napaki v napadu, organizacija\nnapada pa je bila ponovno na nivoju slabe dnevne forme. Dva zaporedna\nodmora Krke je \u0161e omogo\u010dilo Krki vodstvo za 13 : 12, toda to je\nbilo tudi vse s strani Krke za ta dan. Menjava Luc &#8211; Bine ob\nizena\u010denju na 13. to\u010dki ni imela u\u010dinka, saj je po nekoliko manj\nto\u010dnem sprejemu podaja Krkinega igralca ponovno bila tak\u0161na, da je\nKrka po mla\u010dnem napadu prejela konkretni odgovor v obliki mo\u010dnega\nnapada Braslov\u0161kega napadalca. Tudi zadnja akcija, pred katero je\nsledila menjava Bine &#8211; Luc, je bila zelo podobna prej\u0161nji in\nBraslov\u010de so slavile zaslu\u017eeno in delno tudi podarjeno zmago &#8211; 13 :\n15. \n<\/p>\n\n\n\n<p>V\nnadaljevanju turnirja so Braslov\u010dani v \u010detrtfinalu napravili pravo\nsenzacijo, saj so izlo\u010dili prvo ekipo Brezovice z 2 : 1. Prva\n\u010detvorka Braslov\u010d je oba niza dobila na razliko &#8211; prvega po\npodalj\u0161ani igri z 29 : 27, tretjega pa s 16 : 14. Braslov\u010dani so\nnadaljevali z zmago v polfinalu, ko so ugnali Salonit iz Kanala z 2 :\n1 v nizih ter se tako zavihteli do samega finala, kjer pa jih je\ngladko premagala ekipa Maribor SGD Strdin.<\/p>\n\n\n\n<p>Kje\nbi kon\u010dala pa Krka, \u010de bi v osmini finala premagala Braslov\u010de?<\/p>\n\n\n\n<p>MOK<\/p>\n","protected":false},"excerpt":{"rendered":"<p>V soboto, 13. 4. 2019, so se mlaj\u0161i de\u010dki MOK Krka v Braslov\u010dah udele\u017eili 5. mednarodnega turnirja za Pokal Savinjske doline v mali odbojki. Na turnirju je sodelovalo 26 ekip&hellip; <\/p>\n<p class=\"chuchadon-read-more\"><a href=\"https:\/\/krkavolley.si\/site\/2019\/04\/16\/mlajsi-decki-nastopili-na-mednarodnem-turnirju\/\" class=\"more-link\">Beri dalje&#8230;<\/a><\/p>\n","protected":false},"author":1,"featured_media":5354,"comment_status":"closed","ping_status":"closed","sticky":false,"template":"","format":"standard","meta":{"footnotes":""},"categories":[164,145],"tags":[196,34,59],"class_list":["post-6709","post","type-post","status-publish","format-standard","has-post-thumbnail","category-2018-2019","category-mala-odbojka","tag-braslovce","tag-mlajsi-decki","tag-pokal-savinjske-doline","entry"],"yoast_head":"<!-- This site is optimized with the Yoast SEO plugin v26.6 - https:\/\/yoast.com\/wordpress\/plugins\/seo\/ -->\n<title>Mlaj\u0161i de\u010dki nastopili na 5. mednarodnem turnirju Pokala Savinjske doline | MOK Krka<\/title>\n<meta name=\"description\" content=\"V soboto, 13. 4. 2019, so se mlaj\u0161i de\u010dki MOK Krka v Braslov\u010dah udele\u017eili 5. mednarodnega turnirja za Pokal Savinjske doline v mali odbojki.\" \/>\n<meta name=\"robots\" content=\"index, follow, max-snippet:-1, max-image-preview:large, max-video-preview:-1\" \/>\n<link rel=\"canonical\" href=\"https:\/\/krkavolley.si\/site\/2019\/04\/16\/mlajsi-decki-nastopili-na-mednarodnem-turnirju\/\" \/>\n<meta property=\"og:locale\" content=\"sl_SI\" \/>\n<meta property=\"og:type\" content=\"article\" \/>\n<meta property=\"og:title\" content=\"Mlaj\u0161i de\u010dki nastopili na 5. mednarodnem turnirju Pokala Savinjske doline | MOK Krka\" \/>\n<meta property=\"og:description\" content=\"V soboto, 13. 4. 2019, so se mlaj\u0161i de\u010dki MOK Krka v Braslov\u010dah udele\u017eili 5. mednarodnega turnirja za Pokal Savinjske doline v mali odbojki.\" \/>\n<meta property=\"og:url\" content=\"https:\/\/krkavolley.si\/site\/2019\/04\/16\/mlajsi-decki-nastopili-na-mednarodnem-turnirju\/\" \/>\n<meta property=\"og:site_name\" content=\"Mo\u0161ki odbojkarski klub Krka\" \/>\n<meta property=\"article:publisher\" content=\"https:\/\/www.facebook.com\/krkavolley\/\" \/>\n<meta property=\"article:published_time\" content=\"2019-04-16T16:45:35+00:00\" \/>\n<meta property=\"article:modified_time\" content=\"2019-04-16T16:49:31+00:00\" \/>\n<meta property=\"og:image\" content=\"https:\/\/krkavolley.si\/site\/wp-content\/uploads\/2017\/05\/zoga1.jpg\" \/>\n\t<meta property=\"og:image:width\" content=\"500\" \/>\n\t<meta property=\"og:image:height\" content=\"300\" \/>\n\t<meta property=\"og:image:type\" content=\"image\/jpeg\" \/>\n<meta name=\"author\" content=\"mokkrka\" \/>\n<meta name=\"twitter:card\" content=\"summary_large_image\" \/>\n<meta name=\"twitter:label1\" content=\"Written by\" \/>\n\t<meta name=\"twitter:data1\" content=\"mokkrka\" \/>\n\t<meta name=\"twitter:label2\" content=\"Est. reading time\" \/>\n\t<meta name=\"twitter:data2\" content=\"6 minut\" \/>\n<script type=\"application\/ld+json\" class=\"yoast-schema-graph\">{\"@context\":\"https:\/\/schema.org\",\"@graph\":[{\"@type\":\"Article\",\"@id\":\"https:\/\/krkavolley.si\/site\/2019\/04\/16\/mlajsi-decki-nastopili-na-mednarodnem-turnirju\/#article\",\"isPartOf\":{\"@id\":\"https:\/\/krkavolley.si\/site\/2019\/04\/16\/mlajsi-decki-nastopili-na-mednarodnem-turnirju\/\"},\"author\":{\"name\":\"mokkrka\",\"@id\":\"https:\/\/krkavolley.si\/site\/#\/schema\/person\/534ee01c931f76708377719fa8dba01a\"},\"headline\":\"Mlaj\u0161i de\u010dki nastopili na mednarodnem turnirju\",\"datePublished\":\"2019-04-16T16:45:35+00:00\",\"dateModified\":\"2019-04-16T16:49:31+00:00\",\"mainEntityOfPage\":{\"@id\":\"https:\/\/krkavolley.si\/site\/2019\/04\/16\/mlajsi-decki-nastopili-na-mednarodnem-turnirju\/\"},\"wordCount\":1135,\"publisher\":{\"@id\":\"https:\/\/krkavolley.si\/site\/#organization\"},\"image\":{\"@id\":\"https:\/\/krkavolley.si\/site\/2019\/04\/16\/mlajsi-decki-nastopili-na-mednarodnem-turnirju\/#primaryimage\"},\"thumbnailUrl\":\"https:\/\/krkavolley.si\/site\/wp-content\/uploads\/2017\/05\/zoga1.jpg\",\"keywords\":[\"braslov\u010de\",\"mlaj\u0161i de\u010dki\",\"pokal Savinjske doline\"],\"articleSection\":[\"2018\/2019\",\"mala odbojka\"],\"inLanguage\":\"sl-SI\"},{\"@type\":\"WebPage\",\"@id\":\"https:\/\/krkavolley.si\/site\/2019\/04\/16\/mlajsi-decki-nastopili-na-mednarodnem-turnirju\/\",\"url\":\"https:\/\/krkavolley.si\/site\/2019\/04\/16\/mlajsi-decki-nastopili-na-mednarodnem-turnirju\/\",\"name\":\"Mlaj\u0161i de\u010dki nastopili na 5. mednarodnem turnirju Pokala Savinjske doline | MOK Krka\",\"isPartOf\":{\"@id\":\"https:\/\/krkavolley.si\/site\/#website\"},\"primaryImageOfPage\":{\"@id\":\"https:\/\/krkavolley.si\/site\/2019\/04\/16\/mlajsi-decki-nastopili-na-mednarodnem-turnirju\/#primaryimage\"},\"image\":{\"@id\":\"https:\/\/krkavolley.si\/site\/2019\/04\/16\/mlajsi-decki-nastopili-na-mednarodnem-turnirju\/#primaryimage\"},\"thumbnailUrl\":\"https:\/\/krkavolley.si\/site\/wp-content\/uploads\/2017\/05\/zoga1.jpg\",\"datePublished\":\"2019-04-16T16:45:35+00:00\",\"dateModified\":\"2019-04-16T16:49:31+00:00\",\"description\":\"V soboto, 13. 4. 2019, so se mlaj\u0161i de\u010dki MOK Krka v Braslov\u010dah udele\u017eili 5. mednarodnega turnirja za Pokal Savinjske doline v mali odbojki.\",\"breadcrumb\":{\"@id\":\"https:\/\/krkavolley.si\/site\/2019\/04\/16\/mlajsi-decki-nastopili-na-mednarodnem-turnirju\/#breadcrumb\"},\"inLanguage\":\"sl-SI\",\"potentialAction\":[{\"@type\":\"ReadAction\",\"target\":[\"https:\/\/krkavolley.si\/site\/2019\/04\/16\/mlajsi-decki-nastopili-na-mednarodnem-turnirju\/\"]}]},{\"@type\":\"ImageObject\",\"inLanguage\":\"sl-SI\",\"@id\":\"https:\/\/krkavolley.si\/site\/2019\/04\/16\/mlajsi-decki-nastopili-na-mednarodnem-turnirju\/#primaryimage\",\"url\":\"https:\/\/krkavolley.si\/site\/wp-content\/uploads\/2017\/05\/zoga1.jpg\",\"contentUrl\":\"https:\/\/krkavolley.si\/site\/wp-content\/uploads\/2017\/05\/zoga1.jpg\",\"width\":500,\"height\":300},{\"@type\":\"BreadcrumbList\",\"@id\":\"https:\/\/krkavolley.si\/site\/2019\/04\/16\/mlajsi-decki-nastopili-na-mednarodnem-turnirju\/#breadcrumb\",\"itemListElement\":[{\"@type\":\"ListItem\",\"position\":1,\"name\":\"Home\",\"item\":\"https:\/\/krkavolley.si\/site\/\"},{\"@type\":\"ListItem\",\"position\":2,\"name\":\"Mlaj\u0161i de\u010dki nastopili na mednarodnem turnirju\"}]},{\"@type\":\"WebSite\",\"@id\":\"https:\/\/krkavolley.si\/site\/#website\",\"url\":\"https:\/\/krkavolley.si\/site\/\",\"name\":\"Mo\u0161ki odbojkarski klub Krka\",\"description\":\"Novo mesto\",\"publisher\":{\"@id\":\"https:\/\/krkavolley.si\/site\/#organization\"},\"potentialAction\":[{\"@type\":\"SearchAction\",\"target\":{\"@type\":\"EntryPoint\",\"urlTemplate\":\"https:\/\/krkavolley.si\/site\/?s={search_term_string}\"},\"query-input\":{\"@type\":\"PropertyValueSpecification\",\"valueRequired\":true,\"valueName\":\"search_term_string\"}}],\"inLanguage\":\"sl-SI\"},{\"@type\":\"Organization\",\"@id\":\"https:\/\/krkavolley.si\/site\/#organization\",\"name\":\"Mo\u0161ki odbojkarski klub Krka\",\"url\":\"https:\/\/krkavolley.si\/site\/\",\"logo\":{\"@type\":\"ImageObject\",\"inLanguage\":\"sl-SI\",\"@id\":\"https:\/\/krkavolley.si\/site\/#\/schema\/logo\/image\/\",\"url\":\"https:\/\/krkavolley.si\/site\/wp-content\/uploads\/2017\/03\/mok_krka_squared.jpg\",\"contentUrl\":\"https:\/\/krkavolley.si\/site\/wp-content\/uploads\/2017\/03\/mok_krka_squared.jpg\",\"width\":500,\"height\":500,\"caption\":\"Mo\u0161ki odbojkarski klub Krka\"},\"image\":{\"@id\":\"https:\/\/krkavolley.si\/site\/#\/schema\/logo\/image\/\"},\"sameAs\":[\"https:\/\/www.facebook.com\/krkavolley\/\",\"https:\/\/www.youtube.com\/channel\/UC-9mw6XzAdOheQVW-nJxBDg\"]},{\"@type\":\"Person\",\"@id\":\"https:\/\/krkavolley.si\/site\/#\/schema\/person\/534ee01c931f76708377719fa8dba01a\",\"name\":\"mokkrka\",\"image\":{\"@type\":\"ImageObject\",\"inLanguage\":\"sl-SI\",\"@id\":\"https:\/\/krkavolley.si\/site\/#\/schema\/person\/image\/\",\"url\":\"https:\/\/secure.gravatar.com\/avatar\/47a045e234f1661f7ec6f2ebf50b4de78c561f36cd8df312c2474dc659604592?s=96&d=mm&r=g\",\"contentUrl\":\"https:\/\/secure.gravatar.com\/avatar\/47a045e234f1661f7ec6f2ebf50b4de78c561f36cd8df312c2474dc659604592?s=96&d=mm&r=g\",\"caption\":\"mokkrka\"},\"url\":\"https:\/\/krkavolley.si\/site\/author\/mokkrka\/\"}]}<\/script>\n<!-- \/ Yoast SEO plugin. -->","yoast_head_json":{"title":"Mlaj\u0161i de\u010dki nastopili na 5. mednarodnem turnirju Pokala Savinjske doline | MOK Krka","description":"V soboto, 13. 4. 2019, so se mlaj\u0161i de\u010dki MOK Krka v Braslov\u010dah udele\u017eili 5. mednarodnega turnirja za Pokal Savinjske doline v mali odbojki.","robots":{"index":"index","follow":"follow","max-snippet":"max-snippet:-1","max-image-preview":"max-image-preview:large","max-video-preview":"max-video-preview:-1"},"canonical":"https:\/\/krkavolley.si\/site\/2019\/04\/16\/mlajsi-decki-nastopili-na-mednarodnem-turnirju\/","og_locale":"sl_SI","og_type":"article","og_title":"Mlaj\u0161i de\u010dki nastopili na 5. mednarodnem turnirju Pokala Savinjske doline | MOK Krka","og_description":"V soboto, 13. 4. 2019, so se mlaj\u0161i de\u010dki MOK Krka v Braslov\u010dah udele\u017eili 5. mednarodnega turnirja za Pokal Savinjske doline v mali odbojki.","og_url":"https:\/\/krkavolley.si\/site\/2019\/04\/16\/mlajsi-decki-nastopili-na-mednarodnem-turnirju\/","og_site_name":"Mo\u0161ki odbojkarski klub Krka","article_publisher":"https:\/\/www.facebook.com\/krkavolley\/","article_published_time":"2019-04-16T16:45:35+00:00","article_modified_time":"2019-04-16T16:49:31+00:00","og_image":[{"width":500,"height":300,"url":"https:\/\/krkavolley.si\/site\/wp-content\/uploads\/2017\/05\/zoga1.jpg","type":"image\/jpeg"}],"author":"mokkrka","twitter_card":"summary_large_image","twitter_misc":{"Written by":"mokkrka","Est. reading time":"6 minut"},"schema":{"@context":"https:\/\/schema.org","@graph":[{"@type":"Article","@id":"https:\/\/krkavolley.si\/site\/2019\/04\/16\/mlajsi-decki-nastopili-na-mednarodnem-turnirju\/#article","isPartOf":{"@id":"https:\/\/krkavolley.si\/site\/2019\/04\/16\/mlajsi-decki-nastopili-na-mednarodnem-turnirju\/"},"author":{"name":"mokkrka","@id":"https:\/\/krkavolley.si\/site\/#\/schema\/person\/534ee01c931f76708377719fa8dba01a"},"headline":"Mlaj\u0161i de\u010dki nastopili na mednarodnem turnirju","datePublished":"2019-04-16T16:45:35+00:00","dateModified":"2019-04-16T16:49:31+00:00","mainEntityOfPage":{"@id":"https:\/\/krkavolley.si\/site\/2019\/04\/16\/mlajsi-decki-nastopili-na-mednarodnem-turnirju\/"},"wordCount":1135,"publisher":{"@id":"https:\/\/krkavolley.si\/site\/#organization"},"image":{"@id":"https:\/\/krkavolley.si\/site\/2019\/04\/16\/mlajsi-decki-nastopili-na-mednarodnem-turnirju\/#primaryimage"},"thumbnailUrl":"https:\/\/krkavolley.si\/site\/wp-content\/uploads\/2017\/05\/zoga1.jpg","keywords":["braslov\u010de","mlaj\u0161i de\u010dki","pokal Savinjske doline"],"articleSection":["2018\/2019","mala odbojka"],"inLanguage":"sl-SI"},{"@type":"WebPage","@id":"https:\/\/krkavolley.si\/site\/2019\/04\/16\/mlajsi-decki-nastopili-na-mednarodnem-turnirju\/","url":"https:\/\/krkavolley.si\/site\/2019\/04\/16\/mlajsi-decki-nastopili-na-mednarodnem-turnirju\/","name":"Mlaj\u0161i de\u010dki nastopili na 5. mednarodnem turnirju Pokala Savinjske doline | MOK Krka","isPartOf":{"@id":"https:\/\/krkavolley.si\/site\/#website"},"primaryImageOfPage":{"@id":"https:\/\/krkavolley.si\/site\/2019\/04\/16\/mlajsi-decki-nastopili-na-mednarodnem-turnirju\/#primaryimage"},"image":{"@id":"https:\/\/krkavolley.si\/site\/2019\/04\/16\/mlajsi-decki-nastopili-na-mednarodnem-turnirju\/#primaryimage"},"thumbnailUrl":"https:\/\/krkavolley.si\/site\/wp-content\/uploads\/2017\/05\/zoga1.jpg","datePublished":"2019-04-16T16:45:35+00:00","dateModified":"2019-04-16T16:49:31+00:00","description":"V soboto, 13. 4. 2019, so se mlaj\u0161i de\u010dki MOK Krka v Braslov\u010dah udele\u017eili 5. mednarodnega turnirja za Pokal Savinjske doline v mali odbojki.","breadcrumb":{"@id":"https:\/\/krkavolley.si\/site\/2019\/04\/16\/mlajsi-decki-nastopili-na-mednarodnem-turnirju\/#breadcrumb"},"inLanguage":"sl-SI","potentialAction":[{"@type":"ReadAction","target":["https:\/\/krkavolley.si\/site\/2019\/04\/16\/mlajsi-decki-nastopili-na-mednarodnem-turnirju\/"]}]},{"@type":"ImageObject","inLanguage":"sl-SI","@id":"https:\/\/krkavolley.si\/site\/2019\/04\/16\/mlajsi-decki-nastopili-na-mednarodnem-turnirju\/#primaryimage","url":"https:\/\/krkavolley.si\/site\/wp-content\/uploads\/2017\/05\/zoga1.jpg","contentUrl":"https:\/\/krkavolley.si\/site\/wp-content\/uploads\/2017\/05\/zoga1.jpg","width":500,"height":300},{"@type":"BreadcrumbList","@id":"https:\/\/krkavolley.si\/site\/2019\/04\/16\/mlajsi-decki-nastopili-na-mednarodnem-turnirju\/#breadcrumb","itemListElement":[{"@type":"ListItem","position":1,"name":"Home","item":"https:\/\/krkavolley.si\/site\/"},{"@type":"ListItem","position":2,"name":"Mlaj\u0161i de\u010dki nastopili na mednarodnem turnirju"}]},{"@type":"WebSite","@id":"https:\/\/krkavolley.si\/site\/#website","url":"https:\/\/krkavolley.si\/site\/","name":"Mo\u0161ki odbojkarski klub Krka","description":"Novo mesto","publisher":{"@id":"https:\/\/krkavolley.si\/site\/#organization"},"potentialAction":[{"@type":"SearchAction","target":{"@type":"EntryPoint","urlTemplate":"https:\/\/krkavolley.si\/site\/?s={search_term_string}"},"query-input":{"@type":"PropertyValueSpecification","valueRequired":true,"valueName":"search_term_string"}}],"inLanguage":"sl-SI"},{"@type":"Organization","@id":"https:\/\/krkavolley.si\/site\/#organization","name":"Mo\u0161ki odbojkarski klub Krka","url":"https:\/\/krkavolley.si\/site\/","logo":{"@type":"ImageObject","inLanguage":"sl-SI","@id":"https:\/\/krkavolley.si\/site\/#\/schema\/logo\/image\/","url":"https:\/\/krkavolley.si\/site\/wp-content\/uploads\/2017\/03\/mok_krka_squared.jpg","contentUrl":"https:\/\/krkavolley.si\/site\/wp-content\/uploads\/2017\/03\/mok_krka_squared.jpg","width":500,"height":500,"caption":"Mo\u0161ki odbojkarski klub Krka"},"image":{"@id":"https:\/\/krkavolley.si\/site\/#\/schema\/logo\/image\/"},"sameAs":["https:\/\/www.facebook.com\/krkavolley\/","https:\/\/www.youtube.com\/channel\/UC-9mw6XzAdOheQVW-nJxBDg"]},{"@type":"Person","@id":"https:\/\/krkavolley.si\/site\/#\/schema\/person\/534ee01c931f76708377719fa8dba01a","name":"mokkrka","image":{"@type":"ImageObject","inLanguage":"sl-SI","@id":"https:\/\/krkavolley.si\/site\/#\/schema\/person\/image\/","url":"https:\/\/secure.gravatar.com\/avatar\/47a045e234f1661f7ec6f2ebf50b4de78c561f36cd8df312c2474dc659604592?s=96&d=mm&r=g","contentUrl":"https:\/\/secure.gravatar.com\/avatar\/47a045e234f1661f7ec6f2ebf50b4de78c561f36cd8df312c2474dc659604592?s=96&d=mm&r=g","caption":"mokkrka"},"url":"https:\/\/krkavolley.si\/site\/author\/mokkrka\/"}]}},"_links":{"self":[{"href":"https:\/\/krkavolley.si\/site\/wp-json\/wp\/v2\/posts\/6709","targetHints":{"allow":["GET"]}}],"collection":[{"href":"https:\/\/krkavolley.si\/site\/wp-json\/wp\/v2\/posts"}],"about":[{"href":"https:\/\/krkavolley.si\/site\/wp-json\/wp\/v2\/types\/post"}],"author":[{"embeddable":true,"href":"https:\/\/krkavolley.si\/site\/wp-json\/wp\/v2\/users\/1"}],"replies":[{"embeddable":true,"href":"https:\/\/krkavolley.si\/site\/wp-json\/wp\/v2\/comments?post=6709"}],"version-history":[{"count":2,"href":"https:\/\/krkavolley.si\/site\/wp-json\/wp\/v2\/posts\/6709\/revisions"}],"predecessor-version":[{"id":6711,"href":"https:\/\/krkavolley.si\/site\/wp-json\/wp\/v2\/posts\/6709\/revisions\/6711"}],"wp:featuredmedia":[{"embeddable":true,"href":"https:\/\/krkavolley.si\/site\/wp-json\/wp\/v2\/media\/5354"}],"wp:attachment":[{"href":"https:\/\/krkavolley.si\/site\/wp-json\/wp\/v2\/media?parent=6709"}],"wp:term":[{"taxonomy":"category","embeddable":true,"href":"https:\/\/krkavolley.si\/site\/wp-json\/wp\/v2\/categories?post=6709"},{"taxonomy":"post_tag","embeddable":true,"href":"https:\/\/krkavolley.si\/site\/wp-json\/wp\/v2\/tags?post=6709"}],"curies":[{"name":"wp","href":"https:\/\/api.w.org\/{rel}","templated":true}]}}