{"id":7066,"date":"2019-11-25T20:44:10","date_gmt":"2019-11-25T19:44:10","guid":{"rendered":"https:\/\/krkavolley.si\/site\/?p=7066"},"modified":"2019-11-25T20:44:12","modified_gmt":"2019-11-25T19:44:12","slug":"starejsi-decki-z-bledo-predstavo-do-stirih-tock","status":"publish","type":"post","link":"https:\/\/krkavolley.si\/site\/2019\/11\/25\/starejsi-decki-z-bledo-predstavo-do-stirih-tock\/","title":{"rendered":"Starej\u0161i de\u010dki z bledo predstavo do \u0161tirih to\u010dk"},"content":{"rendered":"\n<p>Zasedba starej\u0161ih de\u010dkov MOK Krke je na 3. turnirju skupine B v sklopu kvalifikacij za 1. ligo v doma\u010di telovadnici O\u0160 Br\u0161ljin premagala vrstnike iz \u017dirovnice z 2:0 v nizih. Gostje iz \u017dirovnice so se odlikovali z zavzeto in borbeno igro. \u017dal sta ti dve odliki izostali v doma\u010di ekipi Krke, kar se je mo\u010dno poznalo na velikem \u0161tevilu neizsiljenih napak v napadu, za\u010detnih udarcih ter sprejemanju servisov. Napake igralcev Krke so bile na \u017ealost doma\u010dih navija\u010dev prisotne celotno tekmo tako, da se navija\u010di niti ogreti niso mogli za kaj ve\u010d, kot za novembersko ti\u0161ino. \u0160e posebej v 2. nizu je bilo napak zelo veliko, ko so igralci, ki so stopili na \u00bbparket\u00ab,  Jak\u0161e, Kokalj, Rado\u0161, Kastelic, \u0160u\u0161tari\u010d, Ho\u010devar Nahtigal, Laknar in Kokalj, pomlajeni ekipi \u017dirovnice prepustili skoraj niz, ki se je s pomo\u010djo mre\u017ee kon\u010dal po sre\u010dno izvedenem servisu Alja\u017ea Vidica s 25:22 za Krko. Pri doma\u010dih se je najbolj izkazal kapetan Erazem Jak\u0161e.  <\/p>\n\n\n\n<p>Prikazana igra doma\u010dih igralcev, nepotrebni izgovori posameznikov za slab\u0161o predstavo in nespo\u0161tljiv odnos do popravljanja lastnih neizsiljenih napak ve\u010dine igralcev \u0161e ne obeta morebitnega preboja v prvoliga\u0161ko konkurenco in kasneje enakovredne boje z ekipami 1. lige!  <\/p>\n\n\n\n<p>Preostali\nto\u010dki je Krka dobila na ra\u010dun nepopolne ekipe Kostanjevice na Krki,\nki je v Novo mesto pripotovala le z enim igralcem in spremstvom\nnjegovega trenerja.<\/p>\n\n\n\n<p>V\npreostalem sre\u010danju so Brezov\u010dani ugnali \u017dirovnico v dveh nizih.<\/p>\n\n\n\n<p>Podrobnej\u0161i podatki o rezultatih so dosegljivi na tej povezavi: <a href=\"http:\/\/www.odbojka.si\/index.php?podst=3485790021866529791\">http:\/\/www.odbojka.si\/index.php?podst=3485790021866529791<\/a><\/p>\n\n\n\n<p>\nMOK<\/p>\n","protected":false},"excerpt":{"rendered":"<p>Zasedba starej\u0161ih de\u010dkov MOK Krke je na 3. turnirju skupine B v sklopu kvalifikacij za 1. ligo v doma\u010di telovadnici O\u0160 Br\u0161ljin premagala vrstnike iz \u017dirovnice z 2:0 v nizih.&hellip; <\/p>\n<p class=\"chuchadon-read-more\"><a href=\"https:\/\/krkavolley.si\/site\/2019\/11\/25\/starejsi-decki-z-bledo-predstavo-do-stirih-tock\/\" class=\"more-link\">Beri dalje&#8230;<\/a><\/p>\n","protected":false},"author":1,"featured_media":7022,"comment_status":"closed","ping_status":"closed","sticky":false,"template":"","format":"standard","meta":{"footnotes":""},"categories":[200,137],"tags":[138],"class_list":["post-7066","post","type-post","status-publish","format-standard","has-post-thumbnail","category-2019-2020","category-starejsi-decki","tag-brsljin","entry"],"yoast_head":"<!-- This site is optimized with the Yoast SEO plugin v26.6 - https:\/\/yoast.com\/wordpress\/plugins\/seo\/ -->\n<title>Starej\u0161i de\u010dki z bledo predstavo do \u0161tirih to\u010dk - Mo\u0161ki odbojkarski klub Krka<\/title>\n<meta name=\"robots\" content=\"index, follow, max-snippet:-1, max-image-preview:large, max-video-preview:-1\" \/>\n<link rel=\"canonical\" href=\"https:\/\/krkavolley.si\/site\/2019\/11\/25\/starejsi-decki-z-bledo-predstavo-do-stirih-tock\/\" \/>\n<meta property=\"og:locale\" content=\"sl_SI\" \/>\n<meta property=\"og:type\" content=\"article\" \/>\n<meta property=\"og:title\" content=\"Starej\u0161i de\u010dki z bledo predstavo do \u0161tirih to\u010dk - Mo\u0161ki odbojkarski klub Krka\" \/>\n<meta property=\"og:description\" content=\"Zasedba starej\u0161ih de\u010dkov MOK Krke je na 3. turnirju skupine B v sklopu kvalifikacij za 1. ligo v doma\u010di telovadnici O\u0160 Br\u0161ljin premagala vrstnike iz \u017dirovnice z 2:0 v nizih.&hellip; Beri dalje...\" \/>\n<meta property=\"og:url\" content=\"https:\/\/krkavolley.si\/site\/2019\/11\/25\/starejsi-decki-z-bledo-predstavo-do-stirih-tock\/\" \/>\n<meta property=\"og:site_name\" content=\"Mo\u0161ki odbojkarski klub Krka\" \/>\n<meta property=\"article:publisher\" content=\"https:\/\/www.facebook.com\/krkavolley\/\" \/>\n<meta property=\"article:published_time\" content=\"2019-11-25T19:44:10+00:00\" \/>\n<meta property=\"article:modified_time\" content=\"2019-11-25T19:44:12+00:00\" \/>\n<meta property=\"og:image\" content=\"https:\/\/krkavolley.si\/site\/wp-content\/uploads\/2019\/11\/zoga800x480.jpg\" \/>\n\t<meta property=\"og:image:width\" content=\"800\" \/>\n\t<meta property=\"og:image:height\" content=\"480\" \/>\n\t<meta property=\"og:image:type\" content=\"image\/jpeg\" \/>\n<meta name=\"author\" content=\"mokkrka\" \/>\n<meta name=\"twitter:card\" content=\"summary_large_image\" \/>\n<meta name=\"twitter:label1\" content=\"Written by\" \/>\n\t<meta name=\"twitter:data1\" content=\"mokkrka\" \/>\n\t<meta name=\"twitter:label2\" content=\"Est. reading time\" \/>\n\t<meta name=\"twitter:data2\" content=\"1 minuta\" \/>\n<script type=\"application\/ld+json\" class=\"yoast-schema-graph\">{\"@context\":\"https:\/\/schema.org\",\"@graph\":[{\"@type\":\"Article\",\"@id\":\"https:\/\/krkavolley.si\/site\/2019\/11\/25\/starejsi-decki-z-bledo-predstavo-do-stirih-tock\/#article\",\"isPartOf\":{\"@id\":\"https:\/\/krkavolley.si\/site\/2019\/11\/25\/starejsi-decki-z-bledo-predstavo-do-stirih-tock\/\"},\"author\":{\"name\":\"mokkrka\",\"@id\":\"https:\/\/krkavolley.si\/site\/#\/schema\/person\/534ee01c931f76708377719fa8dba01a\"},\"headline\":\"Starej\u0161i de\u010dki z bledo predstavo do \u0161tirih to\u010dk\",\"datePublished\":\"2019-11-25T19:44:10+00:00\",\"dateModified\":\"2019-11-25T19:44:12+00:00\",\"mainEntityOfPage\":{\"@id\":\"https:\/\/krkavolley.si\/site\/2019\/11\/25\/starejsi-decki-z-bledo-predstavo-do-stirih-tock\/\"},\"wordCount\":280,\"publisher\":{\"@id\":\"https:\/\/krkavolley.si\/site\/#organization\"},\"image\":{\"@id\":\"https:\/\/krkavolley.si\/site\/2019\/11\/25\/starejsi-decki-z-bledo-predstavo-do-stirih-tock\/#primaryimage\"},\"thumbnailUrl\":\"https:\/\/krkavolley.si\/site\/wp-content\/uploads\/2019\/11\/zoga800x480.jpg\",\"keywords\":[\"br\u0161ljin\"],\"articleSection\":[\"2019\/2020\",\"starej\u0161i de\u010dki\"],\"inLanguage\":\"sl-SI\"},{\"@type\":\"WebPage\",\"@id\":\"https:\/\/krkavolley.si\/site\/2019\/11\/25\/starejsi-decki-z-bledo-predstavo-do-stirih-tock\/\",\"url\":\"https:\/\/krkavolley.si\/site\/2019\/11\/25\/starejsi-decki-z-bledo-predstavo-do-stirih-tock\/\",\"name\":\"Starej\u0161i de\u010dki z bledo predstavo do \u0161tirih to\u010dk - Mo\u0161ki odbojkarski klub Krka\",\"isPartOf\":{\"@id\":\"https:\/\/krkavolley.si\/site\/#website\"},\"primaryImageOfPage\":{\"@id\":\"https:\/\/krkavolley.si\/site\/2019\/11\/25\/starejsi-decki-z-bledo-predstavo-do-stirih-tock\/#primaryimage\"},\"image\":{\"@id\":\"https:\/\/krkavolley.si\/site\/2019\/11\/25\/starejsi-decki-z-bledo-predstavo-do-stirih-tock\/#primaryimage\"},\"thumbnailUrl\":\"https:\/\/krkavolley.si\/site\/wp-content\/uploads\/2019\/11\/zoga800x480.jpg\",\"datePublished\":\"2019-11-25T19:44:10+00:00\",\"dateModified\":\"2019-11-25T19:44:12+00:00\",\"breadcrumb\":{\"@id\":\"https:\/\/krkavolley.si\/site\/2019\/11\/25\/starejsi-decki-z-bledo-predstavo-do-stirih-tock\/#breadcrumb\"},\"inLanguage\":\"sl-SI\",\"potentialAction\":[{\"@type\":\"ReadAction\",\"target\":[\"https:\/\/krkavolley.si\/site\/2019\/11\/25\/starejsi-decki-z-bledo-predstavo-do-stirih-tock\/\"]}]},{\"@type\":\"ImageObject\",\"inLanguage\":\"sl-SI\",\"@id\":\"https:\/\/krkavolley.si\/site\/2019\/11\/25\/starejsi-decki-z-bledo-predstavo-do-stirih-tock\/#primaryimage\",\"url\":\"https:\/\/krkavolley.si\/site\/wp-content\/uploads\/2019\/11\/zoga800x480.jpg\",\"contentUrl\":\"https:\/\/krkavolley.si\/site\/wp-content\/uploads\/2019\/11\/zoga800x480.jpg\",\"width\":800,\"height\":480},{\"@type\":\"BreadcrumbList\",\"@id\":\"https:\/\/krkavolley.si\/site\/2019\/11\/25\/starejsi-decki-z-bledo-predstavo-do-stirih-tock\/#breadcrumb\",\"itemListElement\":[{\"@type\":\"ListItem\",\"position\":1,\"name\":\"Home\",\"item\":\"https:\/\/krkavolley.si\/site\/\"},{\"@type\":\"ListItem\",\"position\":2,\"name\":\"Starej\u0161i de\u010dki z bledo predstavo do \u0161tirih to\u010dk\"}]},{\"@type\":\"WebSite\",\"@id\":\"https:\/\/krkavolley.si\/site\/#website\",\"url\":\"https:\/\/krkavolley.si\/site\/\",\"name\":\"Mo\u0161ki odbojkarski klub Krka\",\"description\":\"Novo mesto\",\"publisher\":{\"@id\":\"https:\/\/krkavolley.si\/site\/#organization\"},\"potentialAction\":[{\"@type\":\"SearchAction\",\"target\":{\"@type\":\"EntryPoint\",\"urlTemplate\":\"https:\/\/krkavolley.si\/site\/?s={search_term_string}\"},\"query-input\":{\"@type\":\"PropertyValueSpecification\",\"valueRequired\":true,\"valueName\":\"search_term_string\"}}],\"inLanguage\":\"sl-SI\"},{\"@type\":\"Organization\",\"@id\":\"https:\/\/krkavolley.si\/site\/#organization\",\"name\":\"Mo\u0161ki odbojkarski klub Krka\",\"url\":\"https:\/\/krkavolley.si\/site\/\",\"logo\":{\"@type\":\"ImageObject\",\"inLanguage\":\"sl-SI\",\"@id\":\"https:\/\/krkavolley.si\/site\/#\/schema\/logo\/image\/\",\"url\":\"https:\/\/krkavolley.si\/site\/wp-content\/uploads\/2017\/03\/mok_krka_squared.jpg\",\"contentUrl\":\"https:\/\/krkavolley.si\/site\/wp-content\/uploads\/2017\/03\/mok_krka_squared.jpg\",\"width\":500,\"height\":500,\"caption\":\"Mo\u0161ki odbojkarski klub Krka\"},\"image\":{\"@id\":\"https:\/\/krkavolley.si\/site\/#\/schema\/logo\/image\/\"},\"sameAs\":[\"https:\/\/www.facebook.com\/krkavolley\/\",\"https:\/\/www.youtube.com\/channel\/UC-9mw6XzAdOheQVW-nJxBDg\"]},{\"@type\":\"Person\",\"@id\":\"https:\/\/krkavolley.si\/site\/#\/schema\/person\/534ee01c931f76708377719fa8dba01a\",\"name\":\"mokkrka\",\"image\":{\"@type\":\"ImageObject\",\"inLanguage\":\"sl-SI\",\"@id\":\"https:\/\/krkavolley.si\/site\/#\/schema\/person\/image\/\",\"url\":\"https:\/\/secure.gravatar.com\/avatar\/47a045e234f1661f7ec6f2ebf50b4de78c561f36cd8df312c2474dc659604592?s=96&d=mm&r=g\",\"contentUrl\":\"https:\/\/secure.gravatar.com\/avatar\/47a045e234f1661f7ec6f2ebf50b4de78c561f36cd8df312c2474dc659604592?s=96&d=mm&r=g\",\"caption\":\"mokkrka\"},\"url\":\"https:\/\/krkavolley.si\/site\/author\/mokkrka\/\"}]}<\/script>\n<!-- \/ Yoast SEO plugin. -->","yoast_head_json":{"title":"Starej\u0161i de\u010dki z bledo predstavo do \u0161tirih to\u010dk - Mo\u0161ki odbojkarski klub Krka","robots":{"index":"index","follow":"follow","max-snippet":"max-snippet:-1","max-image-preview":"max-image-preview:large","max-video-preview":"max-video-preview:-1"},"canonical":"https:\/\/krkavolley.si\/site\/2019\/11\/25\/starejsi-decki-z-bledo-predstavo-do-stirih-tock\/","og_locale":"sl_SI","og_type":"article","og_title":"Starej\u0161i de\u010dki z bledo predstavo do \u0161tirih to\u010dk - Mo\u0161ki odbojkarski klub Krka","og_description":"Zasedba starej\u0161ih de\u010dkov MOK Krke je na 3. turnirju skupine B v sklopu kvalifikacij za 1. ligo v doma\u010di telovadnici O\u0160 Br\u0161ljin premagala vrstnike iz \u017dirovnice z 2:0 v nizih.&hellip; Beri dalje...","og_url":"https:\/\/krkavolley.si\/site\/2019\/11\/25\/starejsi-decki-z-bledo-predstavo-do-stirih-tock\/","og_site_name":"Mo\u0161ki odbojkarski klub Krka","article_publisher":"https:\/\/www.facebook.com\/krkavolley\/","article_published_time":"2019-11-25T19:44:10+00:00","article_modified_time":"2019-11-25T19:44:12+00:00","og_image":[{"width":800,"height":480,"url":"https:\/\/krkavolley.si\/site\/wp-content\/uploads\/2019\/11\/zoga800x480.jpg","type":"image\/jpeg"}],"author":"mokkrka","twitter_card":"summary_large_image","twitter_misc":{"Written by":"mokkrka","Est. reading time":"1 minuta"},"schema":{"@context":"https:\/\/schema.org","@graph":[{"@type":"Article","@id":"https:\/\/krkavolley.si\/site\/2019\/11\/25\/starejsi-decki-z-bledo-predstavo-do-stirih-tock\/#article","isPartOf":{"@id":"https:\/\/krkavolley.si\/site\/2019\/11\/25\/starejsi-decki-z-bledo-predstavo-do-stirih-tock\/"},"author":{"name":"mokkrka","@id":"https:\/\/krkavolley.si\/site\/#\/schema\/person\/534ee01c931f76708377719fa8dba01a"},"headline":"Starej\u0161i de\u010dki z bledo predstavo do \u0161tirih to\u010dk","datePublished":"2019-11-25T19:44:10+00:00","dateModified":"2019-11-25T19:44:12+00:00","mainEntityOfPage":{"@id":"https:\/\/krkavolley.si\/site\/2019\/11\/25\/starejsi-decki-z-bledo-predstavo-do-stirih-tock\/"},"wordCount":280,"publisher":{"@id":"https:\/\/krkavolley.si\/site\/#organization"},"image":{"@id":"https:\/\/krkavolley.si\/site\/2019\/11\/25\/starejsi-decki-z-bledo-predstavo-do-stirih-tock\/#primaryimage"},"thumbnailUrl":"https:\/\/krkavolley.si\/site\/wp-content\/uploads\/2019\/11\/zoga800x480.jpg","keywords":["br\u0161ljin"],"articleSection":["2019\/2020","starej\u0161i de\u010dki"],"inLanguage":"sl-SI"},{"@type":"WebPage","@id":"https:\/\/krkavolley.si\/site\/2019\/11\/25\/starejsi-decki-z-bledo-predstavo-do-stirih-tock\/","url":"https:\/\/krkavolley.si\/site\/2019\/11\/25\/starejsi-decki-z-bledo-predstavo-do-stirih-tock\/","name":"Starej\u0161i de\u010dki z bledo predstavo do \u0161tirih to\u010dk - Mo\u0161ki odbojkarski klub Krka","isPartOf":{"@id":"https:\/\/krkavolley.si\/site\/#website"},"primaryImageOfPage":{"@id":"https:\/\/krkavolley.si\/site\/2019\/11\/25\/starejsi-decki-z-bledo-predstavo-do-stirih-tock\/#primaryimage"},"image":{"@id":"https:\/\/krkavolley.si\/site\/2019\/11\/25\/starejsi-decki-z-bledo-predstavo-do-stirih-tock\/#primaryimage"},"thumbnailUrl":"https:\/\/krkavolley.si\/site\/wp-content\/uploads\/2019\/11\/zoga800x480.jpg","datePublished":"2019-11-25T19:44:10+00:00","dateModified":"2019-11-25T19:44:12+00:00","breadcrumb":{"@id":"https:\/\/krkavolley.si\/site\/2019\/11\/25\/starejsi-decki-z-bledo-predstavo-do-stirih-tock\/#breadcrumb"},"inLanguage":"sl-SI","potentialAction":[{"@type":"ReadAction","target":["https:\/\/krkavolley.si\/site\/2019\/11\/25\/starejsi-decki-z-bledo-predstavo-do-stirih-tock\/"]}]},{"@type":"ImageObject","inLanguage":"sl-SI","@id":"https:\/\/krkavolley.si\/site\/2019\/11\/25\/starejsi-decki-z-bledo-predstavo-do-stirih-tock\/#primaryimage","url":"https:\/\/krkavolley.si\/site\/wp-content\/uploads\/2019\/11\/zoga800x480.jpg","contentUrl":"https:\/\/krkavolley.si\/site\/wp-content\/uploads\/2019\/11\/zoga800x480.jpg","width":800,"height":480},{"@type":"BreadcrumbList","@id":"https:\/\/krkavolley.si\/site\/2019\/11\/25\/starejsi-decki-z-bledo-predstavo-do-stirih-tock\/#breadcrumb","itemListElement":[{"@type":"ListItem","position":1,"name":"Home","item":"https:\/\/krkavolley.si\/site\/"},{"@type":"ListItem","position":2,"name":"Starej\u0161i de\u010dki z bledo predstavo do \u0161tirih to\u010dk"}]},{"@type":"WebSite","@id":"https:\/\/krkavolley.si\/site\/#website","url":"https:\/\/krkavolley.si\/site\/","name":"Mo\u0161ki odbojkarski klub Krka","description":"Novo mesto","publisher":{"@id":"https:\/\/krkavolley.si\/site\/#organization"},"potentialAction":[{"@type":"SearchAction","target":{"@type":"EntryPoint","urlTemplate":"https:\/\/krkavolley.si\/site\/?s={search_term_string}"},"query-input":{"@type":"PropertyValueSpecification","valueRequired":true,"valueName":"search_term_string"}}],"inLanguage":"sl-SI"},{"@type":"Organization","@id":"https:\/\/krkavolley.si\/site\/#organization","name":"Mo\u0161ki odbojkarski klub Krka","url":"https:\/\/krkavolley.si\/site\/","logo":{"@type":"ImageObject","inLanguage":"sl-SI","@id":"https:\/\/krkavolley.si\/site\/#\/schema\/logo\/image\/","url":"https:\/\/krkavolley.si\/site\/wp-content\/uploads\/2017\/03\/mok_krka_squared.jpg","contentUrl":"https:\/\/krkavolley.si\/site\/wp-content\/uploads\/2017\/03\/mok_krka_squared.jpg","width":500,"height":500,"caption":"Mo\u0161ki odbojkarski klub Krka"},"image":{"@id":"https:\/\/krkavolley.si\/site\/#\/schema\/logo\/image\/"},"sameAs":["https:\/\/www.facebook.com\/krkavolley\/","https:\/\/www.youtube.com\/channel\/UC-9mw6XzAdOheQVW-nJxBDg"]},{"@type":"Person","@id":"https:\/\/krkavolley.si\/site\/#\/schema\/person\/534ee01c931f76708377719fa8dba01a","name":"mokkrka","image":{"@type":"ImageObject","inLanguage":"sl-SI","@id":"https:\/\/krkavolley.si\/site\/#\/schema\/person\/image\/","url":"https:\/\/secure.gravatar.com\/avatar\/47a045e234f1661f7ec6f2ebf50b4de78c561f36cd8df312c2474dc659604592?s=96&d=mm&r=g","contentUrl":"https:\/\/secure.gravatar.com\/avatar\/47a045e234f1661f7ec6f2ebf50b4de78c561f36cd8df312c2474dc659604592?s=96&d=mm&r=g","caption":"mokkrka"},"url":"https:\/\/krkavolley.si\/site\/author\/mokkrka\/"}]}},"_links":{"self":[{"href":"https:\/\/krkavolley.si\/site\/wp-json\/wp\/v2\/posts\/7066","targetHints":{"allow":["GET"]}}],"collection":[{"href":"https:\/\/krkavolley.si\/site\/wp-json\/wp\/v2\/posts"}],"about":[{"href":"https:\/\/krkavolley.si\/site\/wp-json\/wp\/v2\/types\/post"}],"author":[{"embeddable":true,"href":"https:\/\/krkavolley.si\/site\/wp-json\/wp\/v2\/users\/1"}],"replies":[{"embeddable":true,"href":"https:\/\/krkavolley.si\/site\/wp-json\/wp\/v2\/comments?post=7066"}],"version-history":[{"count":1,"href":"https:\/\/krkavolley.si\/site\/wp-json\/wp\/v2\/posts\/7066\/revisions"}],"predecessor-version":[{"id":7067,"href":"https:\/\/krkavolley.si\/site\/wp-json\/wp\/v2\/posts\/7066\/revisions\/7067"}],"wp:featuredmedia":[{"embeddable":true,"href":"https:\/\/krkavolley.si\/site\/wp-json\/wp\/v2\/media\/7022"}],"wp:attachment":[{"href":"https:\/\/krkavolley.si\/site\/wp-json\/wp\/v2\/media?parent=7066"}],"wp:term":[{"taxonomy":"category","embeddable":true,"href":"https:\/\/krkavolley.si\/site\/wp-json\/wp\/v2\/categories?post=7066"},{"taxonomy":"post_tag","embeddable":true,"href":"https:\/\/krkavolley.si\/site\/wp-json\/wp\/v2\/tags?post=7066"}],"curies":[{"name":"wp","href":"https:\/\/api.w.org\/{rel}","templated":true}]}}