{"id":8680,"date":"2022-05-08T10:58:55","date_gmt":"2022-05-08T08:58:55","guid":{"rendered":"https:\/\/krkavolley.si\/site\/?p=8680"},"modified":"2022-05-08T10:58:57","modified_gmt":"2022-05-08T08:58:57","slug":"mladinci-iz-brezna-med-top-8","status":"publish","type":"post","link":"https:\/\/krkavolley.si\/site\/2022\/05\/08\/mladinci-iz-brezna-med-top-8\/","title":{"rendered":"Mladinci iz brezna med najbolj\u0161ih 8 v dr\u017eavi"},"content":{"rendered":"\n<p>Mladinska ekipa je v nedeljo 23. aprila v \u0160empetru odigrala dodatni turnir za uvrstitev med najbolj\u0161ih 8 ekip prvenstva. Ekipi ni kazalo najbolje, toda ko je bilo najbolj potrebno, se je fantom odprlo, pokazali so pravi karakter in stopili skupaj za napredovanje. Krka\u0161i so sprva vpisali poraz proti \u017du\u017eemberku z 0:2, nato pa poskrbeli za dve zmagi &#8211; z 2:1 so ugnali Brezovico in nato v ponovni tekmi \u0161e \u017du\u017eemberk.<\/p>\n\n\n\n<p>Na turnirju sta nastopili 1. in 2. uvr\u0161\u010deni ekipi iz druge lige (\u0160empeter in \u017du\u017eemberk), ter 7. in 8. uvr\u0161\u010deni ekipi iz prve lige (Krka in Brezovica).<\/p>\n\n\n\n<p>V prvi tekmi med \u0160empetrom in Brezovico je bilo mo\u010d spremljati izrazito premo\u010d \u0160empetra, ki je s svojimi mladinskimi reprezentanti na \u010delu (Krka\u0161i so prav \u0160empeter izlo\u010dili v kvalifikacijah za prvo ligo) gladko odpravil kadetsko ekipo Brezovice z 2:0 v nizih. <\/p>\n\n\n\n<p>V drugi tekmi sta se pomerila Krka in \u017du\u017eemberk. Mladim Krka\u0161em igra nikakor ni stekla. Napake so se vrstila ena za drugo, od slabega sprejema, do napak v napadu in neu\u010dinkovitega za\u010detnega udarca. Nasprotnik kova \u017du\u017eemberk je medle servise z lahkoto sprejemal in s pridom izkori\u0161\u010dal ter uspe\u0161no iskal luknje v bloku in obrambi Krke, katerih ni bilo malo. Kon\u010dni rezultat niti ni bil tako slab, kot je izgledalo na prvi pogled, pa vendar je bilo jasno, da so novome\u0161ki fantje odigrali dale\u010d pod svojimi sposobnostmi. \u017du\u017eemberk je tekmo dobil z 2:0 (25:21, 25:21).<\/p>\n\n\n\n<figure class=\"wp-block-image size-large\"><img loading=\"lazy\" decoding=\"async\" width=\"1024\" height=\"711\" src=\"https:\/\/krkavolley.si\/site\/wp-content\/uploads\/2022\/05\/mlad1-1024x711.jpg\" alt=\"\" class=\"wp-image-8683\" srcset=\"https:\/\/krkavolley.si\/site\/wp-content\/uploads\/2022\/05\/mlad1-1024x711.jpg 1024w, https:\/\/krkavolley.si\/site\/wp-content\/uploads\/2022\/05\/mlad1-300x208.jpg 300w, https:\/\/krkavolley.si\/site\/wp-content\/uploads\/2022\/05\/mlad1-768x533.jpg 768w, https:\/\/krkavolley.si\/site\/wp-content\/uploads\/2022\/05\/mlad1.jpg 1200w\" sizes=\"auto, (max-width: 1024px) 100vw, 1024px\" \/><\/figure>\n\n\n\n<p>Nato sta se udarila zmagovalca prvih dveh tekem. \u0160empeter je hitro prevzel pobudo in v prvem nizu povsem povozil \u017du\u017eember\u010dane s 25:12. V drugem nizu je sledil padec koncentracije \u0160empetranov, kar so \u017du\u017eember\u010dani za\u010deli pridno izkori\u0161\u010dati. Z zanesljivo igro, brez ve\u010djih nihanj in obremenjevanj so vse do konca niza pretili gostiteljem, a v hudi borbi je zmaga le pripadla doma\u010dinom (28:26).<\/p>\n\n\n\n<p>Sledil je obra\u010dun med pora\u017eencema prvih dveh tekem, med Krko in Brezovico. Krka\u0161i so sicer v leto\u0161nji sezoni dvakrat prepri\u010dljivo premagali tekmeca, toda \u0161lo za popolnoma nov turnir in druga\u010dno zgodbo. Varovanci Luke Brulca so \u0161e naprej igrali v nerazumljivem kr\u010du, kot da bi si po nepotrebnem na ramena nalo\u017eili preveliko breme. Brezovica je niz dobila kar s 25:14.<\/p>\n\n\n\n<p>Tudi v drugem nizu sprva ni bilo prepri\u010dljivosti v igri Krke, a okoli petnajste to\u010dke se je zasukalo. Fantje so se sprostili in za\u010deli igrati prakti\u010dno brez napak, kar je rezultiralo v dobljenem nizu (25:17). Dobljeni niz je ekipi vlil novega optimizma in energije. Tretjega so sicer bolje odprli Brezov\u010dani, toda novome\u0161ki fantje so se ujeli, energija in povezanost ekipe je za\u010dela delovati, kar je zado\u0161\u010dalo za tesno zmago s 15:13.<\/p>\n\n\n\n<figure class=\"wp-block-image size-large\"><img loading=\"lazy\" decoding=\"async\" width=\"1024\" height=\"683\" src=\"https:\/\/krkavolley.si\/site\/wp-content\/uploads\/2022\/05\/mlad2prik-1024x683.jpg\" alt=\"\" class=\"wp-image-8682\" srcset=\"https:\/\/krkavolley.si\/site\/wp-content\/uploads\/2022\/05\/mlad2prik-1024x683.jpg 1024w, https:\/\/krkavolley.si\/site\/wp-content\/uploads\/2022\/05\/mlad2prik-300x200.jpg 300w, https:\/\/krkavolley.si\/site\/wp-content\/uploads\/2022\/05\/mlad2prik-768x512.jpg 768w, https:\/\/krkavolley.si\/site\/wp-content\/uploads\/2022\/05\/mlad2prik.jpg 1200w\" sizes=\"auto, (max-width: 1024px) 100vw, 1024px\" \/><\/figure>\n\n\n\n<p>Fantom je to energijo uspelo prenesti tudi na zadnjo, peto tekmo turnirja proti \u017du\u017eemberku. Znova so odlo\u010dale malenkosti in v kon\u010dnici prvega niza so \u0161le v prid Krke (28:26). Raven igre je bila vse vi\u0161ja, tako na eni kot na drugi strani. Kon\u010dnico drugega niza so bolje odigrali \u017du\u017eember\u010dani in tekmo poslali v tretji niz (22:25).<\/p>\n\n\n\n<p>V peti niz so bolje krenili \u017du\u017eember\u010dani, hitro povedli s 6:2 in imeli celo napad za 5 to\u010dk prednosti, a v pravem momentu so se predramili Krka\u0161i. Ta to\u010dka je fantom dala novega zagona, zaostanek so postopoma manj\u0161ali in na koncu zaslu\u017eeno slavili s 15:12 za uvrstitev v TOP 8 mladincev v dr\u017eavi. <\/p>\n\n\n\n<p><strong>Luka Brulec:<\/strong> &#8220;Uvrstitev med TOP 8 smo si zaslu\u017eili, ampak na malo le\u0161i na\u010din. Zahvalil bi se TPV Volleyu (Kre\u0161o in Gagi) za posojo kombija ter navija\u010dem s tribun.&#8221;<\/p>\n\n\n\n<div class=\"wp-block-image\"><figure class=\"aligncenter size-full\"><img loading=\"lazy\" decoding=\"async\" width=\"916\" height=\"575\" src=\"https:\/\/krkavolley.si\/site\/wp-content\/uploads\/2022\/05\/image.png\" alt=\"\" class=\"wp-image-8681\" srcset=\"https:\/\/krkavolley.si\/site\/wp-content\/uploads\/2022\/05\/image.png 916w, https:\/\/krkavolley.si\/site\/wp-content\/uploads\/2022\/05\/image-300x188.png 300w, https:\/\/krkavolley.si\/site\/wp-content\/uploads\/2022\/05\/image-768x482.png 768w\" sizes=\"auto, (max-width: 916px) 100vw, 916px\" \/><\/figure><\/div>\n","protected":false},"excerpt":{"rendered":"<p>Mladinska ekipa je v nedeljo 23. aprila v \u0160empetru odigrala dodatni turnir za uvrstitev med najbolj\u0161ih 8 ekip prvenstva. Ekipi ni kazalo najbolje, toda ko je bilo najbolj potrebno, se&hellip; <\/p>\n<p class=\"chuchadon-read-more\"><a href=\"https:\/\/krkavolley.si\/site\/2022\/05\/08\/mladinci-iz-brezna-med-top-8\/\" class=\"more-link\">Beri dalje&#8230;<\/a><\/p>\n","protected":false},"author":1,"featured_media":8682,"comment_status":"closed","ping_status":"closed","sticky":false,"template":"","format":"standard","meta":{"footnotes":""},"categories":[286,293],"tags":[68,64],"class_list":["post-8680","post","type-post","status-publish","format-standard","has-post-thumbnail","category-2021-2022","category-mladinci","tag-mladinci","tag-sempeter","entry"],"yoast_head":"<!-- This site is optimized with the Yoast SEO plugin v26.6 - https:\/\/yoast.com\/wordpress\/plugins\/seo\/ -->\n<title>Mladinci iz brezna med najbolj\u0161ih 8 v dr\u017eavi - Mo\u0161ki odbojkarski klub Krka<\/title>\n<meta name=\"robots\" content=\"index, follow, max-snippet:-1, max-image-preview:large, max-video-preview:-1\" \/>\n<link rel=\"canonical\" href=\"https:\/\/krkavolley.si\/site\/2022\/05\/08\/mladinci-iz-brezna-med-top-8\/\" \/>\n<meta property=\"og:locale\" content=\"sl_SI\" \/>\n<meta property=\"og:type\" content=\"article\" \/>\n<meta property=\"og:title\" content=\"Mladinci iz brezna med najbolj\u0161ih 8 v dr\u017eavi - Mo\u0161ki odbojkarski klub Krka\" \/>\n<meta property=\"og:description\" content=\"Mladinska ekipa je v nedeljo 23. aprila v \u0160empetru odigrala dodatni turnir za uvrstitev med najbolj\u0161ih 8 ekip prvenstva. Ekipi ni kazalo najbolje, toda ko je bilo najbolj potrebno, se&hellip; Beri dalje...\" \/>\n<meta property=\"og:url\" content=\"https:\/\/krkavolley.si\/site\/2022\/05\/08\/mladinci-iz-brezna-med-top-8\/\" \/>\n<meta property=\"og:site_name\" content=\"Mo\u0161ki odbojkarski klub Krka\" \/>\n<meta property=\"article:publisher\" content=\"https:\/\/www.facebook.com\/krkavolley\/\" \/>\n<meta property=\"article:published_time\" content=\"2022-05-08T08:58:55+00:00\" \/>\n<meta property=\"article:modified_time\" content=\"2022-05-08T08:58:57+00:00\" \/>\n<meta property=\"og:image\" content=\"https:\/\/krkavolley.si\/site\/wp-content\/uploads\/2022\/05\/mlad2prik.jpg\" \/>\n\t<meta property=\"og:image:width\" content=\"1200\" \/>\n\t<meta property=\"og:image:height\" content=\"800\" \/>\n\t<meta property=\"og:image:type\" content=\"image\/jpeg\" \/>\n<meta name=\"author\" content=\"mokkrka\" \/>\n<meta name=\"twitter:card\" content=\"summary_large_image\" \/>\n<meta name=\"twitter:label1\" content=\"Written by\" \/>\n\t<meta name=\"twitter:data1\" content=\"mokkrka\" \/>\n\t<meta name=\"twitter:label2\" content=\"Est. reading time\" \/>\n\t<meta name=\"twitter:data2\" content=\"4 minute\" \/>\n<script type=\"application\/ld+json\" class=\"yoast-schema-graph\">{\"@context\":\"https:\/\/schema.org\",\"@graph\":[{\"@type\":\"Article\",\"@id\":\"https:\/\/krkavolley.si\/site\/2022\/05\/08\/mladinci-iz-brezna-med-top-8\/#article\",\"isPartOf\":{\"@id\":\"https:\/\/krkavolley.si\/site\/2022\/05\/08\/mladinci-iz-brezna-med-top-8\/\"},\"author\":{\"name\":\"mokkrka\",\"@id\":\"https:\/\/krkavolley.si\/site\/#\/schema\/person\/534ee01c931f76708377719fa8dba01a\"},\"headline\":\"Mladinci iz brezna med najbolj\u0161ih 8 v dr\u017eavi\",\"datePublished\":\"2022-05-08T08:58:55+00:00\",\"dateModified\":\"2022-05-08T08:58:57+00:00\",\"mainEntityOfPage\":{\"@id\":\"https:\/\/krkavolley.si\/site\/2022\/05\/08\/mladinci-iz-brezna-med-top-8\/\"},\"wordCount\":609,\"publisher\":{\"@id\":\"https:\/\/krkavolley.si\/site\/#organization\"},\"image\":{\"@id\":\"https:\/\/krkavolley.si\/site\/2022\/05\/08\/mladinci-iz-brezna-med-top-8\/#primaryimage\"},\"thumbnailUrl\":\"https:\/\/krkavolley.si\/site\/wp-content\/uploads\/2022\/05\/mlad2prik.jpg\",\"keywords\":[\"mladinci\",\"\u0161empeter\"],\"articleSection\":[\"2021\/2022\",\"mladinci\"],\"inLanguage\":\"sl-SI\"},{\"@type\":\"WebPage\",\"@id\":\"https:\/\/krkavolley.si\/site\/2022\/05\/08\/mladinci-iz-brezna-med-top-8\/\",\"url\":\"https:\/\/krkavolley.si\/site\/2022\/05\/08\/mladinci-iz-brezna-med-top-8\/\",\"name\":\"Mladinci iz brezna med najbolj\u0161ih 8 v dr\u017eavi - Mo\u0161ki odbojkarski klub Krka\",\"isPartOf\":{\"@id\":\"https:\/\/krkavolley.si\/site\/#website\"},\"primaryImageOfPage\":{\"@id\":\"https:\/\/krkavolley.si\/site\/2022\/05\/08\/mladinci-iz-brezna-med-top-8\/#primaryimage\"},\"image\":{\"@id\":\"https:\/\/krkavolley.si\/site\/2022\/05\/08\/mladinci-iz-brezna-med-top-8\/#primaryimage\"},\"thumbnailUrl\":\"https:\/\/krkavolley.si\/site\/wp-content\/uploads\/2022\/05\/mlad2prik.jpg\",\"datePublished\":\"2022-05-08T08:58:55+00:00\",\"dateModified\":\"2022-05-08T08:58:57+00:00\",\"breadcrumb\":{\"@id\":\"https:\/\/krkavolley.si\/site\/2022\/05\/08\/mladinci-iz-brezna-med-top-8\/#breadcrumb\"},\"inLanguage\":\"sl-SI\",\"potentialAction\":[{\"@type\":\"ReadAction\",\"target\":[\"https:\/\/krkavolley.si\/site\/2022\/05\/08\/mladinci-iz-brezna-med-top-8\/\"]}]},{\"@type\":\"ImageObject\",\"inLanguage\":\"sl-SI\",\"@id\":\"https:\/\/krkavolley.si\/site\/2022\/05\/08\/mladinci-iz-brezna-med-top-8\/#primaryimage\",\"url\":\"https:\/\/krkavolley.si\/site\/wp-content\/uploads\/2022\/05\/mlad2prik.jpg\",\"contentUrl\":\"https:\/\/krkavolley.si\/site\/wp-content\/uploads\/2022\/05\/mlad2prik.jpg\",\"width\":1200,\"height\":800},{\"@type\":\"BreadcrumbList\",\"@id\":\"https:\/\/krkavolley.si\/site\/2022\/05\/08\/mladinci-iz-brezna-med-top-8\/#breadcrumb\",\"itemListElement\":[{\"@type\":\"ListItem\",\"position\":1,\"name\":\"Home\",\"item\":\"https:\/\/krkavolley.si\/site\/\"},{\"@type\":\"ListItem\",\"position\":2,\"name\":\"Mladinci iz brezna med najbolj\u0161ih 8 v dr\u017eavi\"}]},{\"@type\":\"WebSite\",\"@id\":\"https:\/\/krkavolley.si\/site\/#website\",\"url\":\"https:\/\/krkavolley.si\/site\/\",\"name\":\"Mo\u0161ki odbojkarski klub Krka\",\"description\":\"Novo mesto\",\"publisher\":{\"@id\":\"https:\/\/krkavolley.si\/site\/#organization\"},\"potentialAction\":[{\"@type\":\"SearchAction\",\"target\":{\"@type\":\"EntryPoint\",\"urlTemplate\":\"https:\/\/krkavolley.si\/site\/?s={search_term_string}\"},\"query-input\":{\"@type\":\"PropertyValueSpecification\",\"valueRequired\":true,\"valueName\":\"search_term_string\"}}],\"inLanguage\":\"sl-SI\"},{\"@type\":\"Organization\",\"@id\":\"https:\/\/krkavolley.si\/site\/#organization\",\"name\":\"Mo\u0161ki odbojkarski klub Krka\",\"url\":\"https:\/\/krkavolley.si\/site\/\",\"logo\":{\"@type\":\"ImageObject\",\"inLanguage\":\"sl-SI\",\"@id\":\"https:\/\/krkavolley.si\/site\/#\/schema\/logo\/image\/\",\"url\":\"https:\/\/krkavolley.si\/site\/wp-content\/uploads\/2017\/03\/mok_krka_squared.jpg\",\"contentUrl\":\"https:\/\/krkavolley.si\/site\/wp-content\/uploads\/2017\/03\/mok_krka_squared.jpg\",\"width\":500,\"height\":500,\"caption\":\"Mo\u0161ki odbojkarski klub Krka\"},\"image\":{\"@id\":\"https:\/\/krkavolley.si\/site\/#\/schema\/logo\/image\/\"},\"sameAs\":[\"https:\/\/www.facebook.com\/krkavolley\/\",\"https:\/\/www.youtube.com\/channel\/UC-9mw6XzAdOheQVW-nJxBDg\"]},{\"@type\":\"Person\",\"@id\":\"https:\/\/krkavolley.si\/site\/#\/schema\/person\/534ee01c931f76708377719fa8dba01a\",\"name\":\"mokkrka\",\"image\":{\"@type\":\"ImageObject\",\"inLanguage\":\"sl-SI\",\"@id\":\"https:\/\/krkavolley.si\/site\/#\/schema\/person\/image\/\",\"url\":\"https:\/\/secure.gravatar.com\/avatar\/47a045e234f1661f7ec6f2ebf50b4de78c561f36cd8df312c2474dc659604592?s=96&d=mm&r=g\",\"contentUrl\":\"https:\/\/secure.gravatar.com\/avatar\/47a045e234f1661f7ec6f2ebf50b4de78c561f36cd8df312c2474dc659604592?s=96&d=mm&r=g\",\"caption\":\"mokkrka\"},\"url\":\"https:\/\/krkavolley.si\/site\/author\/mokkrka\/\"}]}<\/script>\n<!-- \/ Yoast SEO plugin. -->","yoast_head_json":{"title":"Mladinci iz brezna med najbolj\u0161ih 8 v dr\u017eavi - Mo\u0161ki odbojkarski klub Krka","robots":{"index":"index","follow":"follow","max-snippet":"max-snippet:-1","max-image-preview":"max-image-preview:large","max-video-preview":"max-video-preview:-1"},"canonical":"https:\/\/krkavolley.si\/site\/2022\/05\/08\/mladinci-iz-brezna-med-top-8\/","og_locale":"sl_SI","og_type":"article","og_title":"Mladinci iz brezna med najbolj\u0161ih 8 v dr\u017eavi - Mo\u0161ki odbojkarski klub Krka","og_description":"Mladinska ekipa je v nedeljo 23. aprila v \u0160empetru odigrala dodatni turnir za uvrstitev med najbolj\u0161ih 8 ekip prvenstva. Ekipi ni kazalo najbolje, toda ko je bilo najbolj potrebno, se&hellip; Beri dalje...","og_url":"https:\/\/krkavolley.si\/site\/2022\/05\/08\/mladinci-iz-brezna-med-top-8\/","og_site_name":"Mo\u0161ki odbojkarski klub Krka","article_publisher":"https:\/\/www.facebook.com\/krkavolley\/","article_published_time":"2022-05-08T08:58:55+00:00","article_modified_time":"2022-05-08T08:58:57+00:00","og_image":[{"width":1200,"height":800,"url":"https:\/\/krkavolley.si\/site\/wp-content\/uploads\/2022\/05\/mlad2prik.jpg","type":"image\/jpeg"}],"author":"mokkrka","twitter_card":"summary_large_image","twitter_misc":{"Written by":"mokkrka","Est. reading time":"4 minute"},"schema":{"@context":"https:\/\/schema.org","@graph":[{"@type":"Article","@id":"https:\/\/krkavolley.si\/site\/2022\/05\/08\/mladinci-iz-brezna-med-top-8\/#article","isPartOf":{"@id":"https:\/\/krkavolley.si\/site\/2022\/05\/08\/mladinci-iz-brezna-med-top-8\/"},"author":{"name":"mokkrka","@id":"https:\/\/krkavolley.si\/site\/#\/schema\/person\/534ee01c931f76708377719fa8dba01a"},"headline":"Mladinci iz brezna med najbolj\u0161ih 8 v dr\u017eavi","datePublished":"2022-05-08T08:58:55+00:00","dateModified":"2022-05-08T08:58:57+00:00","mainEntityOfPage":{"@id":"https:\/\/krkavolley.si\/site\/2022\/05\/08\/mladinci-iz-brezna-med-top-8\/"},"wordCount":609,"publisher":{"@id":"https:\/\/krkavolley.si\/site\/#organization"},"image":{"@id":"https:\/\/krkavolley.si\/site\/2022\/05\/08\/mladinci-iz-brezna-med-top-8\/#primaryimage"},"thumbnailUrl":"https:\/\/krkavolley.si\/site\/wp-content\/uploads\/2022\/05\/mlad2prik.jpg","keywords":["mladinci","\u0161empeter"],"articleSection":["2021\/2022","mladinci"],"inLanguage":"sl-SI"},{"@type":"WebPage","@id":"https:\/\/krkavolley.si\/site\/2022\/05\/08\/mladinci-iz-brezna-med-top-8\/","url":"https:\/\/krkavolley.si\/site\/2022\/05\/08\/mladinci-iz-brezna-med-top-8\/","name":"Mladinci iz brezna med najbolj\u0161ih 8 v dr\u017eavi - Mo\u0161ki odbojkarski klub Krka","isPartOf":{"@id":"https:\/\/krkavolley.si\/site\/#website"},"primaryImageOfPage":{"@id":"https:\/\/krkavolley.si\/site\/2022\/05\/08\/mladinci-iz-brezna-med-top-8\/#primaryimage"},"image":{"@id":"https:\/\/krkavolley.si\/site\/2022\/05\/08\/mladinci-iz-brezna-med-top-8\/#primaryimage"},"thumbnailUrl":"https:\/\/krkavolley.si\/site\/wp-content\/uploads\/2022\/05\/mlad2prik.jpg","datePublished":"2022-05-08T08:58:55+00:00","dateModified":"2022-05-08T08:58:57+00:00","breadcrumb":{"@id":"https:\/\/krkavolley.si\/site\/2022\/05\/08\/mladinci-iz-brezna-med-top-8\/#breadcrumb"},"inLanguage":"sl-SI","potentialAction":[{"@type":"ReadAction","target":["https:\/\/krkavolley.si\/site\/2022\/05\/08\/mladinci-iz-brezna-med-top-8\/"]}]},{"@type":"ImageObject","inLanguage":"sl-SI","@id":"https:\/\/krkavolley.si\/site\/2022\/05\/08\/mladinci-iz-brezna-med-top-8\/#primaryimage","url":"https:\/\/krkavolley.si\/site\/wp-content\/uploads\/2022\/05\/mlad2prik.jpg","contentUrl":"https:\/\/krkavolley.si\/site\/wp-content\/uploads\/2022\/05\/mlad2prik.jpg","width":1200,"height":800},{"@type":"BreadcrumbList","@id":"https:\/\/krkavolley.si\/site\/2022\/05\/08\/mladinci-iz-brezna-med-top-8\/#breadcrumb","itemListElement":[{"@type":"ListItem","position":1,"name":"Home","item":"https:\/\/krkavolley.si\/site\/"},{"@type":"ListItem","position":2,"name":"Mladinci iz brezna med najbolj\u0161ih 8 v dr\u017eavi"}]},{"@type":"WebSite","@id":"https:\/\/krkavolley.si\/site\/#website","url":"https:\/\/krkavolley.si\/site\/","name":"Mo\u0161ki odbojkarski klub Krka","description":"Novo mesto","publisher":{"@id":"https:\/\/krkavolley.si\/site\/#organization"},"potentialAction":[{"@type":"SearchAction","target":{"@type":"EntryPoint","urlTemplate":"https:\/\/krkavolley.si\/site\/?s={search_term_string}"},"query-input":{"@type":"PropertyValueSpecification","valueRequired":true,"valueName":"search_term_string"}}],"inLanguage":"sl-SI"},{"@type":"Organization","@id":"https:\/\/krkavolley.si\/site\/#organization","name":"Mo\u0161ki odbojkarski klub Krka","url":"https:\/\/krkavolley.si\/site\/","logo":{"@type":"ImageObject","inLanguage":"sl-SI","@id":"https:\/\/krkavolley.si\/site\/#\/schema\/logo\/image\/","url":"https:\/\/krkavolley.si\/site\/wp-content\/uploads\/2017\/03\/mok_krka_squared.jpg","contentUrl":"https:\/\/krkavolley.si\/site\/wp-content\/uploads\/2017\/03\/mok_krka_squared.jpg","width":500,"height":500,"caption":"Mo\u0161ki odbojkarski klub Krka"},"image":{"@id":"https:\/\/krkavolley.si\/site\/#\/schema\/logo\/image\/"},"sameAs":["https:\/\/www.facebook.com\/krkavolley\/","https:\/\/www.youtube.com\/channel\/UC-9mw6XzAdOheQVW-nJxBDg"]},{"@type":"Person","@id":"https:\/\/krkavolley.si\/site\/#\/schema\/person\/534ee01c931f76708377719fa8dba01a","name":"mokkrka","image":{"@type":"ImageObject","inLanguage":"sl-SI","@id":"https:\/\/krkavolley.si\/site\/#\/schema\/person\/image\/","url":"https:\/\/secure.gravatar.com\/avatar\/47a045e234f1661f7ec6f2ebf50b4de78c561f36cd8df312c2474dc659604592?s=96&d=mm&r=g","contentUrl":"https:\/\/secure.gravatar.com\/avatar\/47a045e234f1661f7ec6f2ebf50b4de78c561f36cd8df312c2474dc659604592?s=96&d=mm&r=g","caption":"mokkrka"},"url":"https:\/\/krkavolley.si\/site\/author\/mokkrka\/"}]}},"_links":{"self":[{"href":"https:\/\/krkavolley.si\/site\/wp-json\/wp\/v2\/posts\/8680","targetHints":{"allow":["GET"]}}],"collection":[{"href":"https:\/\/krkavolley.si\/site\/wp-json\/wp\/v2\/posts"}],"about":[{"href":"https:\/\/krkavolley.si\/site\/wp-json\/wp\/v2\/types\/post"}],"author":[{"embeddable":true,"href":"https:\/\/krkavolley.si\/site\/wp-json\/wp\/v2\/users\/1"}],"replies":[{"embeddable":true,"href":"https:\/\/krkavolley.si\/site\/wp-json\/wp\/v2\/comments?post=8680"}],"version-history":[{"count":1,"href":"https:\/\/krkavolley.si\/site\/wp-json\/wp\/v2\/posts\/8680\/revisions"}],"predecessor-version":[{"id":8684,"href":"https:\/\/krkavolley.si\/site\/wp-json\/wp\/v2\/posts\/8680\/revisions\/8684"}],"wp:featuredmedia":[{"embeddable":true,"href":"https:\/\/krkavolley.si\/site\/wp-json\/wp\/v2\/media\/8682"}],"wp:attachment":[{"href":"https:\/\/krkavolley.si\/site\/wp-json\/wp\/v2\/media?parent=8680"}],"wp:term":[{"taxonomy":"category","embeddable":true,"href":"https:\/\/krkavolley.si\/site\/wp-json\/wp\/v2\/categories?post=8680"},{"taxonomy":"post_tag","embeddable":true,"href":"https:\/\/krkavolley.si\/site\/wp-json\/wp\/v2\/tags?post=8680"}],"curies":[{"name":"wp","href":"https:\/\/api.w.org\/{rel}","templated":true}]}}