{"id":9316,"date":"2023-03-29T23:04:34","date_gmt":"2023-03-29T21:04:34","guid":{"rendered":"https:\/\/krkavolley.si\/site\/?p=9316"},"modified":"2023-03-29T23:04:48","modified_gmt":"2023-03-29T21:04:48","slug":"odbojkarji-krke-brez-moznosti-proti-ach-volleyu","status":"publish","type":"post","link":"https:\/\/krkavolley.si\/site\/2023\/03\/29\/odbojkarji-krke-brez-moznosti-proti-ach-volleyu\/","title":{"rendered":"Krka brez mo\u017enosti, ACH napreduje v polfinale"},"content":{"rendered":"\n<p>V Novem mestu smo spremljali \u0161e drugi obra\u010dun \u010detrtfinala Sportklub prve odbojkarske lige med ekipama ACH Volley Ljubljana in Krko. Podobno kot na prvi tekmi, so bili tudi tokrat slovenski prvaki ob\u010dutno bolj\u0161i nasprotnik in se veselili zmage z rezultatom 3:0.&nbsp;V dresu Krke je bil najbolj razpolo\u017een Kosmina (10 to\u010dk), Ljubljan\u010dane pa so do zmage popeljali \u0160estan (10) ter Koncilja in \u0160en (po 9). Krka je s tem porazom sklenila sezono, v polfinale pa napreduje ACH Volley.<\/p>\n\n\n\n<p class=\"has-text-align-center\">Sportklub prva odbojkarska liga, \u010detrtfinale, 2. tekma<br><strong>Krka &#8211; ACH Volley Ljubljana<\/strong><br>0:3 (-17, -18, -20)<\/p>\n\n\n\n<p><strong>Novo mesto &#8211; \u0161portna dvorana Marof,\u00a0 gledalcev: 200, sodnika: Adrovi\u0107, Jovanovi\u010d.<br>MOK Krka Novo Mesto:\u00a0<\/strong>Hafner\u00a01, Erpi\u010d, Kosmina 10, Borin\u00a0(L), Ko\u017ear 2, Pulko 4, Lavri\u010d 4, Hvala, Lindi\u010d 4, Pu\u0161nik 5, Hardt 1, Vidmar, Jak\u0161e (L). Trener: Rojc Jernej<br><strong>ACH Volley Ljubljana:<\/strong>\u00a0Mejal, \u0160ket 4, Ma\u0161ulovi\u0107 1, Todorovi\u0107, Bo\u0161njak 3, Koncilja 9, \u0160estan 10, Kova\u010di\u010d (L), Gjorgiev 4, Vide\u010dnik 3, K\u00f6k 4, \u0160en 9.\u00a0Trener: Radovan Ga\u010di\u010d.<\/p>\n\n\n\n<figure class=\"wp-block-image size-large\"><img loading=\"lazy\" decoding=\"async\" width=\"1024\" height=\"683\" src=\"https:\/\/krkavolley.si\/site\/wp-content\/uploads\/2023\/03\/IMG_4688-1024x683.jpg\" alt=\"\" class=\"wp-image-9317\" srcset=\"https:\/\/krkavolley.si\/site\/wp-content\/uploads\/2023\/03\/IMG_4688-1024x683.jpg 1024w, https:\/\/krkavolley.si\/site\/wp-content\/uploads\/2023\/03\/IMG_4688-300x200.jpg 300w, https:\/\/krkavolley.si\/site\/wp-content\/uploads\/2023\/03\/IMG_4688-768x512.jpg 768w, https:\/\/krkavolley.si\/site\/wp-content\/uploads\/2023\/03\/IMG_4688.jpg 1200w\" sizes=\"auto, (max-width: 1024px) 100vw, 1024px\" \/><\/figure>\n\n\n\n<p>Za\u010detek sre\u010danja je minil v znamenju gostov, ki so vr\u0161ili pritisk preko za\u010detnega udarca ter hitro povedli s 5:0. Krka\u0161i so se malce prebudili in se pribli\u017eali na tri to\u010dke zaostanka (9:12). Slovenski prvaki niso popu\u0161\u010dali in po odli\u010dnem napadu Vide\u010dnika preko prvega tempa povedli z 19:13. V mirni kon\u010dnici so gostje iz Ljubljane niz zaklju\u010dili po silovitem napadu Koncilje (17:25).<\/p>\n\n\n\n<figure class=\"wp-block-image size-large\"><img loading=\"lazy\" decoding=\"async\" width=\"1024\" height=\"683\" src=\"https:\/\/krkavolley.si\/site\/wp-content\/uploads\/2023\/03\/IMG_4685-1024x683.jpg\" alt=\"\" class=\"wp-image-9318\" srcset=\"https:\/\/krkavolley.si\/site\/wp-content\/uploads\/2023\/03\/IMG_4685-1024x683.jpg 1024w, https:\/\/krkavolley.si\/site\/wp-content\/uploads\/2023\/03\/IMG_4685-300x200.jpg 300w, https:\/\/krkavolley.si\/site\/wp-content\/uploads\/2023\/03\/IMG_4685-768x512.jpg 768w, https:\/\/krkavolley.si\/site\/wp-content\/uploads\/2023\/03\/IMG_4685.jpg 1200w\" sizes=\"auto, (max-width: 1024px) 100vw, 1024px\" \/><\/figure>\n\n\n\n<p>Na za\u010detku drugega niza so odbojkarji Krke povedli s 3:0, vendar je sledil odgovor odbojkarjev ACH Volleyja Ljubljana, ki so izid takoj poravnali na tretji to\u010dki, nato pa pre\u0161li v vodstvo (5:9). V nadaljevanju je trener gostov Ga\u010di\u010d ponudil prilo\u017enost tudi ostalim igralcem s klopi, ki so jo s pridom izkoristili. Niz se je kon\u010dal z napako novome\u0161kega korektorja Hardta na 18. to\u010dki.<\/p>\n\n\n\n<figure class=\"wp-block-image size-large\"><img loading=\"lazy\" decoding=\"async\" width=\"1024\" height=\"683\" src=\"https:\/\/krkavolley.si\/site\/wp-content\/uploads\/2023\/03\/IMG_4712-1024x683.jpg\" alt=\"\" class=\"wp-image-9321\" srcset=\"https:\/\/krkavolley.si\/site\/wp-content\/uploads\/2023\/03\/IMG_4712-1024x683.jpg 1024w, https:\/\/krkavolley.si\/site\/wp-content\/uploads\/2023\/03\/IMG_4712-300x200.jpg 300w, https:\/\/krkavolley.si\/site\/wp-content\/uploads\/2023\/03\/IMG_4712-768x512.jpg 768w, https:\/\/krkavolley.si\/site\/wp-content\/uploads\/2023\/03\/IMG_4712.jpg 1200w\" sizes=\"auto, (max-width: 1024px) 100vw, 1024px\" \/><\/figure>\n\n\n\n<p>\u0160e najve\u010d odpora je Krka nudila v tretjem nizu, v katerem je vodila vse do 12. to\u010dke. Oran\u017eni zmaji so se pravo\u010dasno zbrali in povedli s 13:12. Doma\u010di odbojkarji niso popu\u0161\u010dali in&nbsp;so&nbsp;dr\u017eali stik s slovenskimi prvaki, nazadnje pri rezultatu z 18:17 tudi zadnji\u010d vodili. Nato je na servis gostov pri\u0161el izku\u0161eni Alen \u0160ket in priboril prednost dveh to\u010dk (18:20). Ljubljan\u010dani so ohranili prednost tudi v zaklju\u010dku tekme in se veselili nove zmage z rezultatom 3:0.<\/p>\n\n\n\n<figure class=\"wp-block-image size-large\"><img loading=\"lazy\" decoding=\"async\" width=\"1024\" height=\"683\" src=\"https:\/\/krkavolley.si\/site\/wp-content\/uploads\/2023\/03\/IMG_4679-1024x683.jpg\" alt=\"\" class=\"wp-image-9322\" srcset=\"https:\/\/krkavolley.si\/site\/wp-content\/uploads\/2023\/03\/IMG_4679-1024x683.jpg 1024w, https:\/\/krkavolley.si\/site\/wp-content\/uploads\/2023\/03\/IMG_4679-300x200.jpg 300w, https:\/\/krkavolley.si\/site\/wp-content\/uploads\/2023\/03\/IMG_4679-768x512.jpg 768w, https:\/\/krkavolley.si\/site\/wp-content\/uploads\/2023\/03\/IMG_4679.jpg 1200w\" sizes=\"auto, (max-width: 1024px) 100vw, 1024px\" \/><\/figure>\n\n\n\n<p><strong>Izjava trenerja ACH Volley Ljubljana, Radovana Ga\u010di\u010da: <\/strong>\u00bb Zadovoljni smo z razpletom dveh \u010detrtfinalnih tekmah, na katerih nismo oddali niti niza. Sedaj nas \u010daka polfinale, kjer si \u017eelimo podobnega scenarija kot v \u010detrtfinalu. Ostati moramo motivirani in iti korak po koraku in na koncu verjamem, da bomo zadovoljni.\u00ab<\/p>\n\n\n\n<figure class=\"wp-block-image size-large\"><img loading=\"lazy\" decoding=\"async\" width=\"1024\" height=\"683\" src=\"https:\/\/krkavolley.si\/site\/wp-content\/uploads\/2023\/03\/IMG_4752-1024x683.jpg\" alt=\"\" class=\"wp-image-9320\" srcset=\"https:\/\/krkavolley.si\/site\/wp-content\/uploads\/2023\/03\/IMG_4752-1024x683.jpg 1024w, https:\/\/krkavolley.si\/site\/wp-content\/uploads\/2023\/03\/IMG_4752-300x200.jpg 300w, https:\/\/krkavolley.si\/site\/wp-content\/uploads\/2023\/03\/IMG_4752-768x512.jpg 768w, https:\/\/krkavolley.si\/site\/wp-content\/uploads\/2023\/03\/IMG_4752.jpg 1200w\" sizes=\"auto, (max-width: 1024px) 100vw, 1024px\" \/><\/figure>\n\n\n\n<p><strong>Izjava trenerja Krke, Jerneja Rojca:<\/strong>\u00a0\u00bbVemo, da je ACH Volley prva ekipa v Sloveniji, mi pa smo povratnik v 1. A ligo ter smo bili danes tudi nekoliko \u010dustveno izpraznjeni. Nismo uspeli dr\u017eati zbranosti skozi dalj\u0161e obdobje v igri. Takrat, ko to uspemo zadr\u017eati, menim, da lahko razvijemo dobro igro in lahko parirami tudi ACH Volleyu. Morda ne ravno prvi postavi, ampak izvedbi, v kateri so tekmo zaklju\u010dili, pa gotovo lahko. Svojim igralcem moram \u010destitati za celotno sezono, \u0161e enkrat hvala vsem. Sezona je kon\u010dana, sledi po\u010ditek, nato pa pri\u010dnemo sestavljati novo sezono.\u00ab<\/p>\n\n\n\n<p>(ACH Volley\/MOK Krka)<\/p>\n","protected":false},"excerpt":{"rendered":"<p>V Novem mestu smo spremljali \u0161e drugi obra\u010dun \u010detrtfinala Sportklub prve odbojkarske lige med ekipama ACH Volley Ljubljana in Krko. Podobno kot na prvi tekmi, so bili tudi tokrat slovenski&hellip; <\/p>\n<p class=\"chuchadon-read-more\"><a href=\"https:\/\/krkavolley.si\/site\/2023\/03\/29\/odbojkarji-krke-brez-moznosti-proti-ach-volleyu\/\" class=\"more-link\">Beri dalje&#8230;<\/a><\/p>\n","protected":false},"author":1,"featured_media":9323,"comment_status":"closed","ping_status":"closed","sticky":false,"template":"","format":"standard","meta":{"footnotes":""},"categories":[306,244],"tags":[51,55],"class_list":["post-9316","post","type-post","status-publish","format-standard","has-post-thumbnail","category-2022-2023","category-sportklub-prva-odbojkarska-liga","tag-ach-volley","tag-cetrtfinale","entry"],"yoast_head":"<!-- This site is optimized with the Yoast SEO plugin v26.6 - https:\/\/yoast.com\/wordpress\/plugins\/seo\/ -->\n<title>Krka brez mo\u017enosti, ACH napreduje v polfinale - MOK Krka<\/title>\n<meta name=\"robots\" content=\"index, follow, max-snippet:-1, max-image-preview:large, max-video-preview:-1\" \/>\n<link rel=\"canonical\" href=\"https:\/\/krkavolley.si\/site\/2023\/03\/29\/odbojkarji-krke-brez-moznosti-proti-ach-volleyu\/\" \/>\n<meta property=\"og:locale\" content=\"sl_SI\" \/>\n<meta property=\"og:type\" content=\"article\" \/>\n<meta property=\"og:title\" content=\"Krka brez mo\u017enosti, ACH napreduje v polfinale - MOK Krka\" \/>\n<meta property=\"og:description\" content=\"V Novem mestu smo spremljali \u0161e drugi obra\u010dun \u010detrtfinala Sportklub prve odbojkarske lige med ekipama ACH Volley Ljubljana in Krko. Podobno kot na prvi tekmi, so bili tudi tokrat slovenski&hellip; Beri dalje...\" \/>\n<meta property=\"og:url\" content=\"https:\/\/krkavolley.si\/site\/2023\/03\/29\/odbojkarji-krke-brez-moznosti-proti-ach-volleyu\/\" \/>\n<meta property=\"og:site_name\" content=\"Mo\u0161ki odbojkarski klub Krka\" \/>\n<meta property=\"article:publisher\" content=\"https:\/\/www.facebook.com\/krkavolley\/\" \/>\n<meta property=\"article:published_time\" content=\"2023-03-29T21:04:34+00:00\" \/>\n<meta property=\"article:modified_time\" content=\"2023-03-29T21:04:48+00:00\" \/>\n<meta property=\"og:image\" content=\"https:\/\/krkavolley.si\/site\/wp-content\/uploads\/2023\/03\/IMG_4605.jpg\" \/>\n\t<meta property=\"og:image:width\" content=\"1200\" \/>\n\t<meta property=\"og:image:height\" content=\"800\" \/>\n\t<meta property=\"og:image:type\" content=\"image\/jpeg\" \/>\n<meta name=\"author\" content=\"mokkrka\" \/>\n<meta name=\"twitter:card\" content=\"summary_large_image\" \/>\n<meta name=\"twitter:label1\" content=\"Written by\" \/>\n\t<meta name=\"twitter:data1\" content=\"mokkrka\" \/>\n\t<meta name=\"twitter:label2\" content=\"Est. reading time\" \/>\n\t<meta name=\"twitter:data2\" content=\"4 minute\" \/>\n<script type=\"application\/ld+json\" class=\"yoast-schema-graph\">{\"@context\":\"https:\/\/schema.org\",\"@graph\":[{\"@type\":\"Article\",\"@id\":\"https:\/\/krkavolley.si\/site\/2023\/03\/29\/odbojkarji-krke-brez-moznosti-proti-ach-volleyu\/#article\",\"isPartOf\":{\"@id\":\"https:\/\/krkavolley.si\/site\/2023\/03\/29\/odbojkarji-krke-brez-moznosti-proti-ach-volleyu\/\"},\"author\":{\"name\":\"mokkrka\",\"@id\":\"https:\/\/krkavolley.si\/site\/#\/schema\/person\/534ee01c931f76708377719fa8dba01a\"},\"headline\":\"Krka brez mo\u017enosti, ACH napreduje v polfinale\",\"datePublished\":\"2023-03-29T21:04:34+00:00\",\"dateModified\":\"2023-03-29T21:04:48+00:00\",\"mainEntityOfPage\":{\"@id\":\"https:\/\/krkavolley.si\/site\/2023\/03\/29\/odbojkarji-krke-brez-moznosti-proti-ach-volleyu\/\"},\"wordCount\":537,\"publisher\":{\"@id\":\"https:\/\/krkavolley.si\/site\/#organization\"},\"image\":{\"@id\":\"https:\/\/krkavolley.si\/site\/2023\/03\/29\/odbojkarji-krke-brez-moznosti-proti-ach-volleyu\/#primaryimage\"},\"thumbnailUrl\":\"https:\/\/krkavolley.si\/site\/wp-content\/uploads\/2023\/03\/IMG_4605.jpg\",\"keywords\":[\"ach volley\",\"\u010detrtfinale\"],\"articleSection\":[\"2022\/2023\",\"Sportklub prva odbojkarska liga\"],\"inLanguage\":\"sl-SI\"},{\"@type\":\"WebPage\",\"@id\":\"https:\/\/krkavolley.si\/site\/2023\/03\/29\/odbojkarji-krke-brez-moznosti-proti-ach-volleyu\/\",\"url\":\"https:\/\/krkavolley.si\/site\/2023\/03\/29\/odbojkarji-krke-brez-moznosti-proti-ach-volleyu\/\",\"name\":\"Krka brez mo\u017enosti, ACH napreduje v polfinale - MOK Krka\",\"isPartOf\":{\"@id\":\"https:\/\/krkavolley.si\/site\/#website\"},\"primaryImageOfPage\":{\"@id\":\"https:\/\/krkavolley.si\/site\/2023\/03\/29\/odbojkarji-krke-brez-moznosti-proti-ach-volleyu\/#primaryimage\"},\"image\":{\"@id\":\"https:\/\/krkavolley.si\/site\/2023\/03\/29\/odbojkarji-krke-brez-moznosti-proti-ach-volleyu\/#primaryimage\"},\"thumbnailUrl\":\"https:\/\/krkavolley.si\/site\/wp-content\/uploads\/2023\/03\/IMG_4605.jpg\",\"datePublished\":\"2023-03-29T21:04:34+00:00\",\"dateModified\":\"2023-03-29T21:04:48+00:00\",\"breadcrumb\":{\"@id\":\"https:\/\/krkavolley.si\/site\/2023\/03\/29\/odbojkarji-krke-brez-moznosti-proti-ach-volleyu\/#breadcrumb\"},\"inLanguage\":\"sl-SI\",\"potentialAction\":[{\"@type\":\"ReadAction\",\"target\":[\"https:\/\/krkavolley.si\/site\/2023\/03\/29\/odbojkarji-krke-brez-moznosti-proti-ach-volleyu\/\"]}]},{\"@type\":\"ImageObject\",\"inLanguage\":\"sl-SI\",\"@id\":\"https:\/\/krkavolley.si\/site\/2023\/03\/29\/odbojkarji-krke-brez-moznosti-proti-ach-volleyu\/#primaryimage\",\"url\":\"https:\/\/krkavolley.si\/site\/wp-content\/uploads\/2023\/03\/IMG_4605.jpg\",\"contentUrl\":\"https:\/\/krkavolley.si\/site\/wp-content\/uploads\/2023\/03\/IMG_4605.jpg\",\"width\":1200,\"height\":800},{\"@type\":\"BreadcrumbList\",\"@id\":\"https:\/\/krkavolley.si\/site\/2023\/03\/29\/odbojkarji-krke-brez-moznosti-proti-ach-volleyu\/#breadcrumb\",\"itemListElement\":[{\"@type\":\"ListItem\",\"position\":1,\"name\":\"Home\",\"item\":\"https:\/\/krkavolley.si\/site\/\"},{\"@type\":\"ListItem\",\"position\":2,\"name\":\"Krka brez mo\u017enosti, ACH napreduje v polfinale\"}]},{\"@type\":\"WebSite\",\"@id\":\"https:\/\/krkavolley.si\/site\/#website\",\"url\":\"https:\/\/krkavolley.si\/site\/\",\"name\":\"Mo\u0161ki odbojkarski klub Krka\",\"description\":\"Novo mesto\",\"publisher\":{\"@id\":\"https:\/\/krkavolley.si\/site\/#organization\"},\"potentialAction\":[{\"@type\":\"SearchAction\",\"target\":{\"@type\":\"EntryPoint\",\"urlTemplate\":\"https:\/\/krkavolley.si\/site\/?s={search_term_string}\"},\"query-input\":{\"@type\":\"PropertyValueSpecification\",\"valueRequired\":true,\"valueName\":\"search_term_string\"}}],\"inLanguage\":\"sl-SI\"},{\"@type\":\"Organization\",\"@id\":\"https:\/\/krkavolley.si\/site\/#organization\",\"name\":\"Mo\u0161ki odbojkarski klub Krka\",\"url\":\"https:\/\/krkavolley.si\/site\/\",\"logo\":{\"@type\":\"ImageObject\",\"inLanguage\":\"sl-SI\",\"@id\":\"https:\/\/krkavolley.si\/site\/#\/schema\/logo\/image\/\",\"url\":\"https:\/\/krkavolley.si\/site\/wp-content\/uploads\/2017\/03\/mok_krka_squared.jpg\",\"contentUrl\":\"https:\/\/krkavolley.si\/site\/wp-content\/uploads\/2017\/03\/mok_krka_squared.jpg\",\"width\":500,\"height\":500,\"caption\":\"Mo\u0161ki odbojkarski klub Krka\"},\"image\":{\"@id\":\"https:\/\/krkavolley.si\/site\/#\/schema\/logo\/image\/\"},\"sameAs\":[\"https:\/\/www.facebook.com\/krkavolley\/\",\"https:\/\/www.youtube.com\/channel\/UC-9mw6XzAdOheQVW-nJxBDg\"]},{\"@type\":\"Person\",\"@id\":\"https:\/\/krkavolley.si\/site\/#\/schema\/person\/534ee01c931f76708377719fa8dba01a\",\"name\":\"mokkrka\",\"image\":{\"@type\":\"ImageObject\",\"inLanguage\":\"sl-SI\",\"@id\":\"https:\/\/krkavolley.si\/site\/#\/schema\/person\/image\/\",\"url\":\"https:\/\/secure.gravatar.com\/avatar\/47a045e234f1661f7ec6f2ebf50b4de78c561f36cd8df312c2474dc659604592?s=96&d=mm&r=g\",\"contentUrl\":\"https:\/\/secure.gravatar.com\/avatar\/47a045e234f1661f7ec6f2ebf50b4de78c561f36cd8df312c2474dc659604592?s=96&d=mm&r=g\",\"caption\":\"mokkrka\"},\"url\":\"https:\/\/krkavolley.si\/site\/author\/mokkrka\/\"}]}<\/script>\n<!-- \/ Yoast SEO plugin. -->","yoast_head_json":{"title":"Krka brez mo\u017enosti, ACH napreduje v polfinale - MOK Krka","robots":{"index":"index","follow":"follow","max-snippet":"max-snippet:-1","max-image-preview":"max-image-preview:large","max-video-preview":"max-video-preview:-1"},"canonical":"https:\/\/krkavolley.si\/site\/2023\/03\/29\/odbojkarji-krke-brez-moznosti-proti-ach-volleyu\/","og_locale":"sl_SI","og_type":"article","og_title":"Krka brez mo\u017enosti, ACH napreduje v polfinale - MOK Krka","og_description":"V Novem mestu smo spremljali \u0161e drugi obra\u010dun \u010detrtfinala Sportklub prve odbojkarske lige med ekipama ACH Volley Ljubljana in Krko. Podobno kot na prvi tekmi, so bili tudi tokrat slovenski&hellip; Beri dalje...","og_url":"https:\/\/krkavolley.si\/site\/2023\/03\/29\/odbojkarji-krke-brez-moznosti-proti-ach-volleyu\/","og_site_name":"Mo\u0161ki odbojkarski klub Krka","article_publisher":"https:\/\/www.facebook.com\/krkavolley\/","article_published_time":"2023-03-29T21:04:34+00:00","article_modified_time":"2023-03-29T21:04:48+00:00","og_image":[{"width":1200,"height":800,"url":"https:\/\/krkavolley.si\/site\/wp-content\/uploads\/2023\/03\/IMG_4605.jpg","type":"image\/jpeg"}],"author":"mokkrka","twitter_card":"summary_large_image","twitter_misc":{"Written by":"mokkrka","Est. reading time":"4 minute"},"schema":{"@context":"https:\/\/schema.org","@graph":[{"@type":"Article","@id":"https:\/\/krkavolley.si\/site\/2023\/03\/29\/odbojkarji-krke-brez-moznosti-proti-ach-volleyu\/#article","isPartOf":{"@id":"https:\/\/krkavolley.si\/site\/2023\/03\/29\/odbojkarji-krke-brez-moznosti-proti-ach-volleyu\/"},"author":{"name":"mokkrka","@id":"https:\/\/krkavolley.si\/site\/#\/schema\/person\/534ee01c931f76708377719fa8dba01a"},"headline":"Krka brez mo\u017enosti, ACH napreduje v polfinale","datePublished":"2023-03-29T21:04:34+00:00","dateModified":"2023-03-29T21:04:48+00:00","mainEntityOfPage":{"@id":"https:\/\/krkavolley.si\/site\/2023\/03\/29\/odbojkarji-krke-brez-moznosti-proti-ach-volleyu\/"},"wordCount":537,"publisher":{"@id":"https:\/\/krkavolley.si\/site\/#organization"},"image":{"@id":"https:\/\/krkavolley.si\/site\/2023\/03\/29\/odbojkarji-krke-brez-moznosti-proti-ach-volleyu\/#primaryimage"},"thumbnailUrl":"https:\/\/krkavolley.si\/site\/wp-content\/uploads\/2023\/03\/IMG_4605.jpg","keywords":["ach volley","\u010detrtfinale"],"articleSection":["2022\/2023","Sportklub prva odbojkarska liga"],"inLanguage":"sl-SI"},{"@type":"WebPage","@id":"https:\/\/krkavolley.si\/site\/2023\/03\/29\/odbojkarji-krke-brez-moznosti-proti-ach-volleyu\/","url":"https:\/\/krkavolley.si\/site\/2023\/03\/29\/odbojkarji-krke-brez-moznosti-proti-ach-volleyu\/","name":"Krka brez mo\u017enosti, ACH napreduje v polfinale - MOK Krka","isPartOf":{"@id":"https:\/\/krkavolley.si\/site\/#website"},"primaryImageOfPage":{"@id":"https:\/\/krkavolley.si\/site\/2023\/03\/29\/odbojkarji-krke-brez-moznosti-proti-ach-volleyu\/#primaryimage"},"image":{"@id":"https:\/\/krkavolley.si\/site\/2023\/03\/29\/odbojkarji-krke-brez-moznosti-proti-ach-volleyu\/#primaryimage"},"thumbnailUrl":"https:\/\/krkavolley.si\/site\/wp-content\/uploads\/2023\/03\/IMG_4605.jpg","datePublished":"2023-03-29T21:04:34+00:00","dateModified":"2023-03-29T21:04:48+00:00","breadcrumb":{"@id":"https:\/\/krkavolley.si\/site\/2023\/03\/29\/odbojkarji-krke-brez-moznosti-proti-ach-volleyu\/#breadcrumb"},"inLanguage":"sl-SI","potentialAction":[{"@type":"ReadAction","target":["https:\/\/krkavolley.si\/site\/2023\/03\/29\/odbojkarji-krke-brez-moznosti-proti-ach-volleyu\/"]}]},{"@type":"ImageObject","inLanguage":"sl-SI","@id":"https:\/\/krkavolley.si\/site\/2023\/03\/29\/odbojkarji-krke-brez-moznosti-proti-ach-volleyu\/#primaryimage","url":"https:\/\/krkavolley.si\/site\/wp-content\/uploads\/2023\/03\/IMG_4605.jpg","contentUrl":"https:\/\/krkavolley.si\/site\/wp-content\/uploads\/2023\/03\/IMG_4605.jpg","width":1200,"height":800},{"@type":"BreadcrumbList","@id":"https:\/\/krkavolley.si\/site\/2023\/03\/29\/odbojkarji-krke-brez-moznosti-proti-ach-volleyu\/#breadcrumb","itemListElement":[{"@type":"ListItem","position":1,"name":"Home","item":"https:\/\/krkavolley.si\/site\/"},{"@type":"ListItem","position":2,"name":"Krka brez mo\u017enosti, ACH napreduje v polfinale"}]},{"@type":"WebSite","@id":"https:\/\/krkavolley.si\/site\/#website","url":"https:\/\/krkavolley.si\/site\/","name":"Mo\u0161ki odbojkarski klub Krka","description":"Novo mesto","publisher":{"@id":"https:\/\/krkavolley.si\/site\/#organization"},"potentialAction":[{"@type":"SearchAction","target":{"@type":"EntryPoint","urlTemplate":"https:\/\/krkavolley.si\/site\/?s={search_term_string}"},"query-input":{"@type":"PropertyValueSpecification","valueRequired":true,"valueName":"search_term_string"}}],"inLanguage":"sl-SI"},{"@type":"Organization","@id":"https:\/\/krkavolley.si\/site\/#organization","name":"Mo\u0161ki odbojkarski klub Krka","url":"https:\/\/krkavolley.si\/site\/","logo":{"@type":"ImageObject","inLanguage":"sl-SI","@id":"https:\/\/krkavolley.si\/site\/#\/schema\/logo\/image\/","url":"https:\/\/krkavolley.si\/site\/wp-content\/uploads\/2017\/03\/mok_krka_squared.jpg","contentUrl":"https:\/\/krkavolley.si\/site\/wp-content\/uploads\/2017\/03\/mok_krka_squared.jpg","width":500,"height":500,"caption":"Mo\u0161ki odbojkarski klub Krka"},"image":{"@id":"https:\/\/krkavolley.si\/site\/#\/schema\/logo\/image\/"},"sameAs":["https:\/\/www.facebook.com\/krkavolley\/","https:\/\/www.youtube.com\/channel\/UC-9mw6XzAdOheQVW-nJxBDg"]},{"@type":"Person","@id":"https:\/\/krkavolley.si\/site\/#\/schema\/person\/534ee01c931f76708377719fa8dba01a","name":"mokkrka","image":{"@type":"ImageObject","inLanguage":"sl-SI","@id":"https:\/\/krkavolley.si\/site\/#\/schema\/person\/image\/","url":"https:\/\/secure.gravatar.com\/avatar\/47a045e234f1661f7ec6f2ebf50b4de78c561f36cd8df312c2474dc659604592?s=96&d=mm&r=g","contentUrl":"https:\/\/secure.gravatar.com\/avatar\/47a045e234f1661f7ec6f2ebf50b4de78c561f36cd8df312c2474dc659604592?s=96&d=mm&r=g","caption":"mokkrka"},"url":"https:\/\/krkavolley.si\/site\/author\/mokkrka\/"}]}},"_links":{"self":[{"href":"https:\/\/krkavolley.si\/site\/wp-json\/wp\/v2\/posts\/9316","targetHints":{"allow":["GET"]}}],"collection":[{"href":"https:\/\/krkavolley.si\/site\/wp-json\/wp\/v2\/posts"}],"about":[{"href":"https:\/\/krkavolley.si\/site\/wp-json\/wp\/v2\/types\/post"}],"author":[{"embeddable":true,"href":"https:\/\/krkavolley.si\/site\/wp-json\/wp\/v2\/users\/1"}],"replies":[{"embeddable":true,"href":"https:\/\/krkavolley.si\/site\/wp-json\/wp\/v2\/comments?post=9316"}],"version-history":[{"count":2,"href":"https:\/\/krkavolley.si\/site\/wp-json\/wp\/v2\/posts\/9316\/revisions"}],"predecessor-version":[{"id":9325,"href":"https:\/\/krkavolley.si\/site\/wp-json\/wp\/v2\/posts\/9316\/revisions\/9325"}],"wp:featuredmedia":[{"embeddable":true,"href":"https:\/\/krkavolley.si\/site\/wp-json\/wp\/v2\/media\/9323"}],"wp:attachment":[{"href":"https:\/\/krkavolley.si\/site\/wp-json\/wp\/v2\/media?parent=9316"}],"wp:term":[{"taxonomy":"category","embeddable":true,"href":"https:\/\/krkavolley.si\/site\/wp-json\/wp\/v2\/categories?post=9316"},{"taxonomy":"post_tag","embeddable":true,"href":"https:\/\/krkavolley.si\/site\/wp-json\/wp\/v2\/tags?post=9316"}],"curies":[{"name":"wp","href":"https:\/\/api.w.org\/{rel}","templated":true}]}}