{"id":9666,"date":"2023-10-29T07:56:25","date_gmt":"2023-10-29T06:56:25","guid":{"rendered":"https:\/\/krkavolley.si\/site\/?p=9666"},"modified":"2023-10-29T08:07:43","modified_gmt":"2023-10-29T07:07:43","slug":"na-ravnah-malo-zmanjkalo-do-popolnega-preobrata","status":"publish","type":"post","link":"https:\/\/krkavolley.si\/site\/2023\/10\/29\/na-ravnah-malo-zmanjkalo-do-popolnega-preobrata\/","title":{"rendered":"Krka\u0161i na Ravnah prigarali to\u010dko"},"content":{"rendered":"\n<p>Odbojkarji Krke so sino\u010di na Koro\u0161kem odigrali tekmo petega kroga prvenstva. Pomerili so se z ekipo Fu\u017einar Sij Metala, ki se je po petih odigranih nizih razveselila prve leto\u0161nje zmage. Odvila se je izredno izena\u010dena tekma, v kateri so gostitelji vodili \u017ee z 2:0 v nizih, a nepopustljivi Novome\u0161\u010dani so uspeli tekmo poslati v peti niz, kjer pa je za popoln preobrat zmanjkalo mo\u010di. V dresu Krke je bil najbolj razpolo\u017een Kosmina s 26 to\u010dkami, \u0161e dve ve\u010d je za zmago doma\u010dinov vpisal Robida.<\/p>\n\n\n\n<p class=\"has-text-align-center\">Sportklub 1.A DOL mo\u0161ki, 5. krog<br><strong>Fu\u017einar sij Metal Ravne &#8211; Krka<\/strong><br>3 &#8211; 2 (23, 23, -24, -24, 11).<\/p>\n\n\n\n<p>\u0160portna dvorana O\u0160 Pre\u017eihovega Voranca Ravne na Koro\u0161kem, 28. 10. 2023. Sodnika: Miklo\u0161i\u010d, Goznik. Obiskovalcev: 150. <br><strong>Fu\u017einar sij Metal Ravne<\/strong>: Pu\u0161nik 16, Kri\u017eani\u010d 5, Lednik, Robida 28, Ranc, Stojanov 3, Javornik 12, Vu\u010deti\u0107, Plesec 18, Podri\u010dnik, Dreven\u0161ek, Zmagaj, Libnik (L), Hribernik (L). Trener: Aljo\u0161a Jemec.<br><strong>Krka<\/strong>:&nbsp;Erpi\u010d G. 4, Kocjan\u010di\u010d, Kosmina 26, Bregar 4, Verdinek (L), Ko\u017ear 3, Pulko 13, Erpi\u010d U. 5, Lindi\u010d 7, Kern 1, Rojnik 15, Jak\u0161e (L). Trener: Jernej Rojc<\/p>\n\n\n\n<p>Za\u010detek tekme, ki je bila za obe ekipi zelo pomembna, je nakazoval na trd boj, saj sta se obe ekipi izmenjavali v vodstvu. Nadaljevanje niza so bolje nadaljevali doma\u010dini, ki so nekajkrat povedli za tri to\u010dke, nazadnje pri rezultatu 10:7. Gostje iz Novega mesta so s serijo to\u010dk pokazali, da se na Ravne niso pri\u0161li zgolj braniti, rezultat so izena\u010dili na enajsti to\u010dki, pri rezultatu 16:15 pa so prvi\u010d tudi povedli. A doma\u010dini so hitro naredili preobrat in z nekaj odli\u010dnimi bloki in napadi povedli z 20:17. Ko so Raven\u010dani povedli z 22:18 se je zdelo, da je niz odlo\u010den. Sledila je napeta kon\u010dnica, ko so doma\u010dini z nekaj nepotrebnimi napakami odbojkarjem OK Krka dovolili, da se jim pri rezultatu 24:23 pribli\u017eajo zgolj na to\u010dko zaostanka. Niz se je zaklju\u010dil z napako na za\u010detnem udarcu gostov, ko so doma\u010dini le pri\u0161li do prvega niza z rezultatom 25:23.<\/p>\n\n\n\n<p>Odbojkarji z Raven na Koro\u0161kem so veliko bolje za\u010deli tudi drugi niz in hitro povedli z rezultatom 5:2. Kot ve\u010dkrat v prvem nizu je zbranost doma\u010dim odbojkarjem nepri\u010dakovano popustila in gostje so s serijo lahko osvojenih to\u010dk povedli s 7:6. Nadaljevanje niza je kazal na nervozo obeh ekip, ko nobena ni zmogla nadaljevati brez lastnih napak in se rezultatsko odlepiti od nasprotnika. Ekipi sta se tako do rezultata 18:16, ko so za dve to\u010dki povedli doma\u010di odbojkarji OK Fu\u017einar, nenehno izmenjavali v vodstvu. Z odli\u010dnim serviranjem Stojanova, dva neubranljiva za\u010detna udarca, so doma\u010dini u\u0161li na lepo prednost 22:16. Da se niz ne bi kon\u010dal zlahka, je z enako mero odli\u010dnih za\u010detnih udarcev poskrbel Rojnik in gostje iz Novega mesta so izena\u010dili na 22:22. Ve\u010d zbranosti so v kon\u010dnici niza le pokazali doma\u010dini in ga zaslu\u017eeno osvojili z rezultatom 25:23.&nbsp;<\/p>\n\n\n\n<p>Za\u010detek tretjega niza je pripadel gostom, ki so hitro povedli z rezultatom 3:0. Trener doma\u010dih odbojkarjev Jemec je posku\u0161al nalet novome\u0161\u010danov prekiniti z minuto odmora. Odbojkarji Fu\u017einarja se vse do rezultata 8:6 za Krko niso uspeli gostom pribli\u017eati na manj kot tri to\u010dke zaostanka. A doma\u010dini niso popu\u0161\u010dali. Zbranost in borbena igra se jim je obrestovala in goste so uspeli ujeti pri rezultatu 11:11. V nadaljevanju niza se nobeni od ekip ni uspelo rezultatsko oddaljiti od nasprotnika vse do rezultata 17:15, ko so za dve to\u010dki povedli odbojkarji ravenskega Fu\u017einarja. Prednost so uspe\u0161no dr\u017eali do rezultata 23:23, ko so jih odbojkarji iz Novega mesta spet ujeli. Sledila je napeta kon\u010dnica niza, v kateri je tokrat ve\u010d zbranosti pokazala gostujo\u010da ekipa (26:24) in rezultat v nizih zni\u017eala na 2:1.<\/p>\n\n\n\n<p>Nadaljevanje tekme je prineslo kopico preobratov. Najprej so doma\u010dini povedli z rezultatom 4:0, v nadaljevanju so nizali to\u010dke gostje in jih hitro ujeli, pa nato spet popustili in doma\u010dim dovolili, da povedejo s 6:3. Kaj hitro je gostom rezultat spet uspelo izena\u010diti. Podoben potek smo gledali tudi v nadaljevanju niza. Obe ekipi sta na trenutke pokazali odli\u010dno igro, na trenutke pa naredili preve\u010d neizsiljenih napak in rezultatsko sta se izmenjavali v vodstvu. Prvim je uspelo narediti razliko dveh to\u010d gostom, ki so povedli z rezultatom 20:18. Prednost dveh to\u010dk so uspe\u0161no dr\u017eali do konca niza, ki so ga dobili s 26:24.<\/p>\n\n\n\n<p>Zmagovalca zelo napete in izena\u010dene tekme smo dobili v petem nizu. Bolje so ga za\u010deli doma\u010dini, ki so povedli z rezultatom 5:2. Gostje so uspeli rezultat zelo hitro izena\u010diti na 5:5. Naslednja serija to\u010dk je zopet pripadla doma\u010dim odbojkarjem, ki so tokrat povedli z rezultatom 9:5. A tudi tokrat so gostje pri\u0161li samo na to\u010dko zaostanka, 10:9. Pri rezultatu 12:9 so bili doma\u010di odbojkarji zelo blizu zmage. Le-to jim je z osvojitvijo niza z rezultatom 15:11 tudi uspelo priigrati.&nbsp;<br><br><strong>Aljo\u0161a Jemec<\/strong>, trener OK Fu\u017einar sij Metal Ravne:&nbsp;<em>&#8220;Kot ka\u017ee, v doma\u010di dvorani ne moremo odigrati tekme brez drame. Danes smo kljub malce nervoznemu za\u010detku&nbsp;imeli stvari pod kontrolo in&nbsp;odigrali kvalitetno odbojko do rezultata 22:16 v drugem setu. Nato pa smo slabo odigrali samo kon\u010dnico seta, kar nam mora biti \u0161ola za v prihodnje. Tovrstne sete je potrebno suvereno zaklju\u010diti in ne spustiti nasprotnika nazaj v tekmo. Nasprotnik se je v nadaljevanju razigral, sledila sta dva napeta seta, ki smo ju izgubili v kon\u010dnicah. Kljub temu je potrebno fantom \u010destitati, da so do konca verjeli vase, v petem setu ponovno pokazali karakter in&nbsp;izvlekli zaslu\u017eeno zmago.&#8221;<\/em><\/p>\n\n\n\n<p><strong>Jernej Rojc<\/strong>, trener Krke: <em>&#8220;Odigrali smo slab\u0161o tekmo, kot smo pri\u010dakovali. Nismo se dr\u017eali dogovorov, predvsem v elementu blok \u2013 obramba. Nasprotni korektor Robida se je razigral in nam po diagonali dal ob\u010dutno preve\u010d to\u010dk. \u010cestitam doma\u010dim za prikazano igro, smo pa z osvojeno to\u010dko vseeno lahko zadovoljni.&#8221;<\/em><\/p>\n\n\n\n<p>(<a href=\"https:\/\/ozs-web.dataproject.com\/NewsDetails.aspx?ID=102&amp;NewsID=1356\">vir<\/a>: OZS \/ Odbojkarski klub Fu\u017einar)<\/p>\n\n\n\n<p><strong>Grega Erpi\u010d<\/strong>, igralec Krke: <em>&#8220;V prvih dveh nizih so gostitelji precej bolje servirali od nas. Nato smo ta element uspeli popraviti, tudi dvignili energijo in tekmo poslali v peti niz. V petem nizu smo storili preve\u010d napak, a moramo priznati, da je nasprotnik odigral zelo agresivno in odlo\u010dno in na koncu sicer zaslu\u017eeno slavil. Veseli smo to\u010dke, nismo pa povsem zadovoljni s prikazano igro, saj zmoremo bolje. Na trenutke smo igrali preve\u010d predvidljivo, pa tudi v obrambi nam je manjkala kak\u0161na ujeta \u017eoga ve\u010d.&#8221;<\/em><\/p>\n\n\n\n<p class=\"has-text-align-center\">Statisti\u010dne podatke s tekme in preostale liga\u0161ke informacije najdete <a href=\"https:\/\/ozs-web.dataproject.com\/MatchStatistics.aspx?mID=10262&amp;ID=102&amp;CID=1220&amp;PID=149&amp;type=LegList\">tukaj<\/a>.<\/p>\n\n\n\n<p>Odbojkarji Krke bodo naslednjo tekmo odigrali v doma\u010di dvorani <strong>Marof<\/strong> v soboto, <strong>4. novembra ob 19. uri<\/strong> &#8211; nasproti bo stal<strong> Merkur Maribor<\/strong>. Se vidimo!<\/p>\n","protected":false},"excerpt":{"rendered":"<p>Odbojkarji Krke so sino\u010di na Koro\u0161kem odigrali tekmo petega kroga prvenstva. Pomerili so se z ekipo Fu\u017einar Sij Metala, ki se je po petih odigranih nizih razveselila prve leto\u0161nje zmage.&hellip; <\/p>\n<p class=\"chuchadon-read-more\"><a href=\"https:\/\/krkavolley.si\/site\/2023\/10\/29\/na-ravnah-malo-zmanjkalo-do-popolnega-preobrata\/\" class=\"more-link\">Beri dalje&#8230;<\/a><\/p>\n","protected":false},"author":1,"featured_media":9667,"comment_status":"closed","ping_status":"closed","sticky":false,"template":"","format":"standard","meta":{"footnotes":""},"categories":[337,244],"tags":[9,154],"class_list":["post-9666","post","type-post","status-publish","format-standard","has-post-thumbnail","category-2023-2024","category-sportklub-prva-odbojkarska-liga","tag-fuzinar","tag-ravne","entry"],"yoast_head":"<!-- This site is optimized with the Yoast SEO plugin v26.6 - https:\/\/yoast.com\/wordpress\/plugins\/seo\/ -->\n<title>Krka\u0161i na Ravnah prigarali to\u010dko - MOK Krka<\/title>\n<meta name=\"robots\" content=\"index, follow, max-snippet:-1, max-image-preview:large, max-video-preview:-1\" \/>\n<link rel=\"canonical\" href=\"https:\/\/krkavolley.si\/site\/2023\/10\/29\/na-ravnah-malo-zmanjkalo-do-popolnega-preobrata\/\" \/>\n<meta property=\"og:locale\" content=\"sl_SI\" \/>\n<meta property=\"og:type\" content=\"article\" \/>\n<meta property=\"og:title\" content=\"Krka\u0161i na Ravnah prigarali to\u010dko - MOK Krka\" \/>\n<meta property=\"og:description\" content=\"Odbojkarji Krke so sino\u010di na Koro\u0161kem odigrali tekmo petega kroga prvenstva. Pomerili so se z ekipo Fu\u017einar Sij Metala, ki se je po petih odigranih nizih razveselila prve leto\u0161nje zmage.&hellip; Beri dalje...\" \/>\n<meta property=\"og:url\" content=\"https:\/\/krkavolley.si\/site\/2023\/10\/29\/na-ravnah-malo-zmanjkalo-do-popolnega-preobrata\/\" \/>\n<meta property=\"og:site_name\" content=\"Mo\u0161ki odbojkarski klub Krka\" \/>\n<meta property=\"article:publisher\" content=\"https:\/\/www.facebook.com\/krkavolley\/\" \/>\n<meta property=\"article:published_time\" content=\"2023-10-29T06:56:25+00:00\" \/>\n<meta property=\"article:modified_time\" content=\"2023-10-29T07:07:43+00:00\" \/>\n<meta property=\"og:image\" content=\"https:\/\/krkavolley.si\/site\/wp-content\/uploads\/2023\/10\/martin.jpg\" \/>\n\t<meta property=\"og:image:width\" content=\"1200\" \/>\n\t<meta property=\"og:image:height\" content=\"800\" \/>\n\t<meta property=\"og:image:type\" content=\"image\/jpeg\" \/>\n<meta name=\"author\" content=\"mokkrka\" \/>\n<meta name=\"twitter:card\" content=\"summary_large_image\" \/>\n<meta name=\"twitter:label1\" content=\"Written by\" \/>\n\t<meta name=\"twitter:data1\" content=\"mokkrka\" \/>\n\t<meta name=\"twitter:label2\" content=\"Est. reading time\" \/>\n\t<meta name=\"twitter:data2\" content=\"6 minut\" \/>\n<script type=\"application\/ld+json\" class=\"yoast-schema-graph\">{\"@context\":\"https:\/\/schema.org\",\"@graph\":[{\"@type\":\"Article\",\"@id\":\"https:\/\/krkavolley.si\/site\/2023\/10\/29\/na-ravnah-malo-zmanjkalo-do-popolnega-preobrata\/#article\",\"isPartOf\":{\"@id\":\"https:\/\/krkavolley.si\/site\/2023\/10\/29\/na-ravnah-malo-zmanjkalo-do-popolnega-preobrata\/\"},\"author\":{\"name\":\"mokkrka\",\"@id\":\"https:\/\/krkavolley.si\/site\/#\/schema\/person\/534ee01c931f76708377719fa8dba01a\"},\"headline\":\"Krka\u0161i na Ravnah prigarali to\u010dko\",\"datePublished\":\"2023-10-29T06:56:25+00:00\",\"dateModified\":\"2023-10-29T07:07:43+00:00\",\"mainEntityOfPage\":{\"@id\":\"https:\/\/krkavolley.si\/site\/2023\/10\/29\/na-ravnah-malo-zmanjkalo-do-popolnega-preobrata\/\"},\"wordCount\":1126,\"publisher\":{\"@id\":\"https:\/\/krkavolley.si\/site\/#organization\"},\"image\":{\"@id\":\"https:\/\/krkavolley.si\/site\/2023\/10\/29\/na-ravnah-malo-zmanjkalo-do-popolnega-preobrata\/#primaryimage\"},\"thumbnailUrl\":\"https:\/\/krkavolley.si\/site\/wp-content\/uploads\/2023\/10\/martin.jpg\",\"keywords\":[\"fu\u017einar\",\"ravne\"],\"articleSection\":[\"2023\/2024\",\"Sportklub prva odbojkarska liga\"],\"inLanguage\":\"sl-SI\"},{\"@type\":\"WebPage\",\"@id\":\"https:\/\/krkavolley.si\/site\/2023\/10\/29\/na-ravnah-malo-zmanjkalo-do-popolnega-preobrata\/\",\"url\":\"https:\/\/krkavolley.si\/site\/2023\/10\/29\/na-ravnah-malo-zmanjkalo-do-popolnega-preobrata\/\",\"name\":\"Krka\u0161i na Ravnah prigarali to\u010dko - MOK Krka\",\"isPartOf\":{\"@id\":\"https:\/\/krkavolley.si\/site\/#website\"},\"primaryImageOfPage\":{\"@id\":\"https:\/\/krkavolley.si\/site\/2023\/10\/29\/na-ravnah-malo-zmanjkalo-do-popolnega-preobrata\/#primaryimage\"},\"image\":{\"@id\":\"https:\/\/krkavolley.si\/site\/2023\/10\/29\/na-ravnah-malo-zmanjkalo-do-popolnega-preobrata\/#primaryimage\"},\"thumbnailUrl\":\"https:\/\/krkavolley.si\/site\/wp-content\/uploads\/2023\/10\/martin.jpg\",\"datePublished\":\"2023-10-29T06:56:25+00:00\",\"dateModified\":\"2023-10-29T07:07:43+00:00\",\"breadcrumb\":{\"@id\":\"https:\/\/krkavolley.si\/site\/2023\/10\/29\/na-ravnah-malo-zmanjkalo-do-popolnega-preobrata\/#breadcrumb\"},\"inLanguage\":\"sl-SI\",\"potentialAction\":[{\"@type\":\"ReadAction\",\"target\":[\"https:\/\/krkavolley.si\/site\/2023\/10\/29\/na-ravnah-malo-zmanjkalo-do-popolnega-preobrata\/\"]}]},{\"@type\":\"ImageObject\",\"inLanguage\":\"sl-SI\",\"@id\":\"https:\/\/krkavolley.si\/site\/2023\/10\/29\/na-ravnah-malo-zmanjkalo-do-popolnega-preobrata\/#primaryimage\",\"url\":\"https:\/\/krkavolley.si\/site\/wp-content\/uploads\/2023\/10\/martin.jpg\",\"contentUrl\":\"https:\/\/krkavolley.si\/site\/wp-content\/uploads\/2023\/10\/martin.jpg\",\"width\":1200,\"height\":800},{\"@type\":\"BreadcrumbList\",\"@id\":\"https:\/\/krkavolley.si\/site\/2023\/10\/29\/na-ravnah-malo-zmanjkalo-do-popolnega-preobrata\/#breadcrumb\",\"itemListElement\":[{\"@type\":\"ListItem\",\"position\":1,\"name\":\"Home\",\"item\":\"https:\/\/krkavolley.si\/site\/\"},{\"@type\":\"ListItem\",\"position\":2,\"name\":\"Krka\u0161i na Ravnah prigarali to\u010dko\"}]},{\"@type\":\"WebSite\",\"@id\":\"https:\/\/krkavolley.si\/site\/#website\",\"url\":\"https:\/\/krkavolley.si\/site\/\",\"name\":\"Mo\u0161ki odbojkarski klub Krka\",\"description\":\"Novo mesto\",\"publisher\":{\"@id\":\"https:\/\/krkavolley.si\/site\/#organization\"},\"potentialAction\":[{\"@type\":\"SearchAction\",\"target\":{\"@type\":\"EntryPoint\",\"urlTemplate\":\"https:\/\/krkavolley.si\/site\/?s={search_term_string}\"},\"query-input\":{\"@type\":\"PropertyValueSpecification\",\"valueRequired\":true,\"valueName\":\"search_term_string\"}}],\"inLanguage\":\"sl-SI\"},{\"@type\":\"Organization\",\"@id\":\"https:\/\/krkavolley.si\/site\/#organization\",\"name\":\"Mo\u0161ki odbojkarski klub Krka\",\"url\":\"https:\/\/krkavolley.si\/site\/\",\"logo\":{\"@type\":\"ImageObject\",\"inLanguage\":\"sl-SI\",\"@id\":\"https:\/\/krkavolley.si\/site\/#\/schema\/logo\/image\/\",\"url\":\"https:\/\/krkavolley.si\/site\/wp-content\/uploads\/2017\/03\/mok_krka_squared.jpg\",\"contentUrl\":\"https:\/\/krkavolley.si\/site\/wp-content\/uploads\/2017\/03\/mok_krka_squared.jpg\",\"width\":500,\"height\":500,\"caption\":\"Mo\u0161ki odbojkarski klub Krka\"},\"image\":{\"@id\":\"https:\/\/krkavolley.si\/site\/#\/schema\/logo\/image\/\"},\"sameAs\":[\"https:\/\/www.facebook.com\/krkavolley\/\",\"https:\/\/www.youtube.com\/channel\/UC-9mw6XzAdOheQVW-nJxBDg\"]},{\"@type\":\"Person\",\"@id\":\"https:\/\/krkavolley.si\/site\/#\/schema\/person\/534ee01c931f76708377719fa8dba01a\",\"name\":\"mokkrka\",\"image\":{\"@type\":\"ImageObject\",\"inLanguage\":\"sl-SI\",\"@id\":\"https:\/\/krkavolley.si\/site\/#\/schema\/person\/image\/\",\"url\":\"https:\/\/secure.gravatar.com\/avatar\/47a045e234f1661f7ec6f2ebf50b4de78c561f36cd8df312c2474dc659604592?s=96&d=mm&r=g\",\"contentUrl\":\"https:\/\/secure.gravatar.com\/avatar\/47a045e234f1661f7ec6f2ebf50b4de78c561f36cd8df312c2474dc659604592?s=96&d=mm&r=g\",\"caption\":\"mokkrka\"},\"url\":\"https:\/\/krkavolley.si\/site\/author\/mokkrka\/\"}]}<\/script>\n<!-- \/ Yoast SEO plugin. -->","yoast_head_json":{"title":"Krka\u0161i na Ravnah prigarali to\u010dko - MOK Krka","robots":{"index":"index","follow":"follow","max-snippet":"max-snippet:-1","max-image-preview":"max-image-preview:large","max-video-preview":"max-video-preview:-1"},"canonical":"https:\/\/krkavolley.si\/site\/2023\/10\/29\/na-ravnah-malo-zmanjkalo-do-popolnega-preobrata\/","og_locale":"sl_SI","og_type":"article","og_title":"Krka\u0161i na Ravnah prigarali to\u010dko - MOK Krka","og_description":"Odbojkarji Krke so sino\u010di na Koro\u0161kem odigrali tekmo petega kroga prvenstva. Pomerili so se z ekipo Fu\u017einar Sij Metala, ki se je po petih odigranih nizih razveselila prve leto\u0161nje zmage.&hellip; Beri dalje...","og_url":"https:\/\/krkavolley.si\/site\/2023\/10\/29\/na-ravnah-malo-zmanjkalo-do-popolnega-preobrata\/","og_site_name":"Mo\u0161ki odbojkarski klub Krka","article_publisher":"https:\/\/www.facebook.com\/krkavolley\/","article_published_time":"2023-10-29T06:56:25+00:00","article_modified_time":"2023-10-29T07:07:43+00:00","og_image":[{"width":1200,"height":800,"url":"https:\/\/krkavolley.si\/site\/wp-content\/uploads\/2023\/10\/martin.jpg","type":"image\/jpeg"}],"author":"mokkrka","twitter_card":"summary_large_image","twitter_misc":{"Written by":"mokkrka","Est. reading time":"6 minut"},"schema":{"@context":"https:\/\/schema.org","@graph":[{"@type":"Article","@id":"https:\/\/krkavolley.si\/site\/2023\/10\/29\/na-ravnah-malo-zmanjkalo-do-popolnega-preobrata\/#article","isPartOf":{"@id":"https:\/\/krkavolley.si\/site\/2023\/10\/29\/na-ravnah-malo-zmanjkalo-do-popolnega-preobrata\/"},"author":{"name":"mokkrka","@id":"https:\/\/krkavolley.si\/site\/#\/schema\/person\/534ee01c931f76708377719fa8dba01a"},"headline":"Krka\u0161i na Ravnah prigarali to\u010dko","datePublished":"2023-10-29T06:56:25+00:00","dateModified":"2023-10-29T07:07:43+00:00","mainEntityOfPage":{"@id":"https:\/\/krkavolley.si\/site\/2023\/10\/29\/na-ravnah-malo-zmanjkalo-do-popolnega-preobrata\/"},"wordCount":1126,"publisher":{"@id":"https:\/\/krkavolley.si\/site\/#organization"},"image":{"@id":"https:\/\/krkavolley.si\/site\/2023\/10\/29\/na-ravnah-malo-zmanjkalo-do-popolnega-preobrata\/#primaryimage"},"thumbnailUrl":"https:\/\/krkavolley.si\/site\/wp-content\/uploads\/2023\/10\/martin.jpg","keywords":["fu\u017einar","ravne"],"articleSection":["2023\/2024","Sportklub prva odbojkarska liga"],"inLanguage":"sl-SI"},{"@type":"WebPage","@id":"https:\/\/krkavolley.si\/site\/2023\/10\/29\/na-ravnah-malo-zmanjkalo-do-popolnega-preobrata\/","url":"https:\/\/krkavolley.si\/site\/2023\/10\/29\/na-ravnah-malo-zmanjkalo-do-popolnega-preobrata\/","name":"Krka\u0161i na Ravnah prigarali to\u010dko - MOK Krka","isPartOf":{"@id":"https:\/\/krkavolley.si\/site\/#website"},"primaryImageOfPage":{"@id":"https:\/\/krkavolley.si\/site\/2023\/10\/29\/na-ravnah-malo-zmanjkalo-do-popolnega-preobrata\/#primaryimage"},"image":{"@id":"https:\/\/krkavolley.si\/site\/2023\/10\/29\/na-ravnah-malo-zmanjkalo-do-popolnega-preobrata\/#primaryimage"},"thumbnailUrl":"https:\/\/krkavolley.si\/site\/wp-content\/uploads\/2023\/10\/martin.jpg","datePublished":"2023-10-29T06:56:25+00:00","dateModified":"2023-10-29T07:07:43+00:00","breadcrumb":{"@id":"https:\/\/krkavolley.si\/site\/2023\/10\/29\/na-ravnah-malo-zmanjkalo-do-popolnega-preobrata\/#breadcrumb"},"inLanguage":"sl-SI","potentialAction":[{"@type":"ReadAction","target":["https:\/\/krkavolley.si\/site\/2023\/10\/29\/na-ravnah-malo-zmanjkalo-do-popolnega-preobrata\/"]}]},{"@type":"ImageObject","inLanguage":"sl-SI","@id":"https:\/\/krkavolley.si\/site\/2023\/10\/29\/na-ravnah-malo-zmanjkalo-do-popolnega-preobrata\/#primaryimage","url":"https:\/\/krkavolley.si\/site\/wp-content\/uploads\/2023\/10\/martin.jpg","contentUrl":"https:\/\/krkavolley.si\/site\/wp-content\/uploads\/2023\/10\/martin.jpg","width":1200,"height":800},{"@type":"BreadcrumbList","@id":"https:\/\/krkavolley.si\/site\/2023\/10\/29\/na-ravnah-malo-zmanjkalo-do-popolnega-preobrata\/#breadcrumb","itemListElement":[{"@type":"ListItem","position":1,"name":"Home","item":"https:\/\/krkavolley.si\/site\/"},{"@type":"ListItem","position":2,"name":"Krka\u0161i na Ravnah prigarali to\u010dko"}]},{"@type":"WebSite","@id":"https:\/\/krkavolley.si\/site\/#website","url":"https:\/\/krkavolley.si\/site\/","name":"Mo\u0161ki odbojkarski klub Krka","description":"Novo mesto","publisher":{"@id":"https:\/\/krkavolley.si\/site\/#organization"},"potentialAction":[{"@type":"SearchAction","target":{"@type":"EntryPoint","urlTemplate":"https:\/\/krkavolley.si\/site\/?s={search_term_string}"},"query-input":{"@type":"PropertyValueSpecification","valueRequired":true,"valueName":"search_term_string"}}],"inLanguage":"sl-SI"},{"@type":"Organization","@id":"https:\/\/krkavolley.si\/site\/#organization","name":"Mo\u0161ki odbojkarski klub Krka","url":"https:\/\/krkavolley.si\/site\/","logo":{"@type":"ImageObject","inLanguage":"sl-SI","@id":"https:\/\/krkavolley.si\/site\/#\/schema\/logo\/image\/","url":"https:\/\/krkavolley.si\/site\/wp-content\/uploads\/2017\/03\/mok_krka_squared.jpg","contentUrl":"https:\/\/krkavolley.si\/site\/wp-content\/uploads\/2017\/03\/mok_krka_squared.jpg","width":500,"height":500,"caption":"Mo\u0161ki odbojkarski klub Krka"},"image":{"@id":"https:\/\/krkavolley.si\/site\/#\/schema\/logo\/image\/"},"sameAs":["https:\/\/www.facebook.com\/krkavolley\/","https:\/\/www.youtube.com\/channel\/UC-9mw6XzAdOheQVW-nJxBDg"]},{"@type":"Person","@id":"https:\/\/krkavolley.si\/site\/#\/schema\/person\/534ee01c931f76708377719fa8dba01a","name":"mokkrka","image":{"@type":"ImageObject","inLanguage":"sl-SI","@id":"https:\/\/krkavolley.si\/site\/#\/schema\/person\/image\/","url":"https:\/\/secure.gravatar.com\/avatar\/47a045e234f1661f7ec6f2ebf50b4de78c561f36cd8df312c2474dc659604592?s=96&d=mm&r=g","contentUrl":"https:\/\/secure.gravatar.com\/avatar\/47a045e234f1661f7ec6f2ebf50b4de78c561f36cd8df312c2474dc659604592?s=96&d=mm&r=g","caption":"mokkrka"},"url":"https:\/\/krkavolley.si\/site\/author\/mokkrka\/"}]}},"_links":{"self":[{"href":"https:\/\/krkavolley.si\/site\/wp-json\/wp\/v2\/posts\/9666","targetHints":{"allow":["GET"]}}],"collection":[{"href":"https:\/\/krkavolley.si\/site\/wp-json\/wp\/v2\/posts"}],"about":[{"href":"https:\/\/krkavolley.si\/site\/wp-json\/wp\/v2\/types\/post"}],"author":[{"embeddable":true,"href":"https:\/\/krkavolley.si\/site\/wp-json\/wp\/v2\/users\/1"}],"replies":[{"embeddable":true,"href":"https:\/\/krkavolley.si\/site\/wp-json\/wp\/v2\/comments?post=9666"}],"version-history":[{"count":2,"href":"https:\/\/krkavolley.si\/site\/wp-json\/wp\/v2\/posts\/9666\/revisions"}],"predecessor-version":[{"id":9669,"href":"https:\/\/krkavolley.si\/site\/wp-json\/wp\/v2\/posts\/9666\/revisions\/9669"}],"wp:featuredmedia":[{"embeddable":true,"href":"https:\/\/krkavolley.si\/site\/wp-json\/wp\/v2\/media\/9667"}],"wp:attachment":[{"href":"https:\/\/krkavolley.si\/site\/wp-json\/wp\/v2\/media?parent=9666"}],"wp:term":[{"taxonomy":"category","embeddable":true,"href":"https:\/\/krkavolley.si\/site\/wp-json\/wp\/v2\/categories?post=9666"},{"taxonomy":"post_tag","embeddable":true,"href":"https:\/\/krkavolley.si\/site\/wp-json\/wp\/v2\/tags?post=9666"}],"curies":[{"name":"wp","href":"https:\/\/api.w.org\/{rel}","templated":true}]}}